{"id":19111,"date":"2024-05-28T21:37:29","date_gmt":"2024-05-28T19:37:29","guid":{"rendered":"https:\/\/insideamateurfussball-ffm.de\/?p=19111"},"modified":"2024-05-28T22:33:34","modified_gmt":"2024-05-28T20:33:34","slug":"hausen-steigt-mit-31-punkten-in-die-a-klasse-ab","status":"publish","type":"post","link":"https:\/\/insideamateurfussball-ffm.de\/?p=19111","title":{"rendered":"Hausen steigt mit 31 Punkten in die A-Klasse ab"},"content":{"rendered":"<h3>Der FV Hausen ist als Tabellenletzter mit 31 Punkten in die Kreisliga A abgestiegen. Der 3:2-Sieg bei Germania 94 war nutzlos, da zeitgleich der Hausener Konkurrent SG Westend mit 10:1 bei TuS Makkabi gewann und damit die Relegation erreichte.<\/h3>\n<figure id=\"attachment_19112\" aria-describedby=\"caption-attachment-19112\" style=\"width: 999px\" class=\"wp-caption alignnone\"><img loading=\"lazy\" decoding=\"async\" class=\"wp-image-19112 size-full\" src=\"http:\/\/insideamateurfussball-ffm.de\/wp-content\/uploads\/2024\/05\/DSC_5916-1.jpg\" alt=\"\" width=\"999\" height=\"749\" srcset=\"https:\/\/insideamateurfussball-ffm.de\/wp-content\/uploads\/2024\/05\/DSC_5916-1.jpg 999w, https:\/\/insideamateurfussball-ffm.de\/wp-content\/uploads\/2024\/05\/DSC_5916-1-300x225.jpg 300w, https:\/\/insideamateurfussball-ffm.de\/wp-content\/uploads\/2024\/05\/DSC_5916-1-768x576.jpg 768w\" sizes=\"auto, (max-width: 999px) 100vw, 999px\" \/><figcaption id=\"caption-attachment-19112\" class=\"wp-caption-text\">Die Lila-Wei\u00dfen steigen in die A-Klasse ab. Foto: Archiv J\u00f6rg Schulz.<\/figcaption><\/figure>\n<h3>VfL Germania 94 &#8211; FV Hausen 2:3 (1:1)<\/h3>\n<p><img loading=\"lazy\" decoding=\"async\" class=\"alignnone size-full wp-image-11577\" src=\"http:\/\/insideamateurfussball-ffm.de\/wp-content\/uploads\/2023\/08\/Germania-94.jpg\" alt=\"\" width=\"80\" height=\"80\" \/><img loading=\"lazy\" decoding=\"async\" class=\"alignnone size-full wp-image-12700\" src=\"http:\/\/insideamateurfussball-ffm.de\/wp-content\/uploads\/2023\/09\/Hausen.jpg\" alt=\"\" width=\"80\" height=\"60\" \/><\/p>\n<p>F\u00fcr Germania 94 endete die Saison mit Platz drei und dem Abschied von Trainer Hasan Basci: &#8222;Zum Spiel gibts nicht viel zu sagen. Der Sieg von Hausen geht in Ordnung. Beide Mannschaften haben die zweite Halbzeit einen Gang runter geschaltet. Hausen wusste wie es bei Westend stand. Wir hatte auch keinen Willen mehr zu gewinnen. Ich w\u00fcnsche beiden Mannschaften viel Gl\u00fcck und Erfolg in der neuen Saison. F\u00fcr mich waren die fast drei Jahre hier sehr anstrengend. Es war gleichzeitig eine Freude, die Germania zu trainieren.&#8220; Bei den G\u00e4sten musste man f\u00fcnf Jahre nach dem Gruppenliga-Abstieg nun den Absturz in die A-Klasse hinnehmen. Tobias Neugebauer und Anas Bakkali auf dem Feld sowie der Sportliche Leiter Peter Dzwonkiwskj als helfende Hand an der Au\u00dfennlinie, wussten dass der FVH die Rettung nicht mehr in der eigenen Hand hatte.<\/p>\n<p>&#8222;Wir wollten im letzten Spiel unbedingt unsere Hausaufgaben erledigen und drei Punkte holen, obwohl wir wussten, dass es f\u00fcr Makkabi gegen Westend h\u00f6chstwahrscheinlich nichts zu holen gibt. Zur 1:10-Heimniederlage von Makkabi m\u00f6chte ich auch gar nichts weiter sagen&#8220;, erkl\u00e4rte Neugebauer. Die Germania 94 erschien erst 20 Minuten vor dem Anpfiff zum Aufw\u00e4rmen. &#8222;Trotzdem mussten wir vor allem im ersten Durchgang richtig leiden gegen einen spielstarken Gegner, der mit voller Kapelle am letzten Spieltag angetreten ist&#8220;, schilderte Neugebauer. &#8222;Wir sind dreimal in F\u00fchrung gegangen und haben auch schlussendlich verdient gewonnen, da wir \u00fcber 90 Minuten disziplinierter und geschlossener aufgetreten sind und auch ein Chancenplus zu verzeichnen hatten&#8220;, erkl\u00e4rte der Abwehrchef, die Hausener Leitfigur.<\/p>\n<blockquote>\n<h3><span style=\"text-decoration: underline;\">&#8222;Es h\u00e4tte aber da bereits 3:3 stehen k\u00f6nnen, da beide Mannschaften immer wieder in die gef\u00e4hrliche Zone kamen&#8220; (Hausens Interimscoach Tobias Neugebauer)<\/span><\/h3>\n<\/blockquote>\n<p>Er hatte das 1:0 der G\u00e4ste mit einem Chipball \u00fcber die gegnerische Abwehr eingeleitet, Simon Kutt vollendete (10.). Durch eine gute Kombination glich die Germania nach einer guten Kombination durch Dominik Curkovic aus (41.). &#8222;Es h\u00e4tte aber da bereits 3:3 stehen k\u00f6nnen, da beide Mannschaften immer wieder in die gef\u00e4hrliche Zone kamen&#8220;, so Neugebauer. Nach dem Seitenwechsel war es eine Joker-Kombination der G\u00e4ste, die das 2:1 brachte. Kadir \u00d6zen bediente Mark Scherpf mit einer Flanke, der per Kopfball traf (51.). Zw\u00f6lf Minuten sp\u00e4ter glich die Germania wieder durch einen Flachschuss von Asmir Hajdarovic aus (63.). Nach einer Ecke von Steffen Pinto de Sousa k\u00f6pfte Neugebauer die Hausener zum vorerst letzten KOL-Sieg (65.). Germanias Hajdarovic erhielt eine Zeitstrafe (78.).<\/p>\n<p>&#8222;Leider haben wir durch eigenes Unverm\u00f6gen und einen starken Heimtorh\u00fcter es verpasst, fr\u00fchzeitig das Spiel zu entscheiden, sodass wir bis zum Schlusspfiff um den Ausw\u00e4rtssieg bangen mussten. In der zweiten Halbzeit war bei der Germania schon ein deutlicher Spannungsabfall zu erkennen, die nur noch halbherzig zur\u00fcckliefen und uns einige hochkar\u00e4tige Torchancen boten, die wir aber leichtfertig versemmelten&#8220;, so Neugebauer. Den Abstieg kommentierte der Ur-Hausener derweil n\u00fcchtern: &#8222;Alles in allem kann man sich aber wegen des Abstiegs nicht beschweren, wenn man 19 von 32 Meisterschaftsspiele verliert, in der Kreisoberliga einen Tore-Schnitt von unter zwei erzielten Toren pro Spiel aufweist und die zweitschlechteste Defensive der Liga stellt.&#8220;<\/p>\n<h3><span style=\"text-decoration: underline;\">Schiedsrichter: Peyman Abnos (SV Wiesbaden). Zuschauer: 45. <\/span><\/h3>\n<h3><span style=\"text-decoration: underline;\">Tore: 0:1 Simon Kutt (10.), 1:1 Dominik Curkovic (41.), 1:2 Mark Scherpf (51.), 2:2 Asmir Hajdarovic (63.), 2:3 Tobias Neugebauer (65.).<\/span><\/h3>\n","protected":false},"excerpt":{"rendered":"<p>Der FV Hausen ist als Tabellenletzter mit 31 Punkten in die Kreisliga A abgestiegen. Der 3:2-Sieg bei Germania 94 war nutzlos, da zeitgleich der Hausener Konkurrent SG Westend mit 10:1 bei TuS Makkabi gewann und damit die Relegation erreichte. VfL Germania 94 &#8211; FV Hausen 2:3 (1:1) F\u00fcr Germania 94 endete die Saison mit Platz [&hellip;]<\/p>\n","protected":false},"author":1,"featured_media":19112,"comment_status":"open","ping_status":"open","sticky":true,"template":"","format":"standard","meta":{"footnotes":""},"categories":[2],"tags":[],"class_list":["post-19111","post","type-post","status-publish","format-standard","has-post-thumbnail","hentry","category-kreisoberliga-frankfurt"],"_links":{"self":[{"href":"https:\/\/insideamateurfussball-ffm.de\/index.php?rest_route=\/wp\/v2\/posts\/19111","targetHints":{"allow":["GET"]}}],"collection":[{"href":"https:\/\/insideamateurfussball-ffm.de\/index.php?rest_route=\/wp\/v2\/posts"}],"about":[{"href":"https:\/\/insideamateurfussball-ffm.de\/index.php?rest_route=\/wp\/v2\/types\/post"}],"author":[{"embeddable":true,"href":"https:\/\/insideamateurfussball-ffm.de\/index.php?rest_route=\/wp\/v2\/users\/1"}],"replies":[{"embeddable":true,"href":"https:\/\/insideamateurfussball-ffm.de\/index.php?rest_route=%2Fwp%2Fv2%2Fcomments&post=19111"}],"version-history":[{"count":3,"href":"https:\/\/insideamateurfussball-ffm.de\/index.php?rest_route=\/wp\/v2\/posts\/19111\/revisions"}],"predecessor-version":[{"id":19121,"href":"https:\/\/insideamateurfussball-ffm.de\/index.php?rest_route=\/wp\/v2\/posts\/19111\/revisions\/19121"}],"wp:featuredmedia":[{"embeddable":true,"href":"https:\/\/insideamateurfussball-ffm.de\/index.php?rest_route=\/wp\/v2\/media\/19112"}],"wp:attachment":[{"href":"https:\/\/insideamateurfussball-ffm.de\/index.php?rest_route=%2Fwp%2Fv2%2Fmedia&parent=19111"}],"wp:term":[{"taxonomy":"category","embeddable":true,"href":"https:\/\/insideamateurfussball-ffm.de\/index.php?rest_route=%2Fwp%2Fv2%2Fcategories&post=19111"},{"taxonomy":"post_tag","embeddable":true,"href":"https:\/\/insideamateurfussball-ffm.de\/index.php?rest_route=%2Fwp%2Fv2%2Ftags&post=19111"}],"curies":[{"name":"wp","href":"https:\/\/api.w.org\/{rel}","templated":true}]}}