{"id":19108,"date":"2024-05-28T20:37:23","date_gmt":"2024-05-28T18:37:23","guid":{"rendered":"https:\/\/insideamateurfussball-ffm.de\/?p=19108"},"modified":"2024-05-28T22:35:17","modified_gmt":"2024-05-28T20:35:17","slug":"griesheims-gewinnt-freundlichen-sommerkick","status":"publish","type":"post","link":"https:\/\/insideamateurfussball-ffm.de\/?p=19108","title":{"rendered":"Griesheim gewinnt &#8222;freundlichen Sommerkick&#8220;"},"content":{"rendered":"<h3>Auch an der Eichenstra\u00dfe ging es um nichts mehr. Die Spvgg. 02 Griesheim gewann mit 2:1 gegen den FC Gudesding. Die Gastgeber belegen in der Abschlusstabelle Rang 13, die G\u00e4ste aus dem Ostpark liefen auf Rang elf auf.<\/h3>\n<figure id=\"attachment_19109\" aria-describedby=\"caption-attachment-19109\" style=\"width: 640px\" class=\"wp-caption alignright\"><img loading=\"lazy\" decoding=\"async\" class=\"wp-image-19109 size-large\" src=\"http:\/\/insideamateurfussball-ffm.de\/wp-content\/uploads\/2024\/05\/west7-8-1024x688.jpg\" alt=\"\" width=\"640\" height=\"430\" srcset=\"https:\/\/insideamateurfussball-ffm.de\/wp-content\/uploads\/2024\/05\/west7-8-1024x688.jpg 1024w, https:\/\/insideamateurfussball-ffm.de\/wp-content\/uploads\/2024\/05\/west7-8-300x202.jpg 300w, https:\/\/insideamateurfussball-ffm.de\/wp-content\/uploads\/2024\/05\/west7-8-768x516.jpg 768w, https:\/\/insideamateurfussball-ffm.de\/wp-content\/uploads\/2024\/05\/west7-8.jpg 1115w\" sizes=\"auto, (max-width: 640px) 100vw, 640px\" \/><figcaption id=\"caption-attachment-19109\" class=\"wp-caption-text\">Griesheims Trainer Erc\u00fcment Sahin kam als Feldspieler zum Einsatz. Foto: Archiv Mithat G\u00fcrser.<\/figcaption><\/figure>\n<h3>Spvgg. 02 Griesheim &#8211; FC Gudesding 2:1 (1:0)<\/h3>\n<p><img loading=\"lazy\" decoding=\"async\" class=\"alignnone size-full wp-image-287\" src=\"http:\/\/insideamateurfussball-ffm.de\/wp-content\/uploads\/2022\/05\/SpVgg._02_Griesheim_02.jpg\" alt=\"\" width=\"100\" height=\"100\" \/><img loading=\"lazy\" decoding=\"async\" class=\"alignnone size-full wp-image-10\" src=\"http:\/\/insideamateurfussball-ffm.de\/wp-content\/uploads\/2021\/11\/Gudesding.jpg\" alt=\"\" width=\"64\" height=\"80\" \/><\/p>\n<p>Griesheims Trainer Erc\u00fcment Sahin hatte ein &#8222;ruhiges und entspanntes Spiel&#8220; gesehen.<\/p>\n<p>&#8222;Ich habe mich zum Schluss auch noch als Feldspieler eingewechselt&#8220;, sagte der gelernte Torh\u00fcter.<\/p>\n<h3><span style=\"text-decoration: underline;\">Daniel Peter gleicht zum 1:1 aus<\/span><\/h3>\n<p>&#8222;Ich wollte unbedingt mit den Jungs Seite an Seite die Saison beenden, wie wir die R\u00fcckrunde angefangen hatten.&#8220; Nach einer Ecke k\u00f6pfte Isaac Ameyaw am langen Pfosten ein (10.). Nach dem Seitenwechsel glich Daniel Peter f\u00fcr Gudesding per Kopfball aus (66.). Nach Sahins Einwechslung fiel der Siegtreffer Griesheims nach einer Ecke durch einen Abpraller von Enver Kelmendi (84.).<\/p>\n<p>&#8222;Es ging um nichts mehr, aber wir konnten gegen einen guten und eingespielten Gegner Formation und Spieler testen&#8220;, so Sahin. Gudesdings Vorsitzender Rainer Weiss sagte zum Spiel: &#8222;Ein freundlicher Sommerkick. Griesheim war einen Tick besser. Ich bin froh, dass diese Saison vorbei ist.&#8220;<\/p>\n<h3><span style=\"text-decoration: underline;\">Schiedsrichter: Mike Kantz (TV Idstein). Zuschauer: 80. <\/span><\/h3>\n<h3><span style=\"text-decoration: underline;\">Tore: 1:0 Isaac Ameyaw (10.), 1:1 Daniel Peter (66.), 2:1 Enver Kelmendi (84.).<\/span><\/h3>\n","protected":false},"excerpt":{"rendered":"<p>Auch an der Eichenstra\u00dfe ging es um nichts mehr. Die Spvgg. 02 Griesheim gewann mit 2:1 gegen den FC Gudesding. Die Gastgeber belegen in der Abschlusstabelle Rang 13, die G\u00e4ste aus dem Ostpark liefen auf Rang elf auf. Spvgg. 02 Griesheim &#8211; FC Gudesding 2:1 (1:0) Griesheims Trainer Erc\u00fcment Sahin hatte ein &#8222;ruhiges und entspanntes [&hellip;]<\/p>\n","protected":false},"author":1,"featured_media":19109,"comment_status":"open","ping_status":"open","sticky":true,"template":"","format":"standard","meta":{"footnotes":""},"categories":[2],"tags":[],"class_list":["post-19108","post","type-post","status-publish","format-standard","has-post-thumbnail","hentry","category-kreisoberliga-frankfurt"],"_links":{"self":[{"href":"https:\/\/insideamateurfussball-ffm.de\/index.php?rest_route=\/wp\/v2\/posts\/19108","targetHints":{"allow":["GET"]}}],"collection":[{"href":"https:\/\/insideamateurfussball-ffm.de\/index.php?rest_route=\/wp\/v2\/posts"}],"about":[{"href":"https:\/\/insideamateurfussball-ffm.de\/index.php?rest_route=\/wp\/v2\/types\/post"}],"author":[{"embeddable":true,"href":"https:\/\/insideamateurfussball-ffm.de\/index.php?rest_route=\/wp\/v2\/users\/1"}],"replies":[{"embeddable":true,"href":"https:\/\/insideamateurfussball-ffm.de\/index.php?rest_route=%2Fwp%2Fv2%2Fcomments&post=19108"}],"version-history":[{"count":2,"href":"https:\/\/insideamateurfussball-ffm.de\/index.php?rest_route=\/wp\/v2\/posts\/19108\/revisions"}],"predecessor-version":[{"id":19122,"href":"https:\/\/insideamateurfussball-ffm.de\/index.php?rest_route=\/wp\/v2\/posts\/19108\/revisions\/19122"}],"wp:featuredmedia":[{"embeddable":true,"href":"https:\/\/insideamateurfussball-ffm.de\/index.php?rest_route=\/wp\/v2\/media\/19109"}],"wp:attachment":[{"href":"https:\/\/insideamateurfussball-ffm.de\/index.php?rest_route=%2Fwp%2Fv2%2Fmedia&parent=19108"}],"wp:term":[{"taxonomy":"category","embeddable":true,"href":"https:\/\/insideamateurfussball-ffm.de\/index.php?rest_route=%2Fwp%2Fv2%2Fcategories&post=19108"},{"taxonomy":"post_tag","embeddable":true,"href":"https:\/\/insideamateurfussball-ffm.de\/index.php?rest_route=%2Fwp%2Fv2%2Ftags&post=19108"}],"curies":[{"name":"wp","href":"https:\/\/api.w.org\/{rel}","templated":true}]}}