{"id":19102,"date":"2024-05-28T19:34:51","date_gmt":"2024-05-28T17:34:51","guid":{"rendered":"https:\/\/insideamateurfussball-ffm.de\/?p=19102"},"modified":"2024-05-28T19:34:51","modified_gmt":"2024-05-28T17:34:51","slug":"siegels-emotionaler-abschied-nach-12-jahren","status":"publish","type":"post","link":"https:\/\/insideamateurfussball-ffm.de\/?p=19102","title":{"rendered":"Siegels emotionaler Abschied nach 12 Jahren"},"content":{"rendered":"<h3>Philipp Siegel, der die Entwicklung des SV 07 Heddernheim als Galionsfigur der letzten 12 Jahre gepr\u00e4gt hat und in der Kreisoberliga seine Spuren hinterl\u00e4sst, ist im Rahmen einer emotionsreichen Abschlussfeier am Sonntag geb\u00fchrend verabschiedet worden. Es flossen einige Tr\u00e4nen, Spieler und Anh\u00e4nger des SVH lie\u00dfen &#8222;Pipo&#8220; mit Ges\u00e4ngen wie &#8222;Einen Philipp Siegel, es gibt nur einen Philipp Siegel&#8220; hochleben. Wir haben ihm noch ein paar Fragen gestellt.\u00a0<\/h3>\n<figure id=\"attachment_19103\" aria-describedby=\"caption-attachment-19103\" style=\"width: 640px\" class=\"wp-caption alignright\"><img loading=\"lazy\" decoding=\"async\" class=\"wp-image-19103 size-large\" src=\"http:\/\/insideamateurfussball-ffm.de\/wp-content\/uploads\/2024\/05\/12-Jahre-1024x576.jpg\" alt=\"\" width=\"640\" height=\"360\" srcset=\"https:\/\/insideamateurfussball-ffm.de\/wp-content\/uploads\/2024\/05\/12-Jahre-1024x576.jpg 1024w, https:\/\/insideamateurfussball-ffm.de\/wp-content\/uploads\/2024\/05\/12-Jahre-300x169.jpg 300w, https:\/\/insideamateurfussball-ffm.de\/wp-content\/uploads\/2024\/05\/12-Jahre-768x432.jpg 768w, https:\/\/insideamateurfussball-ffm.de\/wp-content\/uploads\/2024\/05\/12-Jahre-1536x864.jpg 1536w, https:\/\/insideamateurfussball-ffm.de\/wp-content\/uploads\/2024\/05\/12-Jahre.jpg 2040w\" sizes=\"auto, (max-width: 640px) 100vw, 640px\" \/><figcaption id=\"caption-attachment-19103\" class=\"wp-caption-text\">Der Heddernheimer Spielausschuss-Chef Klaus Schleicher \u00fcberreicht Philipp Siegel das Sondertrikot &#8222;12 Jahre&#8220;. Foto: PA.\u00a0\u00a0<\/figcaption><\/figure>\n<p><img loading=\"lazy\" decoding=\"async\" class=\"alignnone size-full wp-image-302\" src=\"http:\/\/insideamateurfussball-ffm.de\/wp-content\/uploads\/2022\/05\/1sv07_news2_4511-1.jpg\" alt=\"\" width=\"80\" height=\"80\" \/><\/p>\n<h3><span style=\"text-decoration: underline;\">Als Du vor 12 Jahren aus Niederursel gekommen bist, h\u00e4ttest du gedacht, dass Du bis 2024 bleibst?\u00a0<\/span><\/h3>\n<p>Mein Onkel Torsten Hertz begann 2011 in Heddernheim als Trainer, ich kam erst ein Jahr sp\u00e4ter. 2012 habe ich so weit als junger Spieler gar nicht gedacht.\u00a0<\/p>\n<h3><span style=\"text-decoration: underline;\">Du hast mit Torsten Hertz, Harry Lenk, Andreas Ludwig und Andreas Berggold nur vier Cheftrainer erlebt und mit dem Abstieg 2017 den Tiefpunkt erlebt, dann aber 2018 mit dem direkten Wiederaufstieg und dem 3. Platz in der KOL 2019 auch H\u00f6hepunkte gehabt.\u00a0<\/span><\/h3>\n<p>Allen vier Trainern bin ich dankbar, alle hatten gewissen Einfluss, auch wenn ein Harry Lenk nur drei Monate hier war. Der Abstieg war sehr hart, aber verdient. Der direkte Wiederaufstieg mit der Rekordzahl von 87 Punkten war megageil mit der der Abschlussfahrt der Classics nach Mallorca. Die Runde 18\/19, wo wir Dritter waren und noch mal h\u00e4tten aufsteigen k\u00f6nnen. Der Verein geh\u00f6rt aber in die Kreisoberliga mit seinen bescheidenen Mitteln.\u00a0<\/p>\n<h3><span style=\"text-decoration: underline;\">Du gehst zur\u00fcck nach Niederursel. Werden wir Dich hier wiedersehen als Zuschauer oder in anderer Funktion?\u00a0<\/span><\/h3>\n<p>Ich habe nur f\u00fcr Niederursel und Heddernheim gespielt. Jetzt schlie\u00dft sich der Kreis, dort kann ich mit vielen Freunden und Bekannten spielen. Je \u00e4lter man wird, desto mehr tut alles weh. Mit 35 muss man sich eingestehen, dass es dann irgendwann nicht mehr reicht.\u00a0<\/p>\n<h3><span style=\"text-decoration: underline;\">Wem gilt dein besonderer Dank in 12 Jahren SV 07 Heddernheim?<\/span><\/h3>\n<p>Ich m\u00f6chte Dir (Pedro) f\u00fcr deine Berichterstattung f\u00fcr die KOL, auch \u00fcberregional, f\u00fcr deinen Einsatz f\u00fcr den Amateurfu\u00dfball danken. Ferner m\u00f6chte ich Klaus Schleicher erw\u00e4hnen, ein ganz wichtiger Mann f\u00fcr den Seniorenbereich in Heddernheim. Dann unserem Pr\u00e4sidenten Jonny Hahn, der viel f\u00fcr die Gemeinschaft tut. Und Trainer Andreas Berggold, der uns schon \u00fcber sieben Jahre begleitet hat.\u00a0<\/p>\n\n\n<figure class=\"wp-block-image size-large is-style-default\"><img loading=\"lazy\" decoding=\"async\" width=\"1024\" height=\"576\" src=\"https:\/\/insideamateurfussball-ffm.de\/wp-content\/uploads\/2024\/05\/Pipo-1024x576.jpg\" alt=\"\" class=\"wp-image-19104\" srcset=\"https:\/\/insideamateurfussball-ffm.de\/wp-content\/uploads\/2024\/05\/Pipo-1024x576.jpg 1024w, https:\/\/insideamateurfussball-ffm.de\/wp-content\/uploads\/2024\/05\/Pipo-300x169.jpg 300w, https:\/\/insideamateurfussball-ffm.de\/wp-content\/uploads\/2024\/05\/Pipo-768x432.jpg 768w, https:\/\/insideamateurfussball-ffm.de\/wp-content\/uploads\/2024\/05\/Pipo-1536x864.jpg 1536w, https:\/\/insideamateurfussball-ffm.de\/wp-content\/uploads\/2024\/05\/Pipo.jpg 2040w\" sizes=\"auto, (max-width: 1024px) 100vw, 1024px\" \/><\/figure>\n","protected":false},"excerpt":{"rendered":"<p>Philipp Siegel, der die Entwicklung des SV 07 Heddernheim als Galionsfigur der letzten 12 Jahre gepr\u00e4gt hat und in der Kreisoberliga seine Spuren hinterl\u00e4sst, ist im Rahmen einer emotionsreichen Abschlussfeier am Sonntag geb\u00fchrend verabschiedet worden. Es flossen einige Tr\u00e4nen, Spieler und Anh\u00e4nger des SVH lie\u00dfen &#8222;Pipo&#8220; mit Ges\u00e4ngen wie &#8222;Einen Philipp Siegel, es gibt nur [&hellip;]<\/p>\n","protected":false},"author":1,"featured_media":19103,"comment_status":"open","ping_status":"open","sticky":true,"template":"","format":"standard","meta":{"footnotes":""},"categories":[2],"tags":[],"class_list":["post-19102","post","type-post","status-publish","format-standard","has-post-thumbnail","hentry","category-kreisoberliga-frankfurt"],"_links":{"self":[{"href":"https:\/\/insideamateurfussball-ffm.de\/index.php?rest_route=\/wp\/v2\/posts\/19102","targetHints":{"allow":["GET"]}}],"collection":[{"href":"https:\/\/insideamateurfussball-ffm.de\/index.php?rest_route=\/wp\/v2\/posts"}],"about":[{"href":"https:\/\/insideamateurfussball-ffm.de\/index.php?rest_route=\/wp\/v2\/types\/post"}],"author":[{"embeddable":true,"href":"https:\/\/insideamateurfussball-ffm.de\/index.php?rest_route=\/wp\/v2\/users\/1"}],"replies":[{"embeddable":true,"href":"https:\/\/insideamateurfussball-ffm.de\/index.php?rest_route=%2Fwp%2Fv2%2Fcomments&post=19102"}],"version-history":[{"count":1,"href":"https:\/\/insideamateurfussball-ffm.de\/index.php?rest_route=\/wp\/v2\/posts\/19102\/revisions"}],"predecessor-version":[{"id":19105,"href":"https:\/\/insideamateurfussball-ffm.de\/index.php?rest_route=\/wp\/v2\/posts\/19102\/revisions\/19105"}],"wp:featuredmedia":[{"embeddable":true,"href":"https:\/\/insideamateurfussball-ffm.de\/index.php?rest_route=\/wp\/v2\/media\/19103"}],"wp:attachment":[{"href":"https:\/\/insideamateurfussball-ffm.de\/index.php?rest_route=%2Fwp%2Fv2%2Fmedia&parent=19102"}],"wp:term":[{"taxonomy":"category","embeddable":true,"href":"https:\/\/insideamateurfussball-ffm.de\/index.php?rest_route=%2Fwp%2Fv2%2Fcategories&post=19102"},{"taxonomy":"post_tag","embeddable":true,"href":"https:\/\/insideamateurfussball-ffm.de\/index.php?rest_route=%2Fwp%2Fv2%2Ftags&post=19102"}],"curies":[{"name":"wp","href":"https:\/\/api.w.org\/{rel}","templated":true}]}}