{"id":19089,"date":"2024-05-27T22:45:21","date_gmt":"2024-05-27T20:45:21","guid":{"rendered":"https:\/\/insideamateurfussball-ffm.de\/?p=19089"},"modified":"2024-05-27T22:54:50","modified_gmt":"2024-05-27T20:54:50","slug":"freisinger-vermiest-siegels-abschied","status":"publish","type":"post","link":"https:\/\/insideamateurfussball-ffm.de\/?p=19089","title":{"rendered":"134. Tor zu Siegels Abschied"},"content":{"rendered":"<h3>Der SV 07 Heddernheim hat am letzten Spieltag gegen die SG Bornheim\/Gr\u00fcn-Wei\u00df II mit 2:3 (1:0) verloren. Die bereits um 13 Uhr begonnene bedeutungslose Partie stand im Zeichen des Abschiedes von Kapit\u00e4n Philipp Siegel, der nach zw\u00f6lf Jahren SV 07 zu seinem Heimatverein SV Niederursel wechselt. Auch Bsrat Tesfay wurde nach sieben Jahren verabschiedet.\u00a0<\/h3>\n<figure id=\"attachment_19090\" aria-describedby=\"caption-attachment-19090\" style=\"width: 640px\" class=\"wp-caption alignright\"><img loading=\"lazy\" decoding=\"async\" class=\"wp-image-19090 size-large\" src=\"http:\/\/insideamateurfussball-ffm.de\/wp-content\/uploads\/2024\/05\/Born-Siegel-1024x577.jpg\" alt=\"\" width=\"640\" height=\"361\" srcset=\"https:\/\/insideamateurfussball-ffm.de\/wp-content\/uploads\/2024\/05\/Born-Siegel-1024x577.jpg 1024w, https:\/\/insideamateurfussball-ffm.de\/wp-content\/uploads\/2024\/05\/Born-Siegel-300x169.jpg 300w, https:\/\/insideamateurfussball-ffm.de\/wp-content\/uploads\/2024\/05\/Born-Siegel-768x432.jpg 768w, https:\/\/insideamateurfussball-ffm.de\/wp-content\/uploads\/2024\/05\/Born-Siegel-1536x865.jpg 1536w, https:\/\/insideamateurfussball-ffm.de\/wp-content\/uploads\/2024\/05\/Born-Siegel.jpg 2048w\" sizes=\"auto, (max-width: 640px) 100vw, 640px\" \/><figcaption id=\"caption-attachment-19090\" class=\"wp-caption-text\">Bornheims Kapit\u00e4n Sinan Marti wird von seinem Heddernheimer Pendant Philipp Siegel verfolgt. Foto: PA.<\/figcaption><\/figure>\n<h3>SV 07 Heddernheim &#8211; SG Bornheim\/Gr\u00fcn-Wei\u00df II 2:3 (1:0)<\/h3>\n<p><img loading=\"lazy\" decoding=\"async\" class=\"alignnone size-full wp-image-302\" src=\"http:\/\/insideamateurfussball-ffm.de\/wp-content\/uploads\/2022\/05\/1sv07_news2_4511-1.jpg\" alt=\"\" width=\"80\" height=\"80\" \/><img loading=\"lazy\" decoding=\"async\" class=\"alignnone size-full wp-image-119\" src=\"http:\/\/insideamateurfussball-ffm.de\/wp-content\/uploads\/2022\/05\/Bornheim.jpg\" alt=\"\" width=\"80\" height=\"80\" \/><\/p>\n<p>2012 aus Niederursel gekommen, avancierte Siegel schon fr\u00fch w\u00e4hrend der zw\u00f6lf Jahre im Gr\u00fcn-Wei\u00dfen Dress zur absoluten Leitfigur und zum Aush\u00e4ngeschild der Heddernheimer auf und neben dem Platz. In seinem 334. Pflichtspiel markierte der 35-j\u00e4hrige seinen 134. Treffer, 59 davon waren Elfmeter, seine Spezialit\u00e4t. Im letzten Spiel agierte er fast schon als St\u00fcrmer, da die Heddernheimer ohne die Angreifer Oliver Solarz und Marcus Kreckel agierten und auch so eine Rumpfelf aufboten. Aber auch die G\u00e4ste brachten verdiente Leute wie Sinan Marti, die k\u00fcnftig den Weg nicht mehr mitgehen werden.<\/p>\n<p>Zum Spiel: Der Gast hatte mit Nemanja Petos einen Lattenschuss zu verzeichnen, nach der Trinkpause war es Serdar Birhimeoglu, der einen langen Einwurf von Fabian Schubert eink\u00f6pfte (27.). Eine Viertelstunde sp\u00e4ter verpasste der &#8222;B\u00fcffel&#8220; nach einer guten Aktion und einem Doppelpass den zweiten Treffer. Nach dem Seitenwechsel wieder langer Einwurf Schubert und Siegel k\u00f6pfte zum 2:0 ein (49.). Auf der anderen Seite verk\u00fcrzte Marti nach einem Freisto\u00df aus dem Strafraum heraus zum 2:1 (51.). Bornheim II blieb befl\u00fcgelt vom Klassenerhalt dran und glich auf Zuspiel von Dariush Salashoor durch St\u00fcrmer Jan Freisinger aus (75.). Deniz Yatci hatte mit seinem Schuss an die Latte das letzte Siegerfoto auf dem Fu\u00df (85.), doch es kam anders. Freisinger brachte Bornheim in der Nachspielzeit nach vorne (90.\/+2), Heddernheims Berke Cadir verpasste kl\u00e4glich den Ausgleich (90.\/+3). Die Abschlussfeier, zu der auch die fair spielende Bornheimer Mannschaft eingeladen war, brachte dann den emotionsreichen Abschied von Siegel nahe.<\/p>\n<h3><span style=\"text-decoration: underline;\">&#8222;Danach haben wir den Faden verloren&#8220; (SVH-Trainer Andreas Berggold)<\/span><\/h3>\n<p>Der SV Heddernheim wird wohl erst ab 1. Juli merken, dass der gro\u00dfe Kapit\u00e4n nicht mehr dabei ist. SVH-Trainer Andreas Berggold meinte: &#8222;Die 2:0-F\u00fchrung war okay mit dieser neu besetzten Mannschaft. Danach haben wir den Faden verloren und Bornheim kam besser ins Spiel, wir haben aber wieder die letzte Konsequenz in der Abwehr vermissen lassen. Unser Fokus lag aber auf dem letzten Spiel unserer Legende Pipo (Spitzname Siegels, Anm. der Redaktion), trotz der Niederlage war es ein sch\u00f6ner Abgang. Der Verein hat mit Rang acht und 43 Punkten eine gute Runde gespielt.&#8220; Berggold berichtete von &#8222;einigen geflossenen Tr\u00e4nen, es war sehr emotional. Er wird in allen Belangen fehlen, auf dem Platz aber auch daneben mit seiner Pr\u00e4senz, seinem Engagement. Es wird hart ohne ihn, aber ab jetzt m\u00fcssen andere Leute in die Bresche springen. Mit wird er nat\u00fcrlich auch fehlen, er war ein 1A-Kapit\u00e4n, ein Vorbild. Wir hoffen, ihn bei unseren Spielen als Zuschauer zu sehen. Wir sind sehr traurig.&#8220;<\/p>\n<p>Lucas Milbredt aus dem Bornheimer Trainerteam sagte: &#8222;Wir sind nat\u00fcrlich sehr gl\u00fccklich, dass wir den dritten Sieg in Folge nach dem 0:2-R\u00fcckstand geholt haben. Es war ein gutes Spiel, daf\u00fcr dass es um nichts mehr ging. Wir haben die eine Chance mehr genutzt, deswegen ein gl\u00fccklicher Sieg.&#8220; Mit Platz 12 endet die Bornheimer Saison vers\u00f6hnlich: &#8222;Nach der \u00fcberragenden Vorsaison mit der Aufstiegsrunde war die aktuelle Runde entt\u00e4uschend. Wir sind froh, dass wir die Klasse gehalten haben. Diese Saison war deutlich unter unserem Niveau, da hat vieles nicht gepasst.&#8220; Auch Milbredt richtete Worte an Siegel: &#8222;Eine gro\u00dfe W\u00fcrdigung von unserer Seite. Es ist eine Seltenheit, dass es solche Spieler noch gibt. Bei uns ist das Kevin Hofacker, der auch schon viele Jahre dabei ist. Schade, dass sich so ein Mann wie Siegel zur\u00fcckzieht aus dem Verein. Er hat aber in der KOL und in Heddernheim seine Spuren hinterlassen, ich w\u00fcnsche ihm alles Gute. Mein Respekt f\u00fcr seine Leistungen und seine Menschlichkeit.&#8220;\u00a0<\/p>\n<h3><span style=\"text-decoration: underline;\">Schiedsrichter: Frank Lezius (TSG Wehrheim). Zuschauer: 120. <\/span><\/h3>\n<h3><span style=\"text-decoration: underline;\">Tore: 1:0 Serdar Birhimeoglu (27.), 2:0 Philipp Siegel (49.), 2:1 Sinan Marti (51.), 2:2, 2:3 Jan Freisinger (75.\/90.+2). <\/span><\/h3>\n<h3><span style=\"text-decoration: underline;\">Bilder:\u00a0<\/span><\/h3>\n\n\n<figure class=\"wp-block-image size-large is-style-default\"><img loading=\"lazy\" decoding=\"async\" width=\"1024\" height=\"577\" src=\"https:\/\/insideamateurfussball-ffm.de\/wp-content\/uploads\/2024\/05\/hb1-1024x577.jpg\" alt=\"\" class=\"wp-image-19091\" srcset=\"https:\/\/insideamateurfussball-ffm.de\/wp-content\/uploads\/2024\/05\/hb1-1024x577.jpg 1024w, https:\/\/insideamateurfussball-ffm.de\/wp-content\/uploads\/2024\/05\/hb1-300x169.jpg 300w, https:\/\/insideamateurfussball-ffm.de\/wp-content\/uploads\/2024\/05\/hb1-768x432.jpg 768w, https:\/\/insideamateurfussball-ffm.de\/wp-content\/uploads\/2024\/05\/hb1-1536x865.jpg 1536w, https:\/\/insideamateurfussball-ffm.de\/wp-content\/uploads\/2024\/05\/hb1.jpg 2048w\" sizes=\"auto, (max-width: 1024px) 100vw, 1024px\" \/><\/figure>\n\n\n\n<figure class=\"wp-block-image size-large is-style-default\"><img loading=\"lazy\" decoding=\"async\" width=\"1024\" height=\"577\" src=\"https:\/\/insideamateurfussball-ffm.de\/wp-content\/uploads\/2024\/05\/hb2-1024x577.jpg\" alt=\"\" class=\"wp-image-19092\" srcset=\"https:\/\/insideamateurfussball-ffm.de\/wp-content\/uploads\/2024\/05\/hb2-1024x577.jpg 1024w, https:\/\/insideamateurfussball-ffm.de\/wp-content\/uploads\/2024\/05\/hb2-300x169.jpg 300w, https:\/\/insideamateurfussball-ffm.de\/wp-content\/uploads\/2024\/05\/hb2-768x432.jpg 768w, https:\/\/insideamateurfussball-ffm.de\/wp-content\/uploads\/2024\/05\/hb2-1536x865.jpg 1536w, https:\/\/insideamateurfussball-ffm.de\/wp-content\/uploads\/2024\/05\/hb2.jpg 2048w\" sizes=\"auto, (max-width: 1024px) 100vw, 1024px\" \/><\/figure>\n\n\n\n<figure class=\"wp-block-image size-large is-style-default\"><img loading=\"lazy\" decoding=\"async\" width=\"1024\" height=\"577\" src=\"https:\/\/insideamateurfussball-ffm.de\/wp-content\/uploads\/2024\/05\/hb3-1024x577.jpg\" alt=\"\" class=\"wp-image-19093\" srcset=\"https:\/\/insideamateurfussball-ffm.de\/wp-content\/uploads\/2024\/05\/hb3-1024x577.jpg 1024w, https:\/\/insideamateurfussball-ffm.de\/wp-content\/uploads\/2024\/05\/hb3-300x169.jpg 300w, https:\/\/insideamateurfussball-ffm.de\/wp-content\/uploads\/2024\/05\/hb3-768x432.jpg 768w, https:\/\/insideamateurfussball-ffm.de\/wp-content\/uploads\/2024\/05\/hb3-1536x865.jpg 1536w, https:\/\/insideamateurfussball-ffm.de\/wp-content\/uploads\/2024\/05\/hb3.jpg 2048w\" sizes=\"auto, (max-width: 1024px) 100vw, 1024px\" \/><\/figure>\n\n\n\n<figure class=\"wp-block-image size-large is-style-default\"><img loading=\"lazy\" decoding=\"async\" width=\"1024\" height=\"577\" src=\"https:\/\/insideamateurfussball-ffm.de\/wp-content\/uploads\/2024\/05\/hb4-1024x577.jpg\" alt=\"\" class=\"wp-image-19094\" srcset=\"https:\/\/insideamateurfussball-ffm.de\/wp-content\/uploads\/2024\/05\/hb4-1024x577.jpg 1024w, https:\/\/insideamateurfussball-ffm.de\/wp-content\/uploads\/2024\/05\/hb4-300x169.jpg 300w, https:\/\/insideamateurfussball-ffm.de\/wp-content\/uploads\/2024\/05\/hb4-768x432.jpg 768w, https:\/\/insideamateurfussball-ffm.de\/wp-content\/uploads\/2024\/05\/hb4-1536x865.jpg 1536w, https:\/\/insideamateurfussball-ffm.de\/wp-content\/uploads\/2024\/05\/hb4.jpg 2048w\" sizes=\"auto, (max-width: 1024px) 100vw, 1024px\" \/><\/figure>\n\n\n\n<figure class=\"wp-block-image size-large is-style-default\"><img loading=\"lazy\" decoding=\"async\" width=\"1024\" height=\"577\" src=\"https:\/\/insideamateurfussball-ffm.de\/wp-content\/uploads\/2024\/05\/hb5-1024x577.jpg\" alt=\"\" class=\"wp-image-19095\" srcset=\"https:\/\/insideamateurfussball-ffm.de\/wp-content\/uploads\/2024\/05\/hb5-1024x577.jpg 1024w, https:\/\/insideamateurfussball-ffm.de\/wp-content\/uploads\/2024\/05\/hb5-300x169.jpg 300w, https:\/\/insideamateurfussball-ffm.de\/wp-content\/uploads\/2024\/05\/hb5-768x432.jpg 768w, https:\/\/insideamateurfussball-ffm.de\/wp-content\/uploads\/2024\/05\/hb5-1536x865.jpg 1536w, https:\/\/insideamateurfussball-ffm.de\/wp-content\/uploads\/2024\/05\/hb5.jpg 2048w\" sizes=\"auto, (max-width: 1024px) 100vw, 1024px\" \/><\/figure>\n","protected":false},"excerpt":{"rendered":"<p>Der SV 07 Heddernheim hat am letzten Spieltag gegen die SG Bornheim\/Gr\u00fcn-Wei\u00df II mit 2:3 (1:0) verloren. Die bereits um 13 Uhr begonnene bedeutungslose Partie stand im Zeichen des Abschiedes von Kapit\u00e4n Philipp Siegel, der nach zw\u00f6lf Jahren SV 07 zu seinem Heimatverein SV Niederursel wechselt. Auch Bsrat Tesfay wurde nach sieben Jahren verabschiedet.\u00a0 SV [&hellip;]<\/p>\n","protected":false},"author":1,"featured_media":19090,"comment_status":"open","ping_status":"open","sticky":true,"template":"","format":"standard","meta":{"footnotes":""},"categories":[2],"tags":[],"class_list":["post-19089","post","type-post","status-publish","format-standard","has-post-thumbnail","hentry","category-kreisoberliga-frankfurt"],"_links":{"self":[{"href":"https:\/\/insideamateurfussball-ffm.de\/index.php?rest_route=\/wp\/v2\/posts\/19089","targetHints":{"allow":["GET"]}}],"collection":[{"href":"https:\/\/insideamateurfussball-ffm.de\/index.php?rest_route=\/wp\/v2\/posts"}],"about":[{"href":"https:\/\/insideamateurfussball-ffm.de\/index.php?rest_route=\/wp\/v2\/types\/post"}],"author":[{"embeddable":true,"href":"https:\/\/insideamateurfussball-ffm.de\/index.php?rest_route=\/wp\/v2\/users\/1"}],"replies":[{"embeddable":true,"href":"https:\/\/insideamateurfussball-ffm.de\/index.php?rest_route=%2Fwp%2Fv2%2Fcomments&post=19089"}],"version-history":[{"count":3,"href":"https:\/\/insideamateurfussball-ffm.de\/index.php?rest_route=\/wp\/v2\/posts\/19089\/revisions"}],"predecessor-version":[{"id":19101,"href":"https:\/\/insideamateurfussball-ffm.de\/index.php?rest_route=\/wp\/v2\/posts\/19089\/revisions\/19101"}],"wp:featuredmedia":[{"embeddable":true,"href":"https:\/\/insideamateurfussball-ffm.de\/index.php?rest_route=\/wp\/v2\/media\/19090"}],"wp:attachment":[{"href":"https:\/\/insideamateurfussball-ffm.de\/index.php?rest_route=%2Fwp%2Fv2%2Fmedia&parent=19089"}],"wp:term":[{"taxonomy":"category","embeddable":true,"href":"https:\/\/insideamateurfussball-ffm.de\/index.php?rest_route=%2Fwp%2Fv2%2Fcategories&post=19089"},{"taxonomy":"post_tag","embeddable":true,"href":"https:\/\/insideamateurfussball-ffm.de\/index.php?rest_route=%2Fwp%2Fv2%2Ftags&post=19089"}],"curies":[{"name":"wp","href":"https:\/\/api.w.org\/{rel}","templated":true}]}}