{"id":19069,"date":"2024-05-27T18:22:36","date_gmt":"2024-05-27T16:22:36","guid":{"rendered":"https:\/\/insideamateurfussball-ffm.de\/?p=19069"},"modified":"2024-05-27T18:25:22","modified_gmt":"2024-05-27T16:25:22","slug":"tempo-nach-90-sieg-gerettet","status":"publish","type":"post","link":"https:\/\/insideamateurfussball-ffm.de\/?p=19069","title":{"rendered":"Tempo nach 9:0-Sieg gerettet"},"content":{"rendered":"<h4>Einen Spieltag vor Schluss konnte der FC Tempo den Klassenerhalt feiern \u00a0Der diesj\u00e4hrige Aufsteiger kanzelte dabei den Tabellenvierten FC Neu-Anspach, der in allen Belangen entt\u00e4uschte, mit sage und schreibe 9:0 ab und kann nicht auf mehr den Relegationsplatz zur\u00fcckfallen.<\/h4>\n<figure id=\"attachment_18604\" aria-describedby=\"caption-attachment-18604\" style=\"width: 1181px\" class=\"wp-caption alignnone\"><img loading=\"lazy\" decoding=\"async\" class=\"wp-image-18604 size-full\" src=\"http:\/\/insideamateurfussball-ffm.de\/wp-content\/uploads\/2024\/05\/temp5.jpg\" alt=\"\" width=\"1181\" height=\"848\" srcset=\"https:\/\/insideamateurfussball-ffm.de\/wp-content\/uploads\/2024\/05\/temp5.jpg 1181w, https:\/\/insideamateurfussball-ffm.de\/wp-content\/uploads\/2024\/05\/temp5-300x215.jpg 300w, https:\/\/insideamateurfussball-ffm.de\/wp-content\/uploads\/2024\/05\/temp5-1024x735.jpg 1024w, https:\/\/insideamateurfussball-ffm.de\/wp-content\/uploads\/2024\/05\/temp5-768x551.jpg 768w\" sizes=\"auto, (max-width: 1181px) 100vw, 1181px\" \/><figcaption id=\"caption-attachment-18604\" class=\"wp-caption-text\">Die Mannschaft des FC Tempo hat den Klassenerhalt geschafft. Foto: Achiv Mithat G\u00fcrser<\/figcaption><\/figure>\n<h4>FC Tempo &#8211; FC Neu-Anspach 9:0 (3:0)<\/h4>\n<p><img loading=\"lazy\" decoding=\"async\" class=\"alignnone size-full wp-image-31\" src=\"http:\/\/insideamateurfussball-ffm.de\/wp-content\/uploads\/2021\/11\/Tempo.jpg\" alt=\"\" width=\"80\" height=\"80\" \/><img loading=\"lazy\" decoding=\"async\" class=\"alignnone size-full wp-image-16512\" src=\"http:\/\/insideamateurfussball-ffm.de\/wp-content\/uploads\/2024\/01\/logo-neu-anspach.jpeg\" alt=\"\" width=\"80\" height=\"79\" \/><\/p>\n<p>Der FC Tempo wollte es nicht auf ein Endspiel am letzten Spieltag bei der Spvgg. 03 Fechenheim ankommen lassen und m\u00f6glichst schon Punkte holen im letzten Heimspiel gegen den FC Neu-Anspach, der noch theoretische Chancen auf den Relegationsplatz hatte. An diesem Sonntagnachmittag spielten sich dann wundersame Dinge in Ginnheim ab. Die Mannschaft des FC Tempo legte gut los und ging bereits in der 10.Minute durch ein Tor von Nikola Dokovic mit 1:0 in F\u00fchrung. Das beruhigte die Nerven der Gastgeber und man spielte weiter gut nach vorne, in der 32.minute erzielte dann Stevan Lukovic das 2:0, ehe dann erneut Nikola Dokovic zu einem g\u00fcnstigen Zeitpunkt in der 45.Minute die 3:0-Pausenf\u00fchrung besorgte.<\/p>\n<h3><span style=\"text-decoration: underline;\">Peinliche Leistung vom FC Neu-Anspach<\/span><\/h3>\n<p>In der zweiten Halbzeit war vom FC Neu-Anspach, der bis zum letzten Spieltag noch auf Platz 2 gestanden hatte, nichts mehr zu sehen. Es war eine desolate Leistung der G\u00e4ste und nach dem 4:0 f\u00fcr den FC Tempo durch Bojan Miljus in der 65.Minute brachen die Neu-Anspacher komplett auseinander. Die Gastgeber spielten sich in einen Rausch und erh\u00f6hten in der 68. Minute durch Ivan Grgic auf 5:0, ehe der Torwart der Neu-Anspacher, Mario Schreiber, mithalf und mit einem Eigentor das Ergebnis auf 6:0 stellte.<\/p>\n<h3><span style=\"text-decoration: underline;\">Goran Grijak: Raus mit Applaus<\/span><\/h3>\n<p>Die letzte Viertelstunde geh\u00f6rte dann Goran Grijak, der mit einem lupenreinen Hattrick das Ergebnis auf 9:0 schraubte, die Tore fielen in der 75., 81. und 83.Minute. Der Trainer der Gastgeber, Nemad Malbasa, nutzte dann die Gelegenheit in der 86.Minute, seinen Dreifach-Torsch\u00fctzen auszuwechseln, der Sonderapplaus der gut 250 Zuschauer war Grijak gewiss. Mit diesem Sieg ist das Spiel am Donnerstag bei der Spvgg. 03 Fechenheim bedeutungslos, da beide Mannschaften gerettet sind. Der Sportliche Leiter des FC Tempo, Zoran Marcetic, hob noch die Leistung des Schiedsrichters hervor, der viel laufengelassen hatte.<\/p>\n<h3><span style=\"text-decoration: underline;\">R\u00fcckblick und AusblicK von Zoran Marcetic<\/span><\/h3>\n<p>Nach dem erfolgreichen Klassenerhalt zog Zoran Marcetic ein Fazit der Saison in der Gruppenliga und wagte einen Ausblick auf die neue Saison: \u201emit einem Befreiungsschlag zum Klassenerhalt, ein gro\u00dfer Erfolg f\u00fcr den Verein aus Ginnheim. Es war am Ende noch immer kritisch in den letzten Wochen, wir hatten viele Ausf\u00e4lle, wir hatten viel Pech, mit einer starken Mannschaft. Ein gro\u00dfes Lob an die Mannschaft, sie hat etwas geleistet, und ein gro\u00dfes Lob an die Zuschauer, es waren heute wieder 250 dabei, die immer an uns geglaubt haben und uns nie aufgegeben haben, die uns immer angefeuert haben, es macht Spa\u00df, in Ginnheim Fu\u00dfball zu spielen.<\/p>\n<p>Wir freuen uns auf ein neues Jahr in der Gruppenliga, wir wissen jetzt, was auf uns wartet und versprechen, dass wir uns im Sommer gut vorbereiten werden und uns wieder als Frankfurter Verein pr\u00e4sentieren werden.\u201c<\/p>\n<h4>Schiedsrichter: Viktor Kipka (FSV Rimbach). \u00a0Zuschauer: 250.<\/h4>\n<h4>Tore: 1:0 Nikola Dokovic (10.), 2:0 Stevan Lukovic (32.), 3:0 Nikola Dokovic (45.), 4:0 Bojan Miljus (65.), 5:0 Ivan Grgic (66.), 6:0 Mario Schreiber (71., Eigentor), 7:0 Goran Grijak (75.), 8:0 Goran Grijak (81.), 9:0 Goran Grijak (83.)<\/h4>\n","protected":false},"excerpt":{"rendered":"<p>Einen Spieltag vor Schluss konnte der FC Tempo den Klassenerhalt feiern \u00a0Der diesj\u00e4hrige Aufsteiger kanzelte dabei den Tabellenvierten FC Neu-Anspach, der in allen Belangen entt\u00e4uschte, mit sage und schreibe 9:0 ab und kann nicht auf mehr den Relegationsplatz zur\u00fcckfallen. FC Tempo &#8211; FC Neu-Anspach 9:0 (3:0) Der FC Tempo wollte es nicht auf ein Endspiel [&hellip;]<\/p>\n","protected":false},"author":3,"featured_media":18604,"comment_status":"open","ping_status":"open","sticky":true,"template":"","format":"standard","meta":{"footnotes":""},"categories":[13],"tags":[],"class_list":["post-19069","post","type-post","status-publish","format-standard","has-post-thumbnail","hentry","category-gruppenliga-frankfurt-west"],"_links":{"self":[{"href":"https:\/\/insideamateurfussball-ffm.de\/index.php?rest_route=\/wp\/v2\/posts\/19069","targetHints":{"allow":["GET"]}}],"collection":[{"href":"https:\/\/insideamateurfussball-ffm.de\/index.php?rest_route=\/wp\/v2\/posts"}],"about":[{"href":"https:\/\/insideamateurfussball-ffm.de\/index.php?rest_route=\/wp\/v2\/types\/post"}],"author":[{"embeddable":true,"href":"https:\/\/insideamateurfussball-ffm.de\/index.php?rest_route=\/wp\/v2\/users\/3"}],"replies":[{"embeddable":true,"href":"https:\/\/insideamateurfussball-ffm.de\/index.php?rest_route=%2Fwp%2Fv2%2Fcomments&post=19069"}],"version-history":[{"count":3,"href":"https:\/\/insideamateurfussball-ffm.de\/index.php?rest_route=\/wp\/v2\/posts\/19069\/revisions"}],"predecessor-version":[{"id":19080,"href":"https:\/\/insideamateurfussball-ffm.de\/index.php?rest_route=\/wp\/v2\/posts\/19069\/revisions\/19080"}],"wp:featuredmedia":[{"embeddable":true,"href":"https:\/\/insideamateurfussball-ffm.de\/index.php?rest_route=\/wp\/v2\/media\/18604"}],"wp:attachment":[{"href":"https:\/\/insideamateurfussball-ffm.de\/index.php?rest_route=%2Fwp%2Fv2%2Fmedia&parent=19069"}],"wp:term":[{"taxonomy":"category","embeddable":true,"href":"https:\/\/insideamateurfussball-ffm.de\/index.php?rest_route=%2Fwp%2Fv2%2Fcategories&post=19069"},{"taxonomy":"post_tag","embeddable":true,"href":"https:\/\/insideamateurfussball-ffm.de\/index.php?rest_route=%2Fwp%2Fv2%2Ftags&post=19069"}],"curies":[{"name":"wp","href":"https:\/\/api.w.org\/{rel}","templated":true}]}}