{"id":19066,"date":"2024-05-27T18:13:36","date_gmt":"2024-05-27T16:13:36","guid":{"rendered":"https:\/\/insideamateurfussball-ffm.de\/?p=19066"},"modified":"2024-05-27T18:13:36","modified_gmt":"2024-05-27T16:13:36","slug":"beienheim-nach-sieg-ueber-oberrad-meister","status":"publish","type":"post","link":"https:\/\/insideamateurfussball-ffm.de\/?p=19066","title":{"rendered":"Beienheim nach Sieg \u00fcber Oberrad Meister"},"content":{"rendered":"<h4>Die Spvgg. 05 Oberrad konnte die Meisterfeier des SKV Beienheim nicht verhindern und verlor nach zwei Elfmeter-Toren beim Aufsteiger in die Verbandsliga S\u00fcd mit 1:2, zeigte aber eine gute Leistung und schenkte dem neuen Meister nichts.<\/h4>\n<figure id=\"attachment_11423\" aria-describedby=\"caption-attachment-11423\" style=\"width: 1299px\" class=\"wp-caption alignnone\"><img loading=\"lazy\" decoding=\"async\" class=\"wp-image-11423 size-full\" src=\"http:\/\/insideamateurfussball-ffm.de\/wp-content\/uploads\/2023\/08\/bosn4.jpg\" alt=\"\" width=\"1299\" height=\"822\" srcset=\"https:\/\/insideamateurfussball-ffm.de\/wp-content\/uploads\/2023\/08\/bosn4.jpg 1299w, https:\/\/insideamateurfussball-ffm.de\/wp-content\/uploads\/2023\/08\/bosn4-300x190.jpg 300w, https:\/\/insideamateurfussball-ffm.de\/wp-content\/uploads\/2023\/08\/bosn4-1024x648.jpg 1024w, https:\/\/insideamateurfussball-ffm.de\/wp-content\/uploads\/2023\/08\/bosn4-768x486.jpg 768w\" sizes=\"auto, (max-width: 1299px) 100vw, 1299px\" \/><figcaption id=\"caption-attachment-11423\" class=\"wp-caption-text\">Der SKV Beienheim wurde meister und ist Aufsteiger in die Verbandsliga S\u00fcd. Foto: Archiv Mithat G\u00fcrser<\/figcaption><\/figure>\n<h4>SKV Beienheim &#8211; Spvgg. 05 Oberrad 2:1 (1:0)<\/h4>\n<p><img loading=\"lazy\" decoding=\"async\" class=\"alignnone size-full wp-image-545\" src=\"http:\/\/insideamateurfussball-ffm.de\/wp-content\/uploads\/2022\/06\/SKV-Beienh.jpg\" alt=\"\" width=\"79\" height=\"80\" \/><img loading=\"lazy\" decoding=\"async\" class=\"alignnone size-full wp-image-137\" src=\"http:\/\/insideamateurfussball-ffm.de\/wp-content\/uploads\/2022\/05\/Oberrad05.jpg\" alt=\"\" width=\"79\" height=\"80\" \/><\/p>\n<p>Die Spvgg. 05 Oberrad reiste zum Tabellenf\u00fchrer SKV Beienheim, der mit einem Sieg gegen die Frankfurter die Meisterschaft und den Aufstieg in die Verbandsliga S\u00fcd perfekt machen wollte. Die Oberr\u00e4der, die doch wieder auf einige arrivierte Spieler zur\u00fcckgriffen, spielten zum ersten Mal mit einer Dreierkette. Auch wenn die G\u00e4ste in der ersten Halbzeit nicht viele Torchancen erspielen konnten, so zeigten sie nach den Aussagen ihres Trainers Gabriel Bernstein ein \u201esehr gutes Spiel, k\u00e4mpferisch top und taktisch gut.\u201c Bernsteins Aussage: \u201eden Beienheimern ist nicht viel eingefallen.\u201c<\/p>\n<p>In der 33.Minute entschied der Schiedsrichter auf Foulelfmeter f\u00fcr Beienheim, aus Sicht der Oberr\u00e4der \u201eunberechtigt\u201c. Doch Beienheims Toptorsch\u00fctze Steffen M\u00fcnk lie\u00df sich die Chance nicht entgehen und verwandelte den Strafsto\u00df zum 1:0. In der zweiten Halbzeit sah Trainer Bernstein seine Mannschaft als \u201edie bessere Mannschaft\u201c, die 4 Gro\u00dfchancen ausgelassen hatte, bis Masse Bell Bell mit seinem 20.Saisontor in der 76.Minute die Zuschauer erst einmal verstummen lie\u00df und den Ausgleich zum 1:1 erzielte.<\/p>\n<p>Bernstein: \u201eDer Elfmeter zum 2:1 war ein Witz\u201c<\/p>\n<p>Aber in der 86.Minute griff erneut der Schiedsrichter mit einem Pfiff ein und zeigte zum Entsetzen der Oberr\u00e4der wieder auf den Elfmeterpunkt. Trainer Bernstein: \u201eder Elfmeter war ein Witz, beide Spieler kaufen nebeneinander, Schulter an Schulter, und der Beienheimer f\u00e4llt um und der Schiedsrichter pfeift Elfmeter.\u201c Aber Steffen M\u00fcnk lie\u00df sich auch diese Chance nicht entgehen und verwandelte das \u201eGeschenk\u201c aus Oberr\u00e4der Sicht zum vielumjubelten 2:1. Die restlichen Minuten inklusive der Nachspielzeit brachten die Beienheimer dann \u00fcber die B\u00fchne und konnten danach ausgiebig die Meisterschaft und den Aufstieg in die Verbandsliga feiern, unsere Redaktion gratuliert recht herzlich.<\/p>\n<h4>Schiedsrichter: Fabian Bierau (VfL Biedenkopf). Zuschauer: 350.<\/h4>\n<h4>Tore: 1:0 Steffen M\u00fcnk (33., Elfmeter), 1:1 Masse Bell Bell (76.), 2:1 Steffen M\u00fcnk (86., Elfmeter)<\/h4>\n","protected":false},"excerpt":{"rendered":"<p>Die Spvgg. 05 Oberrad konnte die Meisterfeier des SKV Beienheim nicht verhindern und verlor nach zwei Elfmeter-Toren beim Aufsteiger in die Verbandsliga S\u00fcd mit 1:2, zeigte aber eine gute Leistung und schenkte dem neuen Meister nichts. SKV Beienheim &#8211; Spvgg. 05 Oberrad 2:1 (1:0) Die Spvgg. 05 Oberrad reiste zum Tabellenf\u00fchrer SKV Beienheim, der mit [&hellip;]<\/p>\n","protected":false},"author":3,"featured_media":11423,"comment_status":"open","ping_status":"open","sticky":true,"template":"","format":"standard","meta":{"footnotes":""},"categories":[13],"tags":[],"class_list":["post-19066","post","type-post","status-publish","format-standard","has-post-thumbnail","hentry","category-gruppenliga-frankfurt-west"],"_links":{"self":[{"href":"https:\/\/insideamateurfussball-ffm.de\/index.php?rest_route=\/wp\/v2\/posts\/19066","targetHints":{"allow":["GET"]}}],"collection":[{"href":"https:\/\/insideamateurfussball-ffm.de\/index.php?rest_route=\/wp\/v2\/posts"}],"about":[{"href":"https:\/\/insideamateurfussball-ffm.de\/index.php?rest_route=\/wp\/v2\/types\/post"}],"author":[{"embeddable":true,"href":"https:\/\/insideamateurfussball-ffm.de\/index.php?rest_route=\/wp\/v2\/users\/3"}],"replies":[{"embeddable":true,"href":"https:\/\/insideamateurfussball-ffm.de\/index.php?rest_route=%2Fwp%2Fv2%2Fcomments&post=19066"}],"version-history":[{"count":2,"href":"https:\/\/insideamateurfussball-ffm.de\/index.php?rest_route=\/wp\/v2\/posts\/19066\/revisions"}],"predecessor-version":[{"id":19068,"href":"https:\/\/insideamateurfussball-ffm.de\/index.php?rest_route=\/wp\/v2\/posts\/19066\/revisions\/19068"}],"wp:featuredmedia":[{"embeddable":true,"href":"https:\/\/insideamateurfussball-ffm.de\/index.php?rest_route=\/wp\/v2\/media\/11423"}],"wp:attachment":[{"href":"https:\/\/insideamateurfussball-ffm.de\/index.php?rest_route=%2Fwp%2Fv2%2Fmedia&parent=19066"}],"wp:term":[{"taxonomy":"category","embeddable":true,"href":"https:\/\/insideamateurfussball-ffm.de\/index.php?rest_route=%2Fwp%2Fv2%2Fcategories&post=19066"},{"taxonomy":"post_tag","embeddable":true,"href":"https:\/\/insideamateurfussball-ffm.de\/index.php?rest_route=%2Fwp%2Fv2%2Ftags&post=19066"}],"curies":[{"name":"wp","href":"https:\/\/api.w.org\/{rel}","templated":true}]}}