{"id":19021,"date":"2024-05-21T22:14:18","date_gmt":"2024-05-21T20:14:18","guid":{"rendered":"https:\/\/insideamateurfussball-ffm.de\/?p=19021"},"modified":"2024-05-23T14:29:13","modified_gmt":"2024-05-23T12:29:13","slug":"muss-enkheim-zusehen-wie-posavina-meister-wird","status":"publish","type":"post","link":"https:\/\/insideamateurfussball-ffm.de\/?p=19021","title":{"rendered":"Muss Enkheim zusehen, wie Posavina Meister wird?"},"content":{"rendered":"<h5><span style=\"font-size: 16px;\">Am letzten Spieltag der Kreisliga A (Gruppe 2) kommt es zur kuriosen Situation, dass Tabellenf\u00fchrer Germania Enkheim schon alle Partien absolviert hat und wohl dabei zusehen muss, wie der FC Posavina mit einem Sieg bei der FG Seckbach II an den Enkheimern vorbeizieht und den direkten Wiederaufstieg schafft. Die Kroaten k\u00f6nnten bei einem Patzer auch noch von der GSU Hellas von Rang zwei verwiesen werden.\u00a0\u00a0<\/span><\/h5>\n<figure id=\"attachment_19022\" aria-describedby=\"caption-attachment-19022\" style=\"width: 150px\" class=\"wp-caption alignleft\"><img loading=\"lazy\" decoding=\"async\" class=\"wp-image-19022 size-thumbnail\" src=\"http:\/\/insideamateurfussball-ffm.de\/wp-content\/uploads\/2024\/05\/Riedstadion-150x150.jpg\" alt=\"\" width=\"150\" height=\"150\" \/><figcaption id=\"caption-attachment-19022\" class=\"wp-caption-text\">Im Riedstadion w\u00fcrde man gerne nach f\u00fcnf Jahren wieder KOL-Fu\u00dfball sehen. Foto: Archiv PA.<\/figcaption><\/figure>\n<p><img loading=\"lazy\" decoding=\"async\" class=\"alignnone size-full wp-image-1748\" src=\"http:\/\/insideamateurfussball-ffm.de\/wp-content\/uploads\/2022\/07\/Enkheim-1.jpg\" alt=\"\" width=\"63\" height=\"80\" \/><img loading=\"lazy\" decoding=\"async\" class=\"alignnone size-full wp-image-22\" src=\"http:\/\/insideamateurfussball-ffm.de\/wp-content\/uploads\/2021\/11\/posavina.jpg\" alt=\"\" width=\"63\" height=\"80\" \/><img loading=\"lazy\" decoding=\"async\" class=\"alignnone size-full wp-image-17152\" src=\"http:\/\/insideamateurfussball-ffm.de\/wp-content\/uploads\/2024\/03\/GSU-Hellas.png\" alt=\"\" width=\"80\" height=\"80\" \/><\/p>\n<p><span style=\"font-size: 16px;\">Germania Enkheim sah \u00fcber den Saisonverlauf wie der sichere Meister und Aufsteiger aus. Der Traditionsverein vom \u00f6stlichen Stadtrand war 2019 aus der Kreisoberliga abgestiegen, zwei Jahre davor geh\u00f6rte der Club noch der Gruppenliga an. Mit 76 Punkten aus 32 Spielen hat man die Runde durch den 3:1-Sieg bei der FG Seckbach II vorzeitig abgeschlossen, da Enkheim am letzten Spieltag spielfrei ist. <\/span><\/p>\n<p><span style=\"font-size: 16px;\">Der Haken: Die Topspiele gegen die Konkurrenten GSU Hellas und FC Posavina gingen in der Endphase der Saison jeweils verloren und damit auch beide direkten Vergleiche.<\/span><\/p>\n<ul>\n<li><strong><span style=\"font-size: 16px;\">Schickt Posavina Enkheim erneut in die Relegation?\u00a0<\/span><\/strong><\/li>\n<\/ul>\n<p><span style=\"font-size: 16px;\">Nun kommt es am Sonntag zum Duell Seckbach II &#8211; Posavina und die Enkheimer m\u00fcssen der Seckbacher Reserve fest die Daumen dr\u00fccken, damit diese wenigstens einen Punkt gegen Posavina holt. Denn die Kroaten vom Riederwald haben alles in eigener Hand. Nachdem man auch die GSU Hellas mit 2:0 besiegte, reicht ein einfacher Sieg in Seckbach um die drei Punkte R\u00fcckstand auf Enkheim auszugleichen. <\/span><\/p>\n<p><span style=\"font-size: 16px;\">Die weitaus schlechtere Tordifferenz w\u00fcrde keine Rolle spielen, da bei Punktgleichheit der direkte Vergleich z\u00e4hlt. Kurios: Posavina w\u00fcrde die Enkheimer erneut in die Relegation schicken, wo beide im Vorjahr an R\u00f6delheim gescheitert waren. Ein Remis reicht dem FCP zumindest f\u00fcr die Relegation, da der direkte Vergleich mit den Griechen gewonnen wurde. Nur im Falle einer Posavina-Niederlage kann die GSU Hellas mit einem Sieg beim SV Bosnien\/Herzegowina II die Relegation erreichen.\u00a0\u00a0<\/span><\/p>\n<ul>\n<li><span style=\"font-size: 16px;\"><strong>Beste Torsch\u00fctzen Enkheim\u00a0 Beste Torsch\u00fctzen Posavina Beste Torsch\u00fctzen GSU Hellas<\/strong><\/span><\/li>\n<li><strong><span style=\"font-size: 16px;\">Tobias Schirmer 30 Tore\u00a0 \u00a0 \u00a0 \u00a0 \u00a0Danijel Koturic 18 Tore\u00a0 \u00a0 \u00a0 \u00a0 \u00a0 Georgios Vassiliou 33 Tore<\/span><\/strong><\/li>\n<li><strong><span style=\"font-size: 16px;\">Eray Aksoy 15 Tore\u00a0 \u00a0 \u00a0 \u00a0 \u00a0 \u00a0 \u00a0 \u00a0 \u00a0Mato Djukic 17 Tore\u00a0 \u00a0 \u00a0 \u00a0 \u00a0 \u00a0 \u00a0 \u00a0Christos Papadopoulos 19 Tore<\/span><\/strong><\/li>\n<li><strong style=\"font-size: revert; color: initial;\"><span style=\"font-size: 16px;\">Lars Trams 15 Tore\u00a0 \u00a0 \u00a0 \u00a0 \u00a0 \u00a0 \u00a0 \u00a0 \u00a0Anto Petrasevic 9 Tore\u00a0 \u00a0 \u00a0 \u00a0 \u00a0 \u00a0 Nikolaos Savoulidis 17 Tore<\/span><\/strong><span style=\"font-size: 16px;\">\u00a0 \u00a0\u00a0<\/span><\/li>\n<\/ul>\n","protected":false},"excerpt":{"rendered":"<p>Am letzten Spieltag der Kreisliga A (Gruppe 2) kommt es zur kuriosen Situation, dass Tabellenf\u00fchrer Germania Enkheim schon alle Partien absolviert hat und wohl dabei zusehen muss, wie der FC Posavina mit einem Sieg bei der FG Seckbach II an den Enkheimern vorbeizieht und den direkten Wiederaufstieg schafft. Die Kroaten k\u00f6nnten bei einem Patzer auch [&hellip;]<\/p>\n","protected":false},"author":1,"featured_media":19022,"comment_status":"open","ping_status":"open","sticky":true,"template":"","format":"standard","meta":{"footnotes":""},"categories":[14],"tags":[],"class_list":["post-19021","post","type-post","status-publish","format-standard","has-post-thumbnail","hentry","category-kreisliga-a2"],"_links":{"self":[{"href":"https:\/\/insideamateurfussball-ffm.de\/index.php?rest_route=\/wp\/v2\/posts\/19021","targetHints":{"allow":["GET"]}}],"collection":[{"href":"https:\/\/insideamateurfussball-ffm.de\/index.php?rest_route=\/wp\/v2\/posts"}],"about":[{"href":"https:\/\/insideamateurfussball-ffm.de\/index.php?rest_route=\/wp\/v2\/types\/post"}],"author":[{"embeddable":true,"href":"https:\/\/insideamateurfussball-ffm.de\/index.php?rest_route=\/wp\/v2\/users\/1"}],"replies":[{"embeddable":true,"href":"https:\/\/insideamateurfussball-ffm.de\/index.php?rest_route=%2Fwp%2Fv2%2Fcomments&post=19021"}],"version-history":[{"count":5,"href":"https:\/\/insideamateurfussball-ffm.de\/index.php?rest_route=\/wp\/v2\/posts\/19021\/revisions"}],"predecessor-version":[{"id":19030,"href":"https:\/\/insideamateurfussball-ffm.de\/index.php?rest_route=\/wp\/v2\/posts\/19021\/revisions\/19030"}],"wp:featuredmedia":[{"embeddable":true,"href":"https:\/\/insideamateurfussball-ffm.de\/index.php?rest_route=\/wp\/v2\/media\/19022"}],"wp:attachment":[{"href":"https:\/\/insideamateurfussball-ffm.de\/index.php?rest_route=%2Fwp%2Fv2%2Fmedia&parent=19021"}],"wp:term":[{"taxonomy":"category","embeddable":true,"href":"https:\/\/insideamateurfussball-ffm.de\/index.php?rest_route=%2Fwp%2Fv2%2Fcategories&post=19021"},{"taxonomy":"post_tag","embeddable":true,"href":"https:\/\/insideamateurfussball-ffm.de\/index.php?rest_route=%2Fwp%2Fv2%2Ftags&post=19021"}],"curies":[{"name":"wp","href":"https:\/\/api.w.org\/{rel}","templated":true}]}}