{"id":19018,"date":"2024-05-21T21:19:51","date_gmt":"2024-05-21T19:19:51","guid":{"rendered":"https:\/\/insideamateurfussball-ffm.de\/?p=19018"},"modified":"2024-05-21T21:19:51","modified_gmt":"2024-05-21T19:19:51","slug":"bsc-sw-19-steht-als-erster-kol-aufsteiger-fest","status":"publish","type":"post","link":"https:\/\/insideamateurfussball-ffm.de\/?p=19018","title":{"rendered":"BSC SW 19 steht als erster KOL-Aufsteiger fest"},"content":{"rendered":"<h5><span style=\"font-size: 16px;\">Mit dem BSC Schwarz-Wei\u00df 19 steht der erste Aufsteiger in die Kreisoberliga Frankfurt fest. Die Rosegger-Kicker sind Meister der Kreisliga A Frankfurt Gruppe 1 und kehren nach sechs Jahren Abwesenheit in die h\u00f6chste Liga des Kreises zur\u00fcck. Um die Teilnahme an der Relegation streiten sich am letzten Spieltag der SV Blau-Gelb und der SV Bonames im Fernduell.\u00a0<\/span><\/h5>\n<figure id=\"attachment_19019\" aria-describedby=\"caption-attachment-19019\" style=\"width: 150px\" class=\"wp-caption alignleft\"><img loading=\"lazy\" decoding=\"async\" class=\"wp-image-19019 size-thumbnail\" src=\"http:\/\/insideamateurfussball-ffm.de\/wp-content\/uploads\/2024\/05\/bscsw19-150x150.jpg\" alt=\"\" width=\"150\" height=\"150\" \/><figcaption id=\"caption-attachment-19019\" class=\"wp-caption-text\">Beim BSC wird wieder KOL gekickt. Foto: Archiv PA.\u00a0\u00a0<\/figcaption><\/figure>\n<p><img loading=\"lazy\" decoding=\"async\" class=\"alignnone size-full wp-image-285\" src=\"http:\/\/insideamateurfussball-ffm.de\/wp-content\/uploads\/2022\/05\/BSC-19.jpg\" alt=\"\" width=\"80\" height=\"61\" \/><\/p>\n<p><span style=\"font-size: 16px;\">Mit 26 Siegen, einem Remis und vier Niederlagen sicherte sich der Ballspiel-Club die Meisterschaft schon vorzeitig. Das Torverh\u00e4ltnis von 167:60 entspricht der typisch torreichen Klasse. Vor dem abschlie\u00dfenden Heimspiel gegen den MKSV Makedonija gab es acht Siege in Folge f\u00fcr das Team von Trainer Eleyas Kahsay. Mit Yassin Chaouki, der 55 Tore erzielt hat und Ihab Suleimani (33 Tore) haben zwei Spieler mehr als die H\u00e4lfte der Tore erzielt. Drittbester Torsch\u00fctze ist Elias Jennaoui mit 17 Treffern. Nachdem man die letzten Jahre mit den Pl\u00e4tzen sieben, zwei und vier auf den Aufstieg hingearbeitet hatte, hofft man in der n\u00e4chsten Saison, sich mit einigen Verst\u00e4rkungen in der Kreisoberliga zurechtzufinden. Es kommt wieder zum Platzduell gegen Concordia Eschersheim.\u00a0<\/span><\/p>\n<ul>\n<li><span style=\"font-size: 16px;\"><strong>Blau-Gelb oder Bonames &#8211; wer erreicht die Relegation? <\/strong><\/span><\/li>\n<\/ul>\n<p><span style=\"font-size: 16px;\"><img loading=\"lazy\" decoding=\"async\" class=\"alignnone size-full wp-image-355\" src=\"http:\/\/insideamateurfussball-ffm.de\/wp-content\/uploads\/2022\/05\/Blau-Gelb.jpg\" alt=\"\" width=\"79\" height=\"80\" \/><img loading=\"lazy\" decoding=\"async\" class=\"alignnone size-full wp-image-281\" src=\"http:\/\/insideamateurfussball-ffm.de\/wp-content\/uploads\/2022\/05\/Bonames.png\" alt=\"\" width=\"80\" height=\"80\" \/><\/span><\/p>\n<p><span style=\"font-size: 16px;\">Die Ausgangslage: Der SV Blau-Gelb unter der Regie von Trainer Uwe Eckerl hat einen Punkt Vorsprung vor Bonames und den direkten Vergleich gewonnen. Im Heimspiel gegen den FC Maroc reicht also auf jeden Fall ein Sieg, aber auch ein Remis k\u00f6nnte langen, wenn Bonames nicht zeitgleich gegen den FC City gewinnt. Auch eine Niederlage k\u00f6nnte sich Blau-Gelb erlauben, dann d\u00fcrfte Bonames aber maximal Unentschieden spielen.\u00a0<\/span><\/p>\n<p><span style=\"font-size: 16px;\">Beste Torsch\u00fctzen Blau-Gelb:\u00a0<\/span><\/p>\n<ul>\n<li><strong><span style=\"font-size: 16px;\">Daniel Delmhorst 24 Tore<\/span><\/strong><\/li>\n<li><strong><span style=\"font-size: 16px;\">Noah Unthan 22 Tore<\/span><\/strong><\/li>\n<li><strong><span style=\"font-size: 16px;\">S\u00fcleyman Cifci 16 Tore<\/span><\/strong><\/li>\n<\/ul>\n<p><span style=\"font-size: 16px;\">Beste Torsch\u00fctzen Bonames:\u00a0<\/span><\/p>\n<ul>\n<li><span style=\"font-size: 16px;\"><strong>Eric Thorwarth 20 Tore<\/strong><\/span><\/li>\n<li><strong><span style=\"font-size: 16px;\">Lewis Mcguire 18 Tore<\/span><\/strong><\/li>\n<li><strong><span style=\"font-size: 16px;\">Khaled Eltayeb 16 Tore<\/span><\/strong><\/li>\n<\/ul>\n","protected":false},"excerpt":{"rendered":"<p>Mit dem BSC Schwarz-Wei\u00df 19 steht der erste Aufsteiger in die Kreisoberliga Frankfurt fest. Die Rosegger-Kicker sind Meister der Kreisliga A Frankfurt Gruppe 1 und kehren nach sechs Jahren Abwesenheit in die h\u00f6chste Liga des Kreises zur\u00fcck. Um die Teilnahme an der Relegation streiten sich am letzten Spieltag der SV Blau-Gelb und der SV Bonames [&hellip;]<\/p>\n","protected":false},"author":1,"featured_media":19019,"comment_status":"open","ping_status":"open","sticky":true,"template":"","format":"standard","meta":{"footnotes":""},"categories":[12],"tags":[],"class_list":["post-19018","post","type-post","status-publish","format-standard","has-post-thumbnail","hentry","category-kreisliga-a1"],"_links":{"self":[{"href":"https:\/\/insideamateurfussball-ffm.de\/index.php?rest_route=\/wp\/v2\/posts\/19018","targetHints":{"allow":["GET"]}}],"collection":[{"href":"https:\/\/insideamateurfussball-ffm.de\/index.php?rest_route=\/wp\/v2\/posts"}],"about":[{"href":"https:\/\/insideamateurfussball-ffm.de\/index.php?rest_route=\/wp\/v2\/types\/post"}],"author":[{"embeddable":true,"href":"https:\/\/insideamateurfussball-ffm.de\/index.php?rest_route=\/wp\/v2\/users\/1"}],"replies":[{"embeddable":true,"href":"https:\/\/insideamateurfussball-ffm.de\/index.php?rest_route=%2Fwp%2Fv2%2Fcomments&post=19018"}],"version-history":[{"count":1,"href":"https:\/\/insideamateurfussball-ffm.de\/index.php?rest_route=\/wp\/v2\/posts\/19018\/revisions"}],"predecessor-version":[{"id":19020,"href":"https:\/\/insideamateurfussball-ffm.de\/index.php?rest_route=\/wp\/v2\/posts\/19018\/revisions\/19020"}],"wp:featuredmedia":[{"embeddable":true,"href":"https:\/\/insideamateurfussball-ffm.de\/index.php?rest_route=\/wp\/v2\/media\/19019"}],"wp:attachment":[{"href":"https:\/\/insideamateurfussball-ffm.de\/index.php?rest_route=%2Fwp%2Fv2%2Fmedia&parent=19018"}],"wp:term":[{"taxonomy":"category","embeddable":true,"href":"https:\/\/insideamateurfussball-ffm.de\/index.php?rest_route=%2Fwp%2Fv2%2Fcategories&post=19018"},{"taxonomy":"post_tag","embeddable":true,"href":"https:\/\/insideamateurfussball-ffm.de\/index.php?rest_route=%2Fwp%2Fv2%2Ftags&post=19018"}],"curies":[{"name":"wp","href":"https:\/\/api.w.org\/{rel}","templated":true}]}}