{"id":19015,"date":"2024-05-21T14:56:21","date_gmt":"2024-05-21T12:56:21","guid":{"rendered":"https:\/\/insideamateurfussball-ffm.de\/?p=19015"},"modified":"2024-05-21T14:56:21","modified_gmt":"2024-05-21T12:56:21","slug":"bosnien-kann-aus-eigener-kraft-aufsteigen","status":"publish","type":"post","link":"https:\/\/insideamateurfussball-ffm.de\/?p=19015","title":{"rendered":"Bosnien kann aus eigener Kraft aufsteigen"},"content":{"rendered":"<h4>Der SV BKC Bosnien\/Herzegowina hat seine Pflichtaufgabe mit dem 3:0 bei der SG Ober-Erlenbach souver\u00e4n erf\u00fcllt und kann aufgrund des Sieges von Kalbach gegen Neu-Anspach den Relegationsplatz und damit einen Aufstieg in die Verbandsliga aus eigener Kraft schaffen.<\/h4>\n<figure id=\"attachment_13760\" aria-describedby=\"caption-attachment-13760\" style=\"width: 945px\" class=\"wp-caption alignnone\"><img loading=\"lazy\" decoding=\"async\" class=\"wp-image-13760 size-full\" src=\"http:\/\/insideamateurfussball-ffm.de\/wp-content\/uploads\/2023\/10\/bos15.jpg\" alt=\"\" width=\"945\" height=\"618\" srcset=\"https:\/\/insideamateurfussball-ffm.de\/wp-content\/uploads\/2023\/10\/bos15.jpg 945w, https:\/\/insideamateurfussball-ffm.de\/wp-content\/uploads\/2023\/10\/bos15-300x196.jpg 300w, https:\/\/insideamateurfussball-ffm.de\/wp-content\/uploads\/2023\/10\/bos15-768x502.jpg 768w\" sizes=\"auto, (max-width: 945px) 100vw, 945px\" \/><figcaption id=\"caption-attachment-13760\" class=\"wp-caption-text\">Safet Mujkic (Nr.5, hier im Spiel gegen Oberrad) konnte das wichtige 1:0 f\u00fcr die Bosnier erzielen. Foto: Archiv Mithat G\u00fcrser<\/figcaption><\/figure>\n<h4>SG Ober-Erlenbach &#8211; SV BKC Bosnien\/Herzegowina 0:3 (0:2)<\/h4>\n<p><img loading=\"lazy\" decoding=\"async\" class=\"alignnone size-full wp-image-2186\" src=\"http:\/\/insideamateurfussball-ffm.de\/wp-content\/uploads\/2022\/08\/Ober-erl.jpg\" alt=\"\" width=\"76\" height=\"80\" \/><img loading=\"lazy\" decoding=\"async\" class=\"alignnone size-full wp-image-139\" src=\"http:\/\/insideamateurfussball-ffm.de\/wp-content\/uploads\/2022\/05\/Bosnien.jpg\" alt=\"\" width=\"79\" height=\"80\" \/><\/p>\n<p>Vor dem Spiel der Bosnier bei Ober-Erlenbach war klar: sollte die Mannschaft beide Spiele gegen Ober-Erlenbach und Oberstedten gewinnen und Neu-Anspach in Kalbach nicht gewinnen, k\u00f6nnte es am letzten Spieltag einen Showdown im Kampf um den Relegationsplatz geben, wenn der FC Kalbach auf den SV BKC Bosnien\/Herzegowina trifft. Kalbach schlug Neu-Anspach, damit bleiben die Bosnier im Spiel.<\/p>\n<p>Denn das Ausw\u00e4rtsspiel bei der SG Ober-Erlenbach erledigten die Bosnier souver\u00e4n, sie kamen mit einem 3:0-Sieg zur\u00fcck und gewannen das erste von drei Ausw\u00e4rtsspielen am Ende der Saison. Bereits in der 10.Minute gingen die G\u00e4ste aus Frankfurt durch ein Tor von Safet Mujkic in F\u00fchrung und beruhigten damit die Nerven von Mannschaft und Zuschauern. Noch vor der Halbzeit konnte Nudzeim Imamovic auf 2:0 erh\u00f6hen (40.Minute). Die Gastgeber, die auf den Kunstrasenplatz ausweichen mussten, da der Rasenplatz nicht bespielbar war, kamen mit dem Gel\u00e4uf weniger zurecht und waren den G\u00e4sten klar unterlegen.<\/p>\n<p>In der zweiten Halbzeit lie\u00dfen die Bosnier nichts mehr anbrennen und kamen durch Selim Zuna in der 74.Minute noch zum 3:0, erneut ein Zu-Null-Sieg. Die Abwehr der Bosnier erweist sich nach der Winterpause als sattelfest, m\u00f6glicherweise auch ein Verdienst des neuen Trainers Amir Mustafic, der seit Anfang 2024 die Mannschaft betreut. Pressesprecher Asmir Malohodzic nach dem Spiel: \u201ees war ein ungef\u00e4hrdeter Sieg, die Mannschaft war in allen Belangen \u00fcberlegen. Einziges Manko: wir h\u00e4tten mehr Tore erzielen m\u00fcssen.\u201c<\/p>\n<p>Am n\u00e4chsten Sonntag wartet auf die Bosnier das Ausw\u00e4rtsspiel in Oberstedten, eine Pflichtaufgabe, wenn die Aufstiegschancen gewahrt bleiben sollen.<\/p>\n<h4>Schiedsrichter: Daniel Kamnitzer (Spvgg. Eltville). Zuschauer: 100.<\/h4>\n<h4>Tore: 0:1 Safet Mujkic (10.), 0:2 Nudzeim Imamovic (42.), 0:3 Selim Zuna (74.)<\/h4>\n","protected":false},"excerpt":{"rendered":"<p>Der SV BKC Bosnien\/Herzegowina hat seine Pflichtaufgabe mit dem 3:0 bei der SG Ober-Erlenbach souver\u00e4n erf\u00fcllt und kann aufgrund des Sieges von Kalbach gegen Neu-Anspach den Relegationsplatz und damit einen Aufstieg in die Verbandsliga aus eigener Kraft schaffen. SG Ober-Erlenbach &#8211; SV BKC Bosnien\/Herzegowina 0:3 (0:2) Vor dem Spiel der Bosnier bei Ober-Erlenbach war klar: [&hellip;]<\/p>\n","protected":false},"author":3,"featured_media":13760,"comment_status":"open","ping_status":"open","sticky":true,"template":"","format":"standard","meta":{"footnotes":""},"categories":[13],"tags":[],"class_list":["post-19015","post","type-post","status-publish","format-standard","has-post-thumbnail","hentry","category-gruppenliga-frankfurt-west"],"_links":{"self":[{"href":"https:\/\/insideamateurfussball-ffm.de\/index.php?rest_route=\/wp\/v2\/posts\/19015","targetHints":{"allow":["GET"]}}],"collection":[{"href":"https:\/\/insideamateurfussball-ffm.de\/index.php?rest_route=\/wp\/v2\/posts"}],"about":[{"href":"https:\/\/insideamateurfussball-ffm.de\/index.php?rest_route=\/wp\/v2\/types\/post"}],"author":[{"embeddable":true,"href":"https:\/\/insideamateurfussball-ffm.de\/index.php?rest_route=\/wp\/v2\/users\/3"}],"replies":[{"embeddable":true,"href":"https:\/\/insideamateurfussball-ffm.de\/index.php?rest_route=%2Fwp%2Fv2%2Fcomments&post=19015"}],"version-history":[{"count":2,"href":"https:\/\/insideamateurfussball-ffm.de\/index.php?rest_route=\/wp\/v2\/posts\/19015\/revisions"}],"predecessor-version":[{"id":19017,"href":"https:\/\/insideamateurfussball-ffm.de\/index.php?rest_route=\/wp\/v2\/posts\/19015\/revisions\/19017"}],"wp:featuredmedia":[{"embeddable":true,"href":"https:\/\/insideamateurfussball-ffm.de\/index.php?rest_route=\/wp\/v2\/media\/13760"}],"wp:attachment":[{"href":"https:\/\/insideamateurfussball-ffm.de\/index.php?rest_route=%2Fwp%2Fv2%2Fmedia&parent=19015"}],"wp:term":[{"taxonomy":"category","embeddable":true,"href":"https:\/\/insideamateurfussball-ffm.de\/index.php?rest_route=%2Fwp%2Fv2%2Fcategories&post=19015"},{"taxonomy":"post_tag","embeddable":true,"href":"https:\/\/insideamateurfussball-ffm.de\/index.php?rest_route=%2Fwp%2Fv2%2Ftags&post=19015"}],"curies":[{"name":"wp","href":"https:\/\/api.w.org\/{rel}","templated":true}]}}