{"id":19008,"date":"2024-05-21T11:04:03","date_gmt":"2024-05-21T09:04:03","guid":{"rendered":"https:\/\/insideamateurfussball-ffm.de\/?p=19008"},"modified":"2024-05-21T11:04:03","modified_gmt":"2024-05-21T09:04:03","slug":"fechenheim-weiter-auf-talfahrt","status":"publish","type":"post","link":"https:\/\/insideamateurfussball-ffm.de\/?p=19008","title":{"rendered":"Fechenheim weiter auf Talfahrt"},"content":{"rendered":"<h4>Die SpVgg. 03 Fechenheim muss weiter ein Abrutschen auf den m\u00f6glichen Relegationsplatz bef\u00fcrchten, auch gegen den FC Karben war die Mannschaft chancenlos und unterlag deutlich mit 1:5, an diesem Spieltag passten zumindest die Ergebnisse auf den anderen Pl\u00e4tzen.<\/h4>\n<figure id=\"attachment_17227\" aria-describedby=\"caption-attachment-17227\" style=\"width: 2016px\" class=\"wp-caption alignnone\"><img loading=\"lazy\" decoding=\"async\" class=\"wp-image-17227 size-full\" src=\"http:\/\/insideamateurfussball-ffm.de\/wp-content\/uploads\/2024\/03\/seckbachKarben01.jpg\" alt=\"\" width=\"2016\" height=\"1512\" srcset=\"https:\/\/insideamateurfussball-ffm.de\/wp-content\/uploads\/2024\/03\/seckbachKarben01.jpg 2016w, https:\/\/insideamateurfussball-ffm.de\/wp-content\/uploads\/2024\/03\/seckbachKarben01-300x225.jpg 300w, https:\/\/insideamateurfussball-ffm.de\/wp-content\/uploads\/2024\/03\/seckbachKarben01-1024x768.jpg 1024w, https:\/\/insideamateurfussball-ffm.de\/wp-content\/uploads\/2024\/03\/seckbachKarben01-768x576.jpg 768w, https:\/\/insideamateurfussball-ffm.de\/wp-content\/uploads\/2024\/03\/seckbachKarben01-1536x1152.jpg 1536w\" sizes=\"auto, (max-width: 2016px) 100vw, 2016px\" \/><figcaption id=\"caption-attachment-17227\" class=\"wp-caption-text\">Die Mannschaft des FC Karben (hier beim Spiel in Seckbach) gewann deutlich in Fechenheim. Foto: Archiv MZ<\/figcaption><\/figure>\n<h4>Spvgg. 03 Fechenheim &#8211; FC Karben 1:5 (0:2)<\/h4>\n<p><img loading=\"lazy\" decoding=\"async\" class=\"alignnone size-full wp-image-603\" src=\"http:\/\/insideamateurfussball-ffm.de\/wp-content\/uploads\/2022\/06\/Fech03.jpg\" alt=\"\" width=\"52\" height=\"80\" \/><img loading=\"lazy\" decoding=\"async\" class=\"alignnone size-full wp-image-2525\" src=\"http:\/\/insideamateurfussball-ffm.de\/wp-content\/uploads\/2022\/09\/karben.jpg\" alt=\"\" width=\"65\" height=\"80\" \/><\/p>\n<p>Abh\u00e4ngig vom Abschneiden von RW Frankfurt in der Verbandsliga k\u00f6nnte der 13.Tabellenplatz bedeuten, dass man in die Abstiegsrelegation muss. Von diesem Platz, den derzeit der 1.FC-TSG K\u00f6nigstein belegt, sind die Fechenheimer nur drei Punkte entfernt, und das direkte Duell gegen K\u00f6nigstein wurde verloren. Da RW Frankfurt in der Verbandsliga augenblicklich den Relegationsplatz belegt, w\u00fcrde in der Gruppenliga Platz 13 zum direkten Klassenerhalt reichen.<\/p>\n<p>Die Fechenheimer wollten gegen den FC Karben versuchen, aus eigener Kraft den Abstieg zu verhindern, am Ende stand allerdings eine erneute deutliche Niederlage zu Buche. 2:5, 1:5, 1:5: das sind die letzten Ergebnisse der Fechenheimer, die zeigen, dass es in der Abwehr gro\u00dfe Probleme gibt.<\/p>\n<p>Gegen den FC Karben, der seinerseits einen guten Lauf hatte, hielten die Fechenheimer gut mit, Pr\u00e4sident Reinhold Schmidt sagte zum Spiel: \u201ewir haben gar nicht so schlecht gespielt, allerdings war die Zielstrebigkeit von Karben f\u00fcr uns zu stark.\u201c Mit einem Doppelschlag in der 26. und 29.Minute gingen die G\u00e4ste aus Karben 2:0 in F\u00fchrung, erst landete ein abgef\u00e4lschter Schuss von Moritz Heitefu\u00df im Tor der Gastgeber, danach erh\u00f6hte Felix Kaapke zum Halbzeitstand.<\/p>\n<p>Die Fechenheimer haben sich nach den Worten Von Reinhold Schmidt &#8222;nie aufgegeben&#8220;, aber bei ihren wenigen Chancen kam wieder die Abschlussschw\u00e4che zum Vorschein. Und so erh\u00f6hten die zielstrebigen G\u00e4ste durch Emanuel Essome in der 62.Minute auf 3:0. Im Gegenzug konnte Kaleab Eyassu f\u00fcr die Gastgeber durch ein sch\u00f6nes Tor auf 1:3 verk\u00fcrzen (63.), aber nur drei Minuten sp\u00e4ter war der alte Torabstand wieder hergestellt. Jakob Harald Thum erh\u00f6hte auf 4:1. Den Schlusspunkt in der Partie zum 5:1 setzte der eingewechselte Owen Hare in der 80.Minute.<\/p>\n<p>Reinhold Schmidt: \u201eKarben war heute eine der st\u00e4rksten Mannschaften, gegen die wir gespielt haben, der Sieg war verdient, man kann unserer Mannschaft nichts vorwerfen. Wir m\u00fcssen jetzt versuchen, woanders die n\u00f6tigen Punkte zu holen, damit wir uns nicht auf RW Frankfurt oder K\u00f6nigstein verlassen m\u00fcssen. Nach den hohen Niederlagen m\u00fcssen wir jetzt wieder aufstehen.\u201c<\/p>\n<p>Die n\u00e4chste Chance auf Punkte bietet sich den Fechenheimern bereits am Donnerstag, dann geht es zum FV Stierstadt. Am letzten Spieltag erwartet die SpVgg. dann den FC Tempo, f\u00fcr den es zwei Punkte hinter Fechenheim auch noch um alles geht.<\/p>\n<h4>Schiedsrichter: Matti Terlinden (SV Darmstadt 98). Zuschauer:100.<\/h4>\n<h4>Tore: 0:1 Moritz Heitefu\u00df (26.), 0:2 Felix Kaapke (29.), 0:3 Emanuel Essome (62.), 1:3 kaleab Eyassu (63.), 1:4 Jakob Harald Thum (66.), 1:5 Owen Hare (80.)<\/h4>\n","protected":false},"excerpt":{"rendered":"<p>Die SpVgg. 03 Fechenheim muss weiter ein Abrutschen auf den m\u00f6glichen Relegationsplatz bef\u00fcrchten, auch gegen den FC Karben war die Mannschaft chancenlos und unterlag deutlich mit 1:5, an diesem Spieltag passten zumindest die Ergebnisse auf den anderen Pl\u00e4tzen. Spvgg. 03 Fechenheim &#8211; FC Karben 1:5 (0:2) Abh\u00e4ngig vom Abschneiden von RW Frankfurt in der Verbandsliga [&hellip;]<\/p>\n","protected":false},"author":3,"featured_media":17227,"comment_status":"open","ping_status":"open","sticky":true,"template":"","format":"standard","meta":{"footnotes":""},"categories":[13],"tags":[],"class_list":["post-19008","post","type-post","status-publish","format-standard","has-post-thumbnail","hentry","category-gruppenliga-frankfurt-west"],"_links":{"self":[{"href":"https:\/\/insideamateurfussball-ffm.de\/index.php?rest_route=\/wp\/v2\/posts\/19008","targetHints":{"allow":["GET"]}}],"collection":[{"href":"https:\/\/insideamateurfussball-ffm.de\/index.php?rest_route=\/wp\/v2\/posts"}],"about":[{"href":"https:\/\/insideamateurfussball-ffm.de\/index.php?rest_route=\/wp\/v2\/types\/post"}],"author":[{"embeddable":true,"href":"https:\/\/insideamateurfussball-ffm.de\/index.php?rest_route=\/wp\/v2\/users\/3"}],"replies":[{"embeddable":true,"href":"https:\/\/insideamateurfussball-ffm.de\/index.php?rest_route=%2Fwp%2Fv2%2Fcomments&post=19008"}],"version-history":[{"count":3,"href":"https:\/\/insideamateurfussball-ffm.de\/index.php?rest_route=\/wp\/v2\/posts\/19008\/revisions"}],"predecessor-version":[{"id":19011,"href":"https:\/\/insideamateurfussball-ffm.de\/index.php?rest_route=\/wp\/v2\/posts\/19008\/revisions\/19011"}],"wp:featuredmedia":[{"embeddable":true,"href":"https:\/\/insideamateurfussball-ffm.de\/index.php?rest_route=\/wp\/v2\/media\/17227"}],"wp:attachment":[{"href":"https:\/\/insideamateurfussball-ffm.de\/index.php?rest_route=%2Fwp%2Fv2%2Fmedia&parent=19008"}],"wp:term":[{"taxonomy":"category","embeddable":true,"href":"https:\/\/insideamateurfussball-ffm.de\/index.php?rest_route=%2Fwp%2Fv2%2Fcategories&post=19008"},{"taxonomy":"post_tag","embeddable":true,"href":"https:\/\/insideamateurfussball-ffm.de\/index.php?rest_route=%2Fwp%2Fv2%2Ftags&post=19008"}],"curies":[{"name":"wp","href":"https:\/\/api.w.org\/{rel}","templated":true}]}}