{"id":18996,"date":"2024-05-21T09:39:19","date_gmt":"2024-05-21T07:39:19","guid":{"rendered":"https:\/\/insideamateurfussball-ffm.de\/?p=18996"},"modified":"2024-05-21T09:39:19","modified_gmt":"2024-05-21T07:39:19","slug":"kalbach-springt-auf-platz-2-und-traeumt-vom-aufstieg","status":"publish","type":"post","link":"https:\/\/insideamateurfussball-ffm.de\/?p=18996","title":{"rendered":"Kalbach springt auf Platz 2 und tr\u00e4umt vom Aufstieg"},"content":{"rendered":"<h4>Der FC Kalbach besiegte im Spitzenspiel vor 390 Zuschauern den Tabellenzweiten FC Neu-Anspach verdient mit 3:1 und springt dadurch selbst auf Platz 2, dem Relegationsplatz f\u00fcr den Aufstieg, knapp vor dem SV BKC Bosnien\/Herzegowina.<\/h4>\n<figure id=\"attachment_19000\" aria-describedby=\"caption-attachment-19000\" style=\"width: 1772px\" class=\"wp-caption alignnone\"><img loading=\"lazy\" decoding=\"async\" class=\"wp-image-19000 size-full\" src=\"http:\/\/insideamateurfussball-ffm.de\/wp-content\/uploads\/2024\/05\/kalb5.jpg\" alt=\"\" width=\"1772\" height=\"1252\" srcset=\"https:\/\/insideamateurfussball-ffm.de\/wp-content\/uploads\/2024\/05\/kalb5.jpg 1772w, https:\/\/insideamateurfussball-ffm.de\/wp-content\/uploads\/2024\/05\/kalb5-300x212.jpg 300w, https:\/\/insideamateurfussball-ffm.de\/wp-content\/uploads\/2024\/05\/kalb5-1024x724.jpg 1024w, https:\/\/insideamateurfussball-ffm.de\/wp-content\/uploads\/2024\/05\/kalb5-768x543.jpg 768w, https:\/\/insideamateurfussball-ffm.de\/wp-content\/uploads\/2024\/05\/kalb5-1536x1085.jpg 1536w\" sizes=\"auto, (max-width: 1772px) 100vw, 1772px\" \/><figcaption id=\"caption-attachment-19000\" class=\"wp-caption-text\">Torj\u00e4ger Achraf Gara Ali wird zum 1:0 begl\u00fcckw\u00fcnscht. Foto: Mithat G\u00fcrser<\/figcaption><\/figure>\n<h4>FC Kalbach &#8211; FC Neu-Anspach 3:1 (2:1)<\/h4>\n<p><img loading=\"lazy\" decoding=\"async\" class=\"alignnone size-full wp-image-16\" src=\"http:\/\/insideamateurfussball-ffm.de\/wp-content\/uploads\/2021\/11\/kalbach-wappen.jpg\" alt=\"\" width=\"80\" height=\"80\" \/><img loading=\"lazy\" decoding=\"async\" class=\"alignnone size-full wp-image-16512\" src=\"http:\/\/insideamateurfussball-ffm.de\/wp-content\/uploads\/2024\/01\/logo-neu-anspach.jpeg\" alt=\"\" width=\"80\" height=\"79\" \/><\/p>\n<p>Das sch\u00f6ne Wetter und der spielfreie Tag in der Verbandsliga lockten 390 Zuschauer nach Kalbach, wo der heimische FC gegen den Tabellenzweiten FC Neu-Anspach seine Aufstiegschancen untermauern wollte. Zu Beginn des Spiels waren beide Mannschaften darauf bedacht, keine Fehler zu machen, darunter litt das Offensivspiel. Die erste nennenswerte Chance verzeichnete Neu-Anspach in der 9.Minute, Bilal El Makrini tauchte frei vor Torwart Fabian Lanthaler auf, aus spitzem Winkel schoss er nur knapp am langen Eck vorbei. Nach und nach bekam Kalbach das Spiel besser in den Griff und in der 30.Minute konnte ein Neu-Anspacher gerade noch auf der Linie kl\u00e4ren. Nach einer Eckenvariante in der 33.Minute sprang einem G\u00e4ste-Spieler der Ball im Gew\u00fchl an die Hand und der Schiedsrichter entschied sofort auf Elfmeter, Achraf Gara Ali verlud den Torh\u00fcter und erzielte das 1:0 (34.).<\/p>\n<p>In der 43.Minute erhielt Neu-Anspach am linken Eck des Strafraums einen Freisto\u00df, Bilal El Makrini schnappte sich den Ball und zirkelte ihn sehenswert zum 1:1 in den Winkel. Damit war die erste Halbzeit noch nicht zu Ende, einen H\u00f6hepunkt hielt sie noch parat. Nach einem langen Einwurf wuchtete Moritz Uppenkamp den Ball mit dem Kopf in die Maschen des G\u00e4ste-Geh\u00e4uses (45.Minute) zum 2:1-Halbzeitstand.<\/p>\n<p>In der zweiten Halbzeit \u00fcbernahmen die Gastgeber weiter das Kommando, konnten sich aber keine klaren Chancen erspielen, einige vielversprechende Versuche endeten mit einer Abseitsentscheidung des Linienrichters. Ein Distanzschuss von Ricardo Harrabi in der 53.Minute strich knapp \u00fcber die Latte. Nach knapp einer Stunde versuchte es neu-Anspach mit neuem Personal und wechselte viermal innerhalb von 5 Minuten. Dadurch gelang den G\u00e4sten etwas mehr Spielkontrolle, auch weil sich die Kalbacher etwas zur\u00fcckzogen. Aber gro\u00dfe Chancen konnten sich die G\u00e4ste kaum erspielen, Kalbachs Torh\u00fcter Fabian Lanthaler erlebte einen \u00fcberraschend ruhigen Nachmittag, seine Verteidiger r\u00e4umten alles vor ihm bereits ab und waren sehr aufmerksam.<\/p>\n<h3><span style=\"text-decoration: underline;\">Entscheidung durch den Goalgetter<\/span><\/h3>\n<p>In der 84.Minute dann die endg\u00fcltige Entscheidung, mit einem langen Traumpass auf die rechte Seite wurde Ricardo Harrabi in Szene gesetzt, der sich gegen einen Gegenspieler durchsetzte und flach in die Mitte passte. Dort stand Goalgetter Achraf Gara Ali goldrichtig und hatte keine M\u00fche, mit seinem 51.Saisontor den Ball zum 3:1 ins Tor der G\u00e4ste einzuschieben. Dabei blieb es auch bis zum Schluss.<\/p>\n<p>Manni Meyer, Mitglied der Sportlichen Leitung der Kalbacher, nach dem Spiel: \u201eGl\u00fcckwunsch an die Mannschaft, hervorragend. Erste Halbzeit sind wir nicht so in den Flow gekommen, aber dann trotzdem durch den Elfmeter 1:0 gef\u00fchrt, kriegen dann das 1:1 durch einen direkt verwandelten Freisto\u00df, das hat so ein bisschen gedr\u00fcckt. Aber man hat gemerkt, die Mannschaft will mehr als Anspach, wir sind auch mehr gelaufen, sind die zweite Halbzeit aggressiver am Ball gewesen, deswegen ist der Sieg auch verdient, und ich bin gl\u00fccklich, dass wir jetzt hier 3.1 gewonnen haben und auf dem zweiten Platz sind.\u201c Zum Tabellenf\u00fchrer Beienheim sind es zwei Spieltage vor Schluss 4 Punkte Abstand, aber Kalbach kann den Relegationsplatz aus eigener Kraft absichern. Davor ist aber noch das Spiel in Seckbach erfolgreich zu gestalten, ehe es am letzten Spieltag m\u00f6glicherweise zum Showdown gegen den SV BKC Bosnien\/Herzegowina kommt, der nur einen Punkt hinter den Kalbachern auf dem dritten Platz lauert.<\/p>\n<h4>Schiedsrichter: Julien Scherthan (SV 07 Bischofsheim). Zuschauer: 390.<\/h4>\n<h4>Tore: 1:0 Achraf Gara Ali (34., Elfmeter), 1:1 Bilal El Makrini (43.), 2:1 Moritz Uppenkamp (45.), 3:1 Achraf Gara Ali (84.)<\/h4>\n<blockquote>\n<h4>Fotograf Mithat G\u00fcrser stellte noch weitere Fotos zur Verf\u00fcgung.<\/h4>\n<\/blockquote>\n\n\n<figure class=\"wp-block-image size-large\"><img loading=\"lazy\" decoding=\"async\" width=\"1024\" height=\"724\" src=\"http:\/\/insideamateurfussball-ffm.de\/wp-content\/uploads\/2024\/05\/kalb1-1024x724.jpg\" alt=\"\" class=\"wp-image-18997\" srcset=\"https:\/\/insideamateurfussball-ffm.de\/wp-content\/uploads\/2024\/05\/kalb1-1024x724.jpg 1024w, https:\/\/insideamateurfussball-ffm.de\/wp-content\/uploads\/2024\/05\/kalb1-300x212.jpg 300w, https:\/\/insideamateurfussball-ffm.de\/wp-content\/uploads\/2024\/05\/kalb1-768x543.jpg 768w, https:\/\/insideamateurfussball-ffm.de\/wp-content\/uploads\/2024\/05\/kalb1-1536x1085.jpg 1536w, https:\/\/insideamateurfussball-ffm.de\/wp-content\/uploads\/2024\/05\/kalb1.jpg 1772w\" sizes=\"auto, (max-width: 1024px) 100vw, 1024px\" \/><\/figure>\n\n\n\n<figure class=\"wp-block-image size-large\"><img loading=\"lazy\" decoding=\"async\" width=\"1024\" height=\"730\" src=\"http:\/\/insideamateurfussball-ffm.de\/wp-content\/uploads\/2024\/05\/kalb2-1024x730.jpg\" alt=\"\" class=\"wp-image-18998\" srcset=\"https:\/\/insideamateurfussball-ffm.de\/wp-content\/uploads\/2024\/05\/kalb2-1024x730.jpg 1024w, https:\/\/insideamateurfussball-ffm.de\/wp-content\/uploads\/2024\/05\/kalb2-300x214.jpg 300w, https:\/\/insideamateurfussball-ffm.de\/wp-content\/uploads\/2024\/05\/kalb2-768x547.jpg 768w, https:\/\/insideamateurfussball-ffm.de\/wp-content\/uploads\/2024\/05\/kalb2-1536x1095.jpg 1536w, https:\/\/insideamateurfussball-ffm.de\/wp-content\/uploads\/2024\/05\/kalb2.jpg 1772w\" sizes=\"auto, (max-width: 1024px) 100vw, 1024px\" \/><\/figure>\n\n\n\n<figure class=\"wp-block-image size-large\"><img loading=\"lazy\" decoding=\"async\" width=\"1024\" height=\"696\" src=\"http:\/\/insideamateurfussball-ffm.de\/wp-content\/uploads\/2024\/05\/kalb4-1024x696.jpg\" alt=\"\" class=\"wp-image-18999\" srcset=\"https:\/\/insideamateurfussball-ffm.de\/wp-content\/uploads\/2024\/05\/kalb4-1024x696.jpg 1024w, https:\/\/insideamateurfussball-ffm.de\/wp-content\/uploads\/2024\/05\/kalb4-300x204.jpg 300w, https:\/\/insideamateurfussball-ffm.de\/wp-content\/uploads\/2024\/05\/kalb4-768x522.jpg 768w, https:\/\/insideamateurfussball-ffm.de\/wp-content\/uploads\/2024\/05\/kalb4-1536x1044.jpg 1536w, https:\/\/insideamateurfussball-ffm.de\/wp-content\/uploads\/2024\/05\/kalb4.jpg 1772w\" sizes=\"auto, (max-width: 1024px) 100vw, 1024px\" \/><\/figure>\n","protected":false},"excerpt":{"rendered":"<p>Der FC Kalbach besiegte im Spitzenspiel vor 390 Zuschauern den Tabellenzweiten FC Neu-Anspach verdient mit 3:1 und springt dadurch selbst auf Platz 2, dem Relegationsplatz f\u00fcr den Aufstieg, knapp vor dem SV BKC Bosnien\/Herzegowina. FC Kalbach &#8211; FC Neu-Anspach 3:1 (2:1) Das sch\u00f6ne Wetter und der spielfreie Tag in der Verbandsliga lockten 390 Zuschauer nach [&hellip;]<\/p>\n","protected":false},"author":3,"featured_media":19000,"comment_status":"open","ping_status":"open","sticky":true,"template":"","format":"standard","meta":{"footnotes":""},"categories":[13],"tags":[],"class_list":["post-18996","post","type-post","status-publish","format-standard","has-post-thumbnail","hentry","category-gruppenliga-frankfurt-west"],"_links":{"self":[{"href":"https:\/\/insideamateurfussball-ffm.de\/index.php?rest_route=\/wp\/v2\/posts\/18996","targetHints":{"allow":["GET"]}}],"collection":[{"href":"https:\/\/insideamateurfussball-ffm.de\/index.php?rest_route=\/wp\/v2\/posts"}],"about":[{"href":"https:\/\/insideamateurfussball-ffm.de\/index.php?rest_route=\/wp\/v2\/types\/post"}],"author":[{"embeddable":true,"href":"https:\/\/insideamateurfussball-ffm.de\/index.php?rest_route=\/wp\/v2\/users\/3"}],"replies":[{"embeddable":true,"href":"https:\/\/insideamateurfussball-ffm.de\/index.php?rest_route=%2Fwp%2Fv2%2Fcomments&post=18996"}],"version-history":[{"count":7,"href":"https:\/\/insideamateurfussball-ffm.de\/index.php?rest_route=\/wp\/v2\/posts\/18996\/revisions"}],"predecessor-version":[{"id":19007,"href":"https:\/\/insideamateurfussball-ffm.de\/index.php?rest_route=\/wp\/v2\/posts\/18996\/revisions\/19007"}],"wp:featuredmedia":[{"embeddable":true,"href":"https:\/\/insideamateurfussball-ffm.de\/index.php?rest_route=\/wp\/v2\/media\/19000"}],"wp:attachment":[{"href":"https:\/\/insideamateurfussball-ffm.de\/index.php?rest_route=%2Fwp%2Fv2%2Fmedia&parent=18996"}],"wp:term":[{"taxonomy":"category","embeddable":true,"href":"https:\/\/insideamateurfussball-ffm.de\/index.php?rest_route=%2Fwp%2Fv2%2Fcategories&post=18996"},{"taxonomy":"post_tag","embeddable":true,"href":"https:\/\/insideamateurfussball-ffm.de\/index.php?rest_route=%2Fwp%2Fv2%2Ftags&post=18996"}],"curies":[{"name":"wp","href":"https:\/\/api.w.org\/{rel}","templated":true}]}}