{"id":18971,"date":"2024-05-18T20:48:39","date_gmt":"2024-05-18T18:48:39","guid":{"rendered":"https:\/\/insideamateurfussball-ffm.de\/?p=18971"},"modified":"2024-05-18T20:48:39","modified_gmt":"2024-05-18T18:48:39","slug":"speuzer-mit-naechster-niederlage","status":"publish","type":"post","link":"https:\/\/insideamateurfussball-ffm.de\/?p=18971","title":{"rendered":"Speuzer mit n\u00e4chster Niederlage"},"content":{"rendered":"<h4>Auch gegen den 1,FCA Darmstadt konnten die FFV Sportfreunde 04 keine Punkte einfahren und bleiben damit im Jahr 2024 punktlos. Das Spiel endete mit einem 1:3, die Schw\u00e4che bei Standards war ausschlaggebend f\u00fcr diese Heimniederlage.<\/h4>\n<figure id=\"attachment_18828\" aria-describedby=\"caption-attachment-18828\" style=\"width: 2560px\" class=\"wp-caption alignnone\"><img loading=\"lazy\" decoding=\"async\" class=\"wp-image-18828 size-full\" src=\"http:\/\/insideamateurfussball-ffm.de\/wp-content\/uploads\/2024\/05\/FCADA-SGB_240512-109-scaled.jpg\" alt=\"\" width=\"2560\" height=\"1707\" srcset=\"https:\/\/insideamateurfussball-ffm.de\/wp-content\/uploads\/2024\/05\/FCADA-SGB_240512-109-scaled.jpg 2560w, https:\/\/insideamateurfussball-ffm.de\/wp-content\/uploads\/2024\/05\/FCADA-SGB_240512-109-300x200.jpg 300w, https:\/\/insideamateurfussball-ffm.de\/wp-content\/uploads\/2024\/05\/FCADA-SGB_240512-109-1024x683.jpg 1024w, https:\/\/insideamateurfussball-ffm.de\/wp-content\/uploads\/2024\/05\/FCADA-SGB_240512-109-768x512.jpg 768w, https:\/\/insideamateurfussball-ffm.de\/wp-content\/uploads\/2024\/05\/FCADA-SGB_240512-109-1536x1024.jpg 1536w, https:\/\/insideamateurfussball-ffm.de\/wp-content\/uploads\/2024\/05\/FCADA-SGB_240512-109-2048x1365.jpg 2048w\" sizes=\"auto, (max-width: 2560px) 100vw, 2560px\" \/><figcaption id=\"caption-attachment-18828\" class=\"wp-caption-text\">Der 1.FCA Darmstadt, hier links im Spiel gegen Bornheim, gewann auch bei den FFV Sportfreunden. Foto: Archiv Andre Sturmeit<\/figcaption><\/figure>\n<p>FFV Sportfreunde 04 &#8211; 1.FCA Darmstadt 1:3 (0:3)<\/p>\n<p><img loading=\"lazy\" decoding=\"async\" class=\"alignnone size-full wp-image-141\" src=\"http:\/\/insideamateurfussball-ffm.de\/wp-content\/uploads\/2022\/05\/Speuzer.jpg\" alt=\"\" width=\"80\" height=\"80\" \/><img loading=\"lazy\" decoding=\"async\" class=\"alignnone size-full wp-image-10166\" src=\"http:\/\/insideamateurfussball-ffm.de\/wp-content\/uploads\/2023\/06\/FCADA.jpg\" alt=\"\" width=\"78\" height=\"80\" \/><\/p>\n<p>Die FFV Sportfreunde 04 sehnen das Saisonende herbei, gegen den 1.FCA Darmstadt kassierten sie die 13.Niederlage in Folge im Jahr 2024, und wie Trainer Ramzi Kallel konstatierte: \u201ewir waren bei Standards schlecht und haben sie schlecht verteidigt.\u201c So fielen f\u00fcr den 1.FCA Darmstadt in der ersten Halbzeit zwei Tore nach Ecken, Kallel:\u201cwir haben alle Kopfb\u00e4lle verloren. Und das dritte Gegentor haben wir durch einen individuellen Fehler selbst eingeleitet.\u201c<\/p>\n<p>Die Darmst\u00e4dter nutzten die Probleme der Speuzer Abwehr konsequent aus und kamen in der ersten Halbzeit durch Tore von Jose Roberto da Silva Olimpio (15.), Kassiano Soares Mendonca (22.) und Vinicius Freitas Borges (33.) zum 3:0-Pausenstand. Die zweite Halbzeit konnten die Sportfreunde ausgeglichener gestalten, lie\u00dfen nicht mehr viel der G\u00e4ste zu und nahmen in der 72.Minute dankbar ein Geschenk des gegnerischen Torwarts an, Ahmed Hatim Mohamed Ahmed verk\u00fcrzte auf 1:3.<\/p>\n<p>Bis zum Schlusspfiff blieb es dann beim 1:3. Ihr letztes Saisonspiel haben die Sportfreunde bereits am Donnerstag, da reisen sie zum Nachbarn RW Frankfurt.<\/p>\n<h4>Schiedsrichter: k.A. Zuschauer: 20.<\/h4>\n<h4>Tore: 0:1 Jose Roberto da Silva Olimpio (15.), 0:2 Kassiano Soares Mendonca (22.), 0:3 Vinicius Freitas Borges (33.), 1:3 Ahmed Hatim Mohamed Ahmed (72.)<\/h4>\n","protected":false},"excerpt":{"rendered":"<p>Auch gegen den 1,FCA Darmstadt konnten die FFV Sportfreunde 04 keine Punkte einfahren und bleiben damit im Jahr 2024 punktlos. Das Spiel endete mit einem 1:3, die Schw\u00e4che bei Standards war ausschlaggebend f\u00fcr diese Heimniederlage. FFV Sportfreunde 04 &#8211; 1.FCA Darmstadt 1:3 (0:3) Die FFV Sportfreunde 04 sehnen das Saisonende herbei, gegen den 1.FCA Darmstadt [&hellip;]<\/p>\n","protected":false},"author":3,"featured_media":18828,"comment_status":"open","ping_status":"open","sticky":true,"template":"","format":"standard","meta":{"footnotes":""},"categories":[10],"tags":[],"class_list":["post-18971","post","type-post","status-publish","format-standard","has-post-thumbnail","hentry","category-verbandsliga-sued"],"_links":{"self":[{"href":"https:\/\/insideamateurfussball-ffm.de\/index.php?rest_route=\/wp\/v2\/posts\/18971","targetHints":{"allow":["GET"]}}],"collection":[{"href":"https:\/\/insideamateurfussball-ffm.de\/index.php?rest_route=\/wp\/v2\/posts"}],"about":[{"href":"https:\/\/insideamateurfussball-ffm.de\/index.php?rest_route=\/wp\/v2\/types\/post"}],"author":[{"embeddable":true,"href":"https:\/\/insideamateurfussball-ffm.de\/index.php?rest_route=\/wp\/v2\/users\/3"}],"replies":[{"embeddable":true,"href":"https:\/\/insideamateurfussball-ffm.de\/index.php?rest_route=%2Fwp%2Fv2%2Fcomments&post=18971"}],"version-history":[{"count":2,"href":"https:\/\/insideamateurfussball-ffm.de\/index.php?rest_route=\/wp\/v2\/posts\/18971\/revisions"}],"predecessor-version":[{"id":18973,"href":"https:\/\/insideamateurfussball-ffm.de\/index.php?rest_route=\/wp\/v2\/posts\/18971\/revisions\/18973"}],"wp:featuredmedia":[{"embeddable":true,"href":"https:\/\/insideamateurfussball-ffm.de\/index.php?rest_route=\/wp\/v2\/media\/18828"}],"wp:attachment":[{"href":"https:\/\/insideamateurfussball-ffm.de\/index.php?rest_route=%2Fwp%2Fv2%2Fmedia&parent=18971"}],"wp:term":[{"taxonomy":"category","embeddable":true,"href":"https:\/\/insideamateurfussball-ffm.de\/index.php?rest_route=%2Fwp%2Fv2%2Fcategories&post=18971"},{"taxonomy":"post_tag","embeddable":true,"href":"https:\/\/insideamateurfussball-ffm.de\/index.php?rest_route=%2Fwp%2Fv2%2Ftags&post=18971"}],"curies":[{"name":"wp","href":"https:\/\/api.w.org\/{rel}","templated":true}]}}