{"id":18888,"date":"2024-05-14T21:31:06","date_gmt":"2024-05-14T19:31:06","guid":{"rendered":"https:\/\/insideamateurfussball-ffm.de\/?p=18888"},"modified":"2024-09-06T22:21:57","modified_gmt":"2024-09-06T20:21:57","slug":"harheim-gewinnt-30-bei-feierndem-meister","status":"publish","type":"post","link":"https:\/\/insideamateurfussball-ffm.de\/?p=18888","title":{"rendered":"Harheim gewinnt 3:0 bei feierndem Meister"},"content":{"rendered":"<h3>Wie so oft wenn Meister vorzeitig feststehen &#8211; au\u00dfer Bayer Leverkusen &#8211; l\u00e4sst man automatisch nach und verliert dann wie der TSKV T\u00fcrkg\u00fcc\u00fc in der Kreisoberliga gegen die SG Harheim klar mit 0:3. Nebenher lief die Meisterschaftsfeier, der Gegner war trotz angespannter Personallage hochmotivert und bleibt der Kreisoberliga im Gegensatz zu den Gastgebern eine weitere Saison erhalten.\u00a0<\/h3>\n<figure id=\"attachment_18889\" aria-describedby=\"caption-attachment-18889\" style=\"width: 999px\" class=\"wp-caption alignnone\"><img loading=\"lazy\" decoding=\"async\" class=\"wp-image-18889 size-full\" src=\"http:\/\/insideamateurfussball-ffm.de\/wp-content\/uploads\/2024\/05\/Dias-Meda.jpg\" alt=\"\" width=\"999\" height=\"749\" srcset=\"https:\/\/insideamateurfussball-ffm.de\/wp-content\/uploads\/2024\/05\/Dias-Meda.jpg 999w, https:\/\/insideamateurfussball-ffm.de\/wp-content\/uploads\/2024\/05\/Dias-Meda-300x225.jpg 300w, https:\/\/insideamateurfussball-ffm.de\/wp-content\/uploads\/2024\/05\/Dias-Meda-768x576.jpg 768w\" sizes=\"auto, (max-width: 999px) 100vw, 999px\" \/><figcaption id=\"caption-attachment-18889\" class=\"wp-caption-text\">Harheims Fabio Dias Meda war mit 22 Eins\u00e4tzen und drei Toren am Klassenerhalt beteiligt. Foto: Archiv J\u00f6rg Schulz.<\/figcaption><\/figure>\n<h3>TSKV T\u00fcrkg\u00fcc\u00fc &#8211; SG Harheim 0:3 (0:2)<\/h3>\n<p><img loading=\"lazy\" decoding=\"async\" class=\"alignnone size-full wp-image-17\" src=\"http:\/\/insideamateurfussball-ffm.de\/wp-content\/uploads\/2021\/11\/Tuerkguecue.jpg\" alt=\"\" width=\"72\" height=\"80\" \/><img loading=\"lazy\" decoding=\"async\" class=\"alignnone size-full wp-image-284\" src=\"http:\/\/insideamateurfussball-ffm.de\/wp-content\/uploads\/2022\/05\/Harheim.jpg\" alt=\"\" width=\"78\" height=\"80\" \/><\/p>\n<p>Nach dem R\u00fccktritt von Meistercoach Mehmet Tunay Somun \u00fcbernimmt Ercan Kadimli f\u00fcr die letzten beiden Spiele die Interimsl\u00f6sung. &#8222;Es war vor 350 Zuschauern schwer, die Mannschaft noch zu motivieren. Harheim war ja zu 99,9 Prozent durch. H\u00e4tte der Gegner noch Punkte gebraucht, w\u00e4ren wir anders aufgetreten&#8220;, versicherte TSKV-Vorstandsmitglied Duran G\u00fcng\u00f6r. &#8222;Harheim hat sich defensiv mit zehn Mann in der eigenen H\u00e4lfte aufgestellt. Da konnten wir nicht viel machen&#8220;, so G\u00fcng\u00f6r.<\/p>\n<p>Die G\u00e4ste, die mit nur 13 Spielern im Aufgebot, darunter Trainer Christian Balzer, anreisten, trafen durch Ante Paradzik (10.), Lukas G\u00e4rtner (21.) und Patrick K\u00f6nig (90.\/+2). Balzer selbst fand in der letzten Partie vor dem Beginn seiner Sperre: &#8222;Wir haben gut gegen den Ball gearbeitet und Nadelstiche nach vorne gesetzt. Ansonsten haben wir beim Meister nichts zugelassen. Das war eine reife Leistung, davor ziehe ich meinen Hut.&#8220;<\/p>\n<h3><span style=\"text-decoration: underline;\">Harheims Reserve muss in die Abstiegsrelegation<\/span><\/h3>\n<p>Mit nur 16 Punkten hatte der ehemalige Oberliga-Fu\u00dfballer die Harheimer auf dem Relegationsplatz \u00fcbernommen. Er holte vor dem abschlie\u00dfenden Spiel beim Relegationsteilnehmer zur Gruppenliga Viktoria Preu\u00dfen 21 Punkte dazu. Nun gelte es aber, die Zweite Mannschaft in der A-Klasse zu halten, die als Vorletzter in die Abstiegsrelegation geht.<\/p>\n<p>F\u00fcr T\u00fcrkg\u00fcc\u00fc geht es nach dem letzten Heimspiel gegen Concordia Eschersheim hoch in die Gruppenliga, wo man als bisher achter Verein den Kreis Frankfurt repr\u00e4sentieren wird. Bleiben in der Gruppenliga alle sechs Clubs drin, kommt aus der Verbandsliga S\u00fcd neben den &#8222;Speuzern&#8220; auch Rot-Weiss runter und steigt neben T\u00fcrkg\u00fcc\u00fc noch Viktoria Preu\u00dfen aus der KOL auf, g\u00e4be es rekordverd\u00e4chtige zehn Kreisvertreter eine Etage h\u00f6her.\u00a0<\/p>\n<h3><span style=\"text-decoration: underline;\">Schiedsrichter: Birani Achraf (FC Tempo). Zuschauer: 350. <\/span><\/h3>\n<h3><span style=\"text-decoration: underline;\">Tore: 0:1 Ante Paradzik (10.), 0:2 Lukas G\u00e4rtner (21.), 0:3 Patrick K\u00f6nig (90,\/+2).<\/span><\/h3>\n<h3><span style=\"text-decoration: underline;\"> Dem Meister zu Ehren noch ein Meisterfoto. Quelle: Instagram\/turkgucu.frankfurt<\/span><\/h3>\n<h3>\u00a0\u00a0<\/h3>\n\n\n<figure class=\"wp-block-image size-large is-style-default\"><img loading=\"lazy\" decoding=\"async\" width=\"582\" height=\"1024\" src=\"https:\/\/insideamateurfussball-ffm.de\/wp-content\/uploads\/2024\/05\/TGM-582x1024.jpg\" alt=\"\" class=\"wp-image-18890\" srcset=\"https:\/\/insideamateurfussball-ffm.de\/wp-content\/uploads\/2024\/05\/TGM-582x1024.jpg 582w, https:\/\/insideamateurfussball-ffm.de\/wp-content\/uploads\/2024\/05\/TGM-170x300.jpg 170w, https:\/\/insideamateurfussball-ffm.de\/wp-content\/uploads\/2024\/05\/TGM-768x1352.jpg 768w, https:\/\/insideamateurfussball-ffm.de\/wp-content\/uploads\/2024\/05\/TGM-873x1536.jpg 873w, https:\/\/insideamateurfussball-ffm.de\/wp-content\/uploads\/2024\/05\/TGM.jpg 1080w\" sizes=\"auto, (max-width: 582px) 100vw, 582px\" \/><\/figure>\n","protected":false},"excerpt":{"rendered":"<p>Wie so oft wenn Meister vorzeitig feststehen &#8211; au\u00dfer Bayer Leverkusen &#8211; l\u00e4sst man automatisch nach und verliert dann wie der TSKV T\u00fcrkg\u00fcc\u00fc in der Kreisoberliga gegen die SG Harheim klar mit 0:3. Nebenher lief die Meisterschaftsfeier, der Gegner war trotz angespannter Personallage hochmotivert und bleibt der Kreisoberliga im Gegensatz zu den Gastgebern eine weitere [&hellip;]<\/p>\n","protected":false},"author":1,"featured_media":18889,"comment_status":"open","ping_status":"open","sticky":true,"template":"","format":"standard","meta":{"footnotes":""},"categories":[2],"tags":[],"class_list":["post-18888","post","type-post","status-publish","format-standard","has-post-thumbnail","hentry","category-kreisoberliga-frankfurt"],"_links":{"self":[{"href":"https:\/\/insideamateurfussball-ffm.de\/index.php?rest_route=\/wp\/v2\/posts\/18888","targetHints":{"allow":["GET"]}}],"collection":[{"href":"https:\/\/insideamateurfussball-ffm.de\/index.php?rest_route=\/wp\/v2\/posts"}],"about":[{"href":"https:\/\/insideamateurfussball-ffm.de\/index.php?rest_route=\/wp\/v2\/types\/post"}],"author":[{"embeddable":true,"href":"https:\/\/insideamateurfussball-ffm.de\/index.php?rest_route=\/wp\/v2\/users\/1"}],"replies":[{"embeddable":true,"href":"https:\/\/insideamateurfussball-ffm.de\/index.php?rest_route=%2Fwp%2Fv2%2Fcomments&post=18888"}],"version-history":[{"count":2,"href":"https:\/\/insideamateurfussball-ffm.de\/index.php?rest_route=\/wp\/v2\/posts\/18888\/revisions"}],"predecessor-version":[{"id":20825,"href":"https:\/\/insideamateurfussball-ffm.de\/index.php?rest_route=\/wp\/v2\/posts\/18888\/revisions\/20825"}],"wp:featuredmedia":[{"embeddable":true,"href":"https:\/\/insideamateurfussball-ffm.de\/index.php?rest_route=\/wp\/v2\/media\/18889"}],"wp:attachment":[{"href":"https:\/\/insideamateurfussball-ffm.de\/index.php?rest_route=%2Fwp%2Fv2%2Fmedia&parent=18888"}],"wp:term":[{"taxonomy":"category","embeddable":true,"href":"https:\/\/insideamateurfussball-ffm.de\/index.php?rest_route=%2Fwp%2Fv2%2Fcategories&post=18888"},{"taxonomy":"post_tag","embeddable":true,"href":"https:\/\/insideamateurfussball-ffm.de\/index.php?rest_route=%2Fwp%2Fv2%2Ftags&post=18888"}],"curies":[{"name":"wp","href":"https:\/\/api.w.org\/{rel}","templated":true}]}}