{"id":18882,"date":"2024-05-14T20:49:56","date_gmt":"2024-05-14T18:49:56","guid":{"rendered":"https:\/\/insideamateurfussball-ffm.de\/?p=18882"},"modified":"2024-05-14T20:49:56","modified_gmt":"2024-05-14T18:49:56","slug":"tuerkguecue-und-somun-gehen-getrennte-wege","status":"publish","type":"post","link":"https:\/\/insideamateurfussball-ffm.de\/?p=18882","title":{"rendered":"T\u00fcrkg\u00fcc\u00fc und Somun gehen getrennte Wege"},"content":{"rendered":"<h3>Nur f\u00fcnf Tage nach der feststehenden Meisterschaft haben sich der TSKV T\u00fcrkg\u00fcc\u00fc und Trainer Mehmet Tunay Somun getrennt und werden den Aufstieg in die Gruppenliga Frankfurt West nicht gemeinsam antreten. Das teilte uns der Meistercoach in einer Sprachnotiz mit, in der eine seine Entt\u00e4uschung \u00fcber die Art und Weise des Verhaltens der T\u00fcrkg\u00fcc\u00fc-Funktion\u00e4re zum Ausdruck bringt.<\/h3>\n<figure id=\"attachment_18883\" aria-describedby=\"caption-attachment-18883\" style=\"width: 526px\" class=\"wp-caption alignright\"><img loading=\"lazy\" decoding=\"async\" class=\"wp-image-18883 size-full\" src=\"http:\/\/insideamateurfussball-ffm.de\/wp-content\/uploads\/2024\/05\/tguecue35-1.jpg\" alt=\"\" width=\"526\" height=\"382\" srcset=\"https:\/\/insideamateurfussball-ffm.de\/wp-content\/uploads\/2024\/05\/tguecue35-1.jpg 526w, https:\/\/insideamateurfussball-ffm.de\/wp-content\/uploads\/2024\/05\/tguecue35-1-300x218.jpg 300w\" sizes=\"auto, (max-width: 526px) 100vw, 526px\" \/><figcaption id=\"caption-attachment-18883\" class=\"wp-caption-text\">Meistercoach Mehmet Tunay Somun geht den Weg in die Gruppenliga mit dem TSKV T\u00fcrkg\u00fcc\u00fc nicht mit. Foto: Mithat G\u00fcrser.<\/figcaption><\/figure>\n<p><img loading=\"lazy\" decoding=\"async\" class=\"alignnone size-full wp-image-17\" src=\"http:\/\/insideamateurfussball-ffm.de\/wp-content\/uploads\/2021\/11\/Tuerkguecue.jpg\" alt=\"\" width=\"72\" height=\"80\" \/><\/p>\n<p>Somun, der am Sonntag schon bei der 0:3-Heimniederlage gegen die SG Harheim (Spielbericht folgt) nicht mehr an der Seitenlinie stand und der Meisterfeier fern blieb, hatte T\u00fcrkg\u00fcc\u00fc im Januar 2023 als mittelm\u00e4\u00dfigen Kreisoberligisten \u00fcbernommen und ihn in knapp 16 Monaten zum Meister gemacht. &#8222;Ich bin nicht mehr Trainer von T\u00fcrkg\u00fcc\u00fc Frankfurt und habe mich am Freitag vor dem Training von der Mannschaft verabschiedet und mich f\u00fcr die gute und erfolgreiche Zusammenarbeit bedankt&#8220;, teilte Somun mit.<\/p>\n<p>Wie konnte es dazu kommen? &#8222;Nach dem Sieg bei Tarik und dem gesicherten Aufstieg war ich guter Dinge, dass wir in den n\u00e4chsten Tagen die Saisonplanung mit der Sportlichen Leitung vornehmen werden. Es sollten Gespr\u00e4che mit dem eigenen Kader und potenziellen Neuzug\u00e4ngen stattfinden. Am Mittwoch habe ich \u00fcber Dritte erfahren, dass da hinter meinem R\u00fccken schon Entscheidungen getroffen worden sind. Ab dem Moment war f\u00fcr mich klar, dass eine weitere vertrauensvolle Zusammenarbeit nicht mehr m\u00f6glich ist. Ich habe dann am Donnerstag die Sportliche Leitung damit telefonisch konfrontiert und habe dann erfahren, dass man mit einem neuen Trainer in die neue Saison gehen m\u00f6chte und neue Impulse setzen will.&#8220;<\/p>\n<blockquote>\n<h3><span style=\"text-decoration: underline;\">&#8222;So eine Behandlung verdient kein Trainer (Mehmet Tunay Somun)<\/span><\/h3>\n<\/blockquote>\n<p>Den Vorschlag, das Meisterteam in den letzten beiden Spielen noch zu betreuen und dann eine angemessene Verabschiedung zu erhalten, lehnte Somun ab. &#8222;Aufgrund der Entwicklung und der Vorkommnisse dieser Tage ist das kein Umgang f\u00fcr einen Trainer, der den Verein im Mittelfeld der Kreisoberliga \u00fcbernommen hat und innerhalb einem Jahr in die Gruppenliga f\u00fchrt. So eine Behandlung verdient kein Trainer. Mit dem Aufstieg ist die Mission und das Kapitel T\u00fcrkg\u00fcc\u00fc Frankfurt f\u00fcr mich beendet.&#8220; Wie geht es mit Somun weiter? &#8222;Vielleicht kommt ja ein ambitionierter Verein, der oben mitspielen will und dann h\u00f6re ich, ob eine interessante Aufgabe dabei ist.&#8220;<\/p>\n<p>Vorstandsmitglied Duran G\u00fcng\u00f6r bedankte sich bei Somun: &#8222;In meinen Augen hat er hier gute Arbeit geleistet, das sieht man ja an der Meisterschaft.&#8220; Dennoch habe sich seit der Winterpause im Vorstand ein Meinungsbild ergeben, dass die Mehrheit immer wieder Kritik anbrachte, wonach Somun die Mannschaft nicht im Griff habe. &#8222;Wir haben im Winter beschlossen, dass wir das Ding gemeinsam durchziehen. Jetzt mussten wir uns aber der Mehrheit beugen.&#8220; Der Nachfolger soll aus einer Liste von vier Kandidaten ausgew\u00e4hlt werden. &#8222;Mitte n\u00e4chster Woche werden wir den neuen Trainer vorstellen&#8220;, so G\u00fcng\u00f6r.<\/p>\n","protected":false},"excerpt":{"rendered":"<p>Nur f\u00fcnf Tage nach der feststehenden Meisterschaft haben sich der TSKV T\u00fcrkg\u00fcc\u00fc und Trainer Mehmet Tunay Somun getrennt und werden den Aufstieg in die Gruppenliga Frankfurt West nicht gemeinsam antreten. Das teilte uns der Meistercoach in einer Sprachnotiz mit, in der eine seine Entt\u00e4uschung \u00fcber die Art und Weise des Verhaltens der T\u00fcrkg\u00fcc\u00fc-Funktion\u00e4re zum Ausdruck [&hellip;]<\/p>\n","protected":false},"author":1,"featured_media":18883,"comment_status":"open","ping_status":"open","sticky":true,"template":"","format":"standard","meta":{"footnotes":""},"categories":[2],"tags":[],"class_list":["post-18882","post","type-post","status-publish","format-standard","has-post-thumbnail","hentry","category-kreisoberliga-frankfurt"],"_links":{"self":[{"href":"https:\/\/insideamateurfussball-ffm.de\/index.php?rest_route=\/wp\/v2\/posts\/18882","targetHints":{"allow":["GET"]}}],"collection":[{"href":"https:\/\/insideamateurfussball-ffm.de\/index.php?rest_route=\/wp\/v2\/posts"}],"about":[{"href":"https:\/\/insideamateurfussball-ffm.de\/index.php?rest_route=\/wp\/v2\/types\/post"}],"author":[{"embeddable":true,"href":"https:\/\/insideamateurfussball-ffm.de\/index.php?rest_route=\/wp\/v2\/users\/1"}],"replies":[{"embeddable":true,"href":"https:\/\/insideamateurfussball-ffm.de\/index.php?rest_route=%2Fwp%2Fv2%2Fcomments&post=18882"}],"version-history":[{"count":2,"href":"https:\/\/insideamateurfussball-ffm.de\/index.php?rest_route=\/wp\/v2\/posts\/18882\/revisions"}],"predecessor-version":[{"id":18887,"href":"https:\/\/insideamateurfussball-ffm.de\/index.php?rest_route=\/wp\/v2\/posts\/18882\/revisions\/18887"}],"wp:featuredmedia":[{"embeddable":true,"href":"https:\/\/insideamateurfussball-ffm.de\/index.php?rest_route=\/wp\/v2\/media\/18883"}],"wp:attachment":[{"href":"https:\/\/insideamateurfussball-ffm.de\/index.php?rest_route=%2Fwp%2Fv2%2Fmedia&parent=18882"}],"wp:term":[{"taxonomy":"category","embeddable":true,"href":"https:\/\/insideamateurfussball-ffm.de\/index.php?rest_route=%2Fwp%2Fv2%2Fcategories&post=18882"},{"taxonomy":"post_tag","embeddable":true,"href":"https:\/\/insideamateurfussball-ffm.de\/index.php?rest_route=%2Fwp%2Fv2%2Ftags&post=18882"}],"curies":[{"name":"wp","href":"https:\/\/api.w.org\/{rel}","templated":true}]}}