{"id":18876,"date":"2024-05-14T19:11:39","date_gmt":"2024-05-14T17:11:39","guid":{"rendered":"https:\/\/insideamateurfussball-ffm.de\/?p=18876"},"modified":"2024-05-14T19:11:39","modified_gmt":"2024-05-14T17:11:39","slug":"concordia-und-griesheim-bleiben-der-liga-erhalten","status":"publish","type":"post","link":"https:\/\/insideamateurfussball-ffm.de\/?p=18876","title":{"rendered":"Concordia und Griesheim bleiben der Liga erhalten"},"content":{"rendered":"<h3>Nach dem 1:3 (1:1) der Spvgg. 02 Griesheim gegen Concordia Eschersheim besteht bei beiden Vereinen die Gewissheit, nach einem schwierigen Saisonverlauf die Klasse gehalten zu haben. Bei der Concordia waren daf\u00fcr vier Siege in Folge ausschlaggebend.<\/h3>\n<figure id=\"attachment_18877\" aria-describedby=\"caption-attachment-18877\" style=\"width: 999px\" class=\"wp-caption alignnone\"><img loading=\"lazy\" decoding=\"async\" class=\"wp-image-18877 size-full\" src=\"http:\/\/insideamateurfussball-ffm.de\/wp-content\/uploads\/2024\/05\/DSC_0592-2.jpg\" alt=\"\" width=\"999\" height=\"749\" srcset=\"https:\/\/insideamateurfussball-ffm.de\/wp-content\/uploads\/2024\/05\/DSC_0592-2.jpg 999w, https:\/\/insideamateurfussball-ffm.de\/wp-content\/uploads\/2024\/05\/DSC_0592-2-300x225.jpg 300w, https:\/\/insideamateurfussball-ffm.de\/wp-content\/uploads\/2024\/05\/DSC_0592-2-768x576.jpg 768w\" sizes=\"auto, (max-width: 999px) 100vw, 999px\" \/><figcaption id=\"caption-attachment-18877\" class=\"wp-caption-text\">Egbert K\u00f6ppen und Walter Dorn k\u00f6nnen mit dem Klassenerhalt der Concordia zufrieden sein. Foto: Archiv J\u00f6rg Schulz.\u00a0\u00a0<\/figcaption><\/figure>\n<h3>Spvgg. 02 Griesheim &#8211; Concordia Eschersheim 1:3 (1:1)<\/h3>\n<p><img loading=\"lazy\" decoding=\"async\" class=\"alignnone size-full wp-image-287\" src=\"http:\/\/insideamateurfussball-ffm.de\/wp-content\/uploads\/2022\/05\/SpVgg._02_Griesheim_02.jpg\" alt=\"\" width=\"100\" height=\"100\" \/><img loading=\"lazy\" decoding=\"async\" class=\"alignnone size-full wp-image-37\" src=\"http:\/\/insideamateurfussball-ffm.de\/wp-content\/uploads\/2021\/11\/1sv07_news2_4178_01_01_02.jpg\" alt=\"\" width=\"80\" height=\"80\" \/><\/p>\n<p>Sicherlich war es nicht der vor der Saison formulierte Anspruch, am vorletzten Spieltag auf Rang 15 stehend froh zu sein, bei vier Punkten Vorsprung nicht mehr in die Relegation abrutschen zu k\u00f6nnen. &#8222;Mission done&#8220;, sagte trotzdem Trainer Erc\u00fcment Sahin, der das Amt einen Spieltag vor der Winterpause von Vorg\u00e4nger Marco Santonastaso \u00fcbernommen hatte und ab Januar aufgrund zahlreicher Abg\u00e4nge mit einem kleinen Kader arbeiten musste. &#8222;Jetzt hei\u00dft es Kader zusammenstellen und die neue Saison planen. Der Verein macht einen Umschwung und wenn man den gut strukturiert und geschlossen durchzieht, sieht es auf alle F\u00e4lle besser aus.&#8220; Im Heimspiel gegen Concordia Eschersheim waren die Griesheimer durch Michael Ofosu in F\u00fchrung gegangen (19.). Louis Haarhaus glich f\u00fcr die G\u00e4ste aus (26.). Direkt nach dem Seitenwechsel brachte Metin Can Cosgun die Concorden nach vorne (46.), die dann schnell mit Saba Kvaratskhelia (57.) ihren eigenen Ligaverbleib sicherstellten.<\/p>\n<p>Der Griesheimer Angelo Castrovillari erhielt noch eine Zeitstrafe (81.). Sahin lobte seine Mannschaft dennoch: &#8222;Diese Jungs haben mich von Anfang an ins Herz geschlossen und mir mein erstes Seniorenjahr schmackhaft gemacht. Es war anstengend und kr\u00e4ftezehrend, ich bin froh, dass es geschafft ist. Die letzten Wochen waren sehr turbulent, Ausf\u00e4lle haben immer wieder die Rotation erzwungen. Der n\u00e4chste Gegner war zuvor immer spielfrei und konnte uns jedes Mal vorher beobachten. Es muss etwas im Kader geschehen, damit es n\u00e4chste Saison, wenn es wahrscheinlich mehr Absteiger gibt, nicht so l\u00e4uft wie dieses Jahr. Im letzten Spiel gegen Gudesding werde ich interessante Spieler aus der Zweiten Mannschaft spielen lassen und sie drumherum mit einigen Leistungstr\u00e4gern st\u00e4rken. Gegen einen erfahrenen Gegner, der auch noch stark ist, eine gute Gelegenheit sich zu beweisen.&#8220;<\/p>\n<blockquote>\n<h3><span style=\"text-decoration: underline;\">&#8222;Perfekter ging es nicht, wir haben den Klassenerhalt fix gemacht&#8220; (Concordia-Trainer Andreas Ludwig)<\/span><\/h3>\n<\/blockquote>\n<p>Concordia-Trainer Andreas Ludwig meinte zum Spiel: &#8222;Das war verdient in der H\u00f6he, Griesheim war damit gut bedient. Optimal war das 2:1 und 3:1 nach der Pause, dann war der Drops gelutscht, dann ging nichts mehr bei Griesheim. Perfekter ging es nicht, wir haben den Klassenerhalt fix gemacht. \u00dcber das Jahr verteilt super Leistung, geiles Team. Von Spielern bis zu Leuten im Umfeld.&#8220;<\/p>\n<p>Das letzte Spiel f\u00fchrt die Eschersheimer zu Meister T\u00fcrkg\u00fcc\u00fc (26. Mai). &#8222;Dass das erst in zwei Wochen ist, etwas nervig. Was willst Du da noch trainieren? Wir nehmen das Momentum aber mit und sind froh \u00fcber das, was wir erreicht haben&#8220;, so Ludwig.<\/p>\n<h3>Schiedsrichter: Michael Zindel (SC Klarenthal). Zuschauer: 60.<\/h3>\n<h3>Tore: 1:0 Michael Ofosu (19.), 1:1 Louis Haarhaus (26.), 1:2 Metin Can Cosgun (46.), 1:3 Saba Kvaratskhelia (57.).<\/h3>\n","protected":false},"excerpt":{"rendered":"<p>Nach dem 1:3 (1:1) der Spvgg. 02 Griesheim gegen Concordia Eschersheim besteht bei beiden Vereinen die Gewissheit, nach einem schwierigen Saisonverlauf die Klasse gehalten zu haben. Bei der Concordia waren daf\u00fcr vier Siege in Folge ausschlaggebend. Spvgg. 02 Griesheim &#8211; Concordia Eschersheim 1:3 (1:1) Sicherlich war es nicht der vor der Saison formulierte Anspruch, am [&hellip;]<\/p>\n","protected":false},"author":1,"featured_media":18877,"comment_status":"open","ping_status":"open","sticky":true,"template":"","format":"standard","meta":{"footnotes":""},"categories":[2],"tags":[],"class_list":["post-18876","post","type-post","status-publish","format-standard","has-post-thumbnail","hentry","category-kreisoberliga-frankfurt"],"_links":{"self":[{"href":"https:\/\/insideamateurfussball-ffm.de\/index.php?rest_route=\/wp\/v2\/posts\/18876","targetHints":{"allow":["GET"]}}],"collection":[{"href":"https:\/\/insideamateurfussball-ffm.de\/index.php?rest_route=\/wp\/v2\/posts"}],"about":[{"href":"https:\/\/insideamateurfussball-ffm.de\/index.php?rest_route=\/wp\/v2\/types\/post"}],"author":[{"embeddable":true,"href":"https:\/\/insideamateurfussball-ffm.de\/index.php?rest_route=\/wp\/v2\/users\/1"}],"replies":[{"embeddable":true,"href":"https:\/\/insideamateurfussball-ffm.de\/index.php?rest_route=%2Fwp%2Fv2%2Fcomments&post=18876"}],"version-history":[{"count":1,"href":"https:\/\/insideamateurfussball-ffm.de\/index.php?rest_route=\/wp\/v2\/posts\/18876\/revisions"}],"predecessor-version":[{"id":18878,"href":"https:\/\/insideamateurfussball-ffm.de\/index.php?rest_route=\/wp\/v2\/posts\/18876\/revisions\/18878"}],"wp:featuredmedia":[{"embeddable":true,"href":"https:\/\/insideamateurfussball-ffm.de\/index.php?rest_route=\/wp\/v2\/media\/18877"}],"wp:attachment":[{"href":"https:\/\/insideamateurfussball-ffm.de\/index.php?rest_route=%2Fwp%2Fv2%2Fmedia&parent=18876"}],"wp:term":[{"taxonomy":"category","embeddable":true,"href":"https:\/\/insideamateurfussball-ffm.de\/index.php?rest_route=%2Fwp%2Fv2%2Fcategories&post=18876"},{"taxonomy":"post_tag","embeddable":true,"href":"https:\/\/insideamateurfussball-ffm.de\/index.php?rest_route=%2Fwp%2Fv2%2Ftags&post=18876"}],"curies":[{"name":"wp","href":"https:\/\/api.w.org\/{rel}","templated":true}]}}