{"id":18868,"date":"2024-05-13T23:40:05","date_gmt":"2024-05-13T21:40:05","guid":{"rendered":"https:\/\/insideamateurfussball-ffm.de\/?p=18868"},"modified":"2024-05-13T23:40:05","modified_gmt":"2024-05-13T21:40:05","slug":"aufsteiger-roedelheim-feiert-klassenerhalt","status":"publish","type":"post","link":"https:\/\/insideamateurfussball-ffm.de\/?p=18868","title":{"rendered":"Aufsteiger R\u00f6delheim feiert Klassenerhalt"},"content":{"rendered":"<h3>Aufsteiger 1. R\u00f6delheimer FC 02 hat sich am vorletzten Spieltag mit dem 3:2 (1:1) gegen den SV 07 Heddernheim den Klassenerhalt gesichert. Ausschlaggebend f\u00fcr die Rettung des Traditionsclubs waren die zehn Punkte aus den letzten vier Spielen.\u00a0<\/h3>\n<figure id=\"attachment_18869\" aria-describedby=\"caption-attachment-18869\" style=\"width: 640px\" class=\"wp-caption alignright\"><img loading=\"lazy\" decoding=\"async\" class=\"wp-image-18869 size-large\" src=\"http:\/\/insideamateurfussball-ffm.de\/wp-content\/uploads\/2024\/05\/roedzi-1024x576.jpg\" alt=\"\" width=\"640\" height=\"360\" srcset=\"https:\/\/insideamateurfussball-ffm.de\/wp-content\/uploads\/2024\/05\/roedzi-1024x576.jpg 1024w, https:\/\/insideamateurfussball-ffm.de\/wp-content\/uploads\/2024\/05\/roedzi-300x169.jpg 300w, https:\/\/insideamateurfussball-ffm.de\/wp-content\/uploads\/2024\/05\/roedzi-768x432.jpg 768w, https:\/\/insideamateurfussball-ffm.de\/wp-content\/uploads\/2024\/05\/roedzi-1536x864.jpg 1536w, https:\/\/insideamateurfussball-ffm.de\/wp-content\/uploads\/2024\/05\/roedzi.jpg 2040w\" sizes=\"auto, (max-width: 640px) 100vw, 640px\" \/><figcaption id=\"caption-attachment-18869\" class=\"wp-caption-text\">Der RFC bleibt in der Kreisoberliga. Foto: PA.\u00a0\u00a0<\/figcaption><\/figure>\n<h3>1. R\u00f6delheimer FC 02 &#8211; SV 07 Heddernheim 3:2 (1:1)<\/h3>\n<p><img loading=\"lazy\" decoding=\"async\" class=\"alignnone size-full wp-image-932\" src=\"http:\/\/insideamateurfussball-ffm.de\/wp-content\/uploads\/2022\/06\/Roedelheim.jpg\" alt=\"\" width=\"80\" height=\"73\" \/><img loading=\"lazy\" decoding=\"async\" class=\"alignnone size-full wp-image-302\" src=\"http:\/\/insideamateurfussball-ffm.de\/wp-content\/uploads\/2022\/05\/1sv07_news2_4511-1.jpg\" alt=\"\" width=\"80\" height=\"80\" \/><\/p>\n<p>Vor dem Spiel vernahm man aus dem Spielerkreis der R\u00f6delheimer klar die Stimme von Kapit\u00e4n Aria Razdar: &#8222;Wir haben es nicht verdient, abzusteigen.&#8220; Mit diesem Willen rangen die R\u00f6delheimer die auf Rang acht schon lange gesicherten Heddernheimer nieder. RFC-Sprecher Volker Flauaus, der via Funkmikrofon alle Spielernamen perfekt aussprach, war nach dem Abpfiff erleichtert, verk\u00fcndete dann noch das 2:2 von Germania 94 gegen die SG Westend, das endg\u00fcltige Sicherheit brachte: &#8222;Heddernheim hat uns nichts geschenkt, aber in diesem Spiel oft die falschen Entscheidungen vor unserem Tor getroffen. Knackpunkt aus meiner Sicht waren der Ausgleich zum 1:1 kurz nach dem F\u00fchrungstreffer der Heddernheimer und der klasse herausgespielte F\u00fchrungstreffer mit einem gef\u00fchlvollen Steckpass von Aria Razdar und dem souver\u00e4nen Abschluss durch Niklas Vogt kurz nach der Halbzeit. Bis auf Ausnahmen stand unsere Abwehr gut, lie\u00df in der zweiten Halbzeit kaum noch was anbrennen und der Anschlusstreffer fiel zum Gl\u00fcck mit dem Abpfiff.&#8220;<\/p>\n<p>R\u00f6delheim begann druckvoll, nach einer Flanke von Adam Zazoua hatte Niklas Vogt die Chance, vor der Torlinie kl\u00e4rte Felix B\u00fcrmann. Dann k\u00f6pfte Paskal Marinic an die Latte und musste kurz danach mit Nasenbluten behandelt werden. Heddernheim, ohne wichtige Kreativk\u00f6pfe im Mittelfeld wie Yassir Achati angetreten, kam mit den St\u00fcrmern Oliver Solarz und Serdar Birhimeoglu zu Abschl\u00fcssen. Solarz holte dann einen Elfmeter heraus, den Philipp Siegel in seinem vorletzten Spiel f\u00fcr die Gr\u00fcn-Wei\u00dfen verwandelte (31.). Nach einem Pass in die Tiefe auf RFC-St\u00fcrmer Enno Lang traf dieser zum Ausgleich (40.).<\/p>\n<h3><span style=\"text-decoration: underline;\">Kreckel bleibt beim SV Heddernheim<\/span><\/h3>\n<p>Nach dem Seitenwechsel verhinderte SVH-Torh\u00fcter Marc Tomczyk mit einer Parade gegen Vogt den R\u00fcckstand. Nach Zuspiel von Razdar auf Vogt war der Heddernheimer Schlussmann gegen Vogt aber machtlos und es stand 2:1 f\u00fcr R\u00f6delheim (51.). Die G\u00e4ste brachten dann ihren Torj\u00e4ger Marcus Kreckel, der trotz h\u00f6herklassiger Angebote seinen Verbleib beim SV 07 zugesagt hat. Er konnte nach seiner Verletzung in diesem Spiel aber keine Akzente setzen. Mit dem 3:1 durch Lang (63.) war das Momentum auf Seiten der Gastgeber. Heddernheim probierte mit Spielerwechseln und Positionswechsel etwas zu verbessern, was bei diesen fr\u00fchsommerlichen Temperaturen schwer fiel. Dann bremsten sich die G\u00e4ste mit der leichtfertig eingehandelten Zeitstrafe gegen Solarz selbst aus (75.). Die Gr\u00fcn-Wei\u00dfen versuchten alles, aber mehr als der Anschlusstreffer von Deniz Yatci (90.\/+6). Danach pfiff der Schiedsrichter sofort ab, obwohl der Referee lediglich die durch die Trinkpause verlorene Zeit nachspielen lie\u00df. &#8222;Wir sind in der ausgeglichenen ersten Halbzeit gut rein gekommen. Das 1:1 zur Pause ging in Ordnung. Leider waren wir stark ersatzgesch\u00e4cht, das komplette Mittelfeld ist ausgefallen, somit haben wir uns im Spielaufbau schwer getan. Wir haben versucht das beste daraus zu machen. Nach dem Seitenwechsel hatten wir nicht mehr den Zugriff, sodass R\u00f6delheim bissiger war. Leider verteidigen wir bei den viel zu einfachen Gegentoren wie eine Sch\u00fclermannschaft, dar\u00fcber m\u00fcssen wir reden&#8220;, res\u00fcmierte SVH-Trainer Andreas Berggold.<\/p>\n<p>Der Coach \u00e4u\u00dferte sich zur wiederholten Zeitstrafe gegen Solarz: &#8222;Das \u00e4rgert mich am meisten, noch dazu wenn es sich um einen F\u00fchrungsspieler handelt. Das geht nicht, dar\u00fcber werden wir sprechen m\u00fcssen. Der Schiri hat hier auch zu fr\u00fch abgepfiffen, er hat ja nur die Trinkpause nachgespielt. Nach dem Anschlusstreffer zum 3:2 h\u00e4tte er weitere drei oder vier Minuten draufpacken k\u00f6nnen. Da h\u00e4tte R\u00f6delheim noch mal gezittert und vielleicht w\u00e4re noch was gegangen. Gl\u00fcckwunsch an R\u00f6delheim zum Klassenerhalt.&#8220; Am letzten bedeutungslosen Spieltag erwartet Heddernheim die Reserve der SG Bornheim\/Gr\u00fcn-Wei\u00df, R\u00f6delheim ist bei Union Niederrad zu Gast.\u00a0<\/p>\n<h3>Schiedsrichter: Aaron Zimmer (FC Oestrich-Winkel). Zuschauer: 106.<\/h3>\n<h3>Tore: 0:1 Philipp Siegel (31.\/Foulelfmeter), 1:1 Enno Lang (40.), 2:1 Niklas Vogt (51.), 3:1 Enno Lang (63.), 3:2 Deniz Yatci (90.\/+6).<\/h3>\n<h3>\u00a0\u00a0<\/h3>\n\n\n<figure class=\"wp-block-image size-large is-style-default\"><img loading=\"lazy\" decoding=\"async\" width=\"1024\" height=\"577\" src=\"https:\/\/insideamateurfussball-ffm.de\/wp-content\/uploads\/2024\/05\/roe-07-1024x577.jpg\" alt=\"\" class=\"wp-image-18870\" srcset=\"https:\/\/insideamateurfussball-ffm.de\/wp-content\/uploads\/2024\/05\/roe-07-1024x577.jpg 1024w, https:\/\/insideamateurfussball-ffm.de\/wp-content\/uploads\/2024\/05\/roe-07-300x169.jpg 300w, https:\/\/insideamateurfussball-ffm.de\/wp-content\/uploads\/2024\/05\/roe-07-768x432.jpg 768w, https:\/\/insideamateurfussball-ffm.de\/wp-content\/uploads\/2024\/05\/roe-07-1536x865.jpg 1536w, https:\/\/insideamateurfussball-ffm.de\/wp-content\/uploads\/2024\/05\/roe-07.jpg 2048w\" sizes=\"auto, (max-width: 1024px) 100vw, 1024px\" \/><\/figure>\n","protected":false},"excerpt":{"rendered":"<p>Aufsteiger 1. R\u00f6delheimer FC 02 hat sich am vorletzten Spieltag mit dem 3:2 (1:1) gegen den SV 07 Heddernheim den Klassenerhalt gesichert. Ausschlaggebend f\u00fcr die Rettung des Traditionsclubs waren die zehn Punkte aus den letzten vier Spielen.\u00a0 1. R\u00f6delheimer FC 02 &#8211; SV 07 Heddernheim 3:2 (1:1) Vor dem Spiel vernahm man aus dem Spielerkreis [&hellip;]<\/p>\n","protected":false},"author":1,"featured_media":18869,"comment_status":"open","ping_status":"open","sticky":true,"template":"","format":"standard","meta":{"footnotes":""},"categories":[2],"tags":[],"class_list":["post-18868","post","type-post","status-publish","format-standard","has-post-thumbnail","hentry","category-kreisoberliga-frankfurt"],"_links":{"self":[{"href":"https:\/\/insideamateurfussball-ffm.de\/index.php?rest_route=\/wp\/v2\/posts\/18868","targetHints":{"allow":["GET"]}}],"collection":[{"href":"https:\/\/insideamateurfussball-ffm.de\/index.php?rest_route=\/wp\/v2\/posts"}],"about":[{"href":"https:\/\/insideamateurfussball-ffm.de\/index.php?rest_route=\/wp\/v2\/types\/post"}],"author":[{"embeddable":true,"href":"https:\/\/insideamateurfussball-ffm.de\/index.php?rest_route=\/wp\/v2\/users\/1"}],"replies":[{"embeddable":true,"href":"https:\/\/insideamateurfussball-ffm.de\/index.php?rest_route=%2Fwp%2Fv2%2Fcomments&post=18868"}],"version-history":[{"count":1,"href":"https:\/\/insideamateurfussball-ffm.de\/index.php?rest_route=\/wp\/v2\/posts\/18868\/revisions"}],"predecessor-version":[{"id":18871,"href":"https:\/\/insideamateurfussball-ffm.de\/index.php?rest_route=\/wp\/v2\/posts\/18868\/revisions\/18871"}],"wp:featuredmedia":[{"embeddable":true,"href":"https:\/\/insideamateurfussball-ffm.de\/index.php?rest_route=\/wp\/v2\/media\/18869"}],"wp:attachment":[{"href":"https:\/\/insideamateurfussball-ffm.de\/index.php?rest_route=%2Fwp%2Fv2%2Fmedia&parent=18868"}],"wp:term":[{"taxonomy":"category","embeddable":true,"href":"https:\/\/insideamateurfussball-ffm.de\/index.php?rest_route=%2Fwp%2Fv2%2Fcategories&post=18868"},{"taxonomy":"post_tag","embeddable":true,"href":"https:\/\/insideamateurfussball-ffm.de\/index.php?rest_route=%2Fwp%2Fv2%2Ftags&post=18868"}],"curies":[{"name":"wp","href":"https:\/\/api.w.org\/{rel}","templated":true}]}}