{"id":18865,"date":"2024-05-13T22:39:19","date_gmt":"2024-05-13T20:39:19","guid":{"rendered":"https:\/\/insideamateurfussball-ffm.de\/?p=18865"},"modified":"2024-05-13T22:39:19","modified_gmt":"2024-05-13T20:39:19","slug":"lamjahed-lobt-kosova-hier-hat-sich-was-geaendert","status":"publish","type":"post","link":"https:\/\/insideamateurfussball-ffm.de\/?p=18865","title":{"rendered":"Lamjahed lobt Kosova: &#8222;Hier hat sich was ge\u00e4ndert&#8220;"},"content":{"rendered":"<h3>Im Duell des FC Kosova gegen Union Niederrad ging es nur noch um die am Saisonende vielzitierte goldene Ananas. Mit dem 1:1 (0:0) sprangen die Kosovaren im Klassement nochmal auf Rang vier, w\u00e4hrend die Niederr\u00e4der mit Rang sieben hochzufrieden sein d\u00fcrfen.\u00a0<\/h3>\n<figure id=\"attachment_18866\" aria-describedby=\"caption-attachment-18866\" style=\"width: 640px\" class=\"wp-caption alignright\"><img loading=\"lazy\" decoding=\"async\" class=\"wp-image-18866 size-large\" src=\"http:\/\/insideamateurfussball-ffm.de\/wp-content\/uploads\/2024\/05\/ko-u-1024x1024.jpg\" alt=\"\" width=\"640\" height=\"640\" srcset=\"https:\/\/insideamateurfussball-ffm.de\/wp-content\/uploads\/2024\/05\/ko-u-1024x1024.jpg 1024w, https:\/\/insideamateurfussball-ffm.de\/wp-content\/uploads\/2024\/05\/ko-u-300x300.jpg 300w, https:\/\/insideamateurfussball-ffm.de\/wp-content\/uploads\/2024\/05\/ko-u-150x150.jpg 150w, https:\/\/insideamateurfussball-ffm.de\/wp-content\/uploads\/2024\/05\/ko-u-768x768.jpg 768w, https:\/\/insideamateurfussball-ffm.de\/wp-content\/uploads\/2024\/05\/ko-u.jpg 1080w\" sizes=\"auto, (max-width: 640px) 100vw, 640px\" \/><figcaption id=\"caption-attachment-18866\" class=\"wp-caption-text\">Dominik Abd Ala verwandelte einen Eckball direkt. Grafik: Peleo Sports.\u00a0\u00a0<\/figcaption><\/figure>\n<h3>FC Kosova &#8211; Union Niederrad 1:1 (0:0)<\/h3>\n<p><img loading=\"lazy\" decoding=\"async\" class=\"alignnone size-full wp-image-9\" src=\"http:\/\/insideamateurfussball-ffm.de\/wp-content\/uploads\/2021\/11\/Kosova.jpg\" alt=\"\" width=\"65\" height=\"80\" \/><img loading=\"lazy\" decoding=\"async\" class=\"alignnone size-full wp-image-38\" src=\"http:\/\/insideamateurfussball-ffm.de\/wp-content\/uploads\/2021\/11\/Union-Niederrad.jpg\" alt=\"\" width=\"80\" height=\"80\" \/><\/p>\n<p>In einem sehr fairen Spiel bot die Partie an der Wilhelm-Epstein-Stra\u00dfe wenige aufregenden Szenen im ersten Abschnitt. Eine davon war ein nicht gegebener Elfmeter an der Torauslinie im Strafraum nach einem laut Kosova-Trainer Jorge Huberman &#8222;wirklich klaren Foul&#8220;.<\/p>\n<p>Dann liefen zwei Kosova-Akteure alleine auf Union-Torh\u00fcter Juan Guzman Hernandez zu, aufgrund der Bodenverh\u00e4ltnisse sei der Pass der zu St\u00fcrmer Ibrahim Abbouz kommen sollte, nicht angekommen.<\/p>\n<blockquote>\n<h3><span style=\"text-decoration: underline;\">&#8222;Wie Paris Saint-Germain hatten wir drei Pfostensch\u00fcsse in einer Halbzeit&#8220; (Kosova-Trainer Jorge Huberman)<\/span><\/h3>\n<\/blockquote>\n<p>Man habe zu Beginn &#8222;losgelegt wie die Feuerwehr und eine Chance nach der anderen ausgelassen&#8220;, berichtete Huberman. &#8222;Wir machen die Tore nicht entsprechend, obwohl wir mit 89 viele geschossen haben, machen wir insgesamt zu wenige. Wie Paris Saint-Germain hatten wir drei Pfostensch\u00fcsse in einer Halbzeit. Wir haben aus den letzten drei Spielen in R\u00f6delheim, Heddernheim und gegen Union statt neun Punkten nur drei geholt, gegen Union hatten wir ein totales Chancenplus. Das sind zwar keine brauchbaren Ergebnisse, immerhin sind wir jetzt Tabellenvierter&#8220;, kommentierte Huberman. In den letzten Minuten fielen doch noch zwei Tore. Die Union ging mit einem direkt verwandelten Eckball durch Dominik Abd Ala in F\u00fchrung (85.). Arjan Ujupi erzielte aber noch den Ausgleich (90.). Huberman lobte die Freundlichkeit des Niederr\u00e4der Trainers Henrique Amaral: &#8222;Es war sehr angenehm mit ihm, vor dem Spiel, im Spiel und nach dem Spiel.&#8220;<\/p>\n<p>F\u00fcr den Union-Vorsitzenden Khalid Lamjahed ging das Remis &#8222;in Ordnung, es war eine ausgeglichene Partie mit leichtem Chancenplus f\u00fcr uns in der ersten Halbzeit. Nach dem Seitenwechsel hatte Kosova \u00dcbergewicht mit sehr guten Chancen. Im Gesamtpaket ein gerechtes Unentschieden in einer absolut fairen Partie gegen unseren Angstgegner, gegen den wir seit 2017 in der A-Klasse nicht mehr gewonnen haben. Lob an Kosova, das muss man auch mal ansprechen, wenn was positiv war. Wir haben uns dort wohlgef\u00fchlt, die Gastfreundschaft war riesig und die Cevapcici schmecken hervorragend. Hier hat sich etwas grundlegend ge\u00e4ndert und das finde ich positiv erw\u00e4hnenswert.&#8220; Am letzten Spieltag geht es f\u00fcr Kosova gegen den SV Griesheim Tarik, die Unioner erwarten den R\u00f6delheimer FC.\u00a0<\/p>\n<h3><span style=\"text-decoration: underline;\">Schiedsrichter: Frank Lezius (TSG Wehrheim). Zuschauer: 100. <\/span><\/h3>\n<h3><span style=\"text-decoration: underline;\">Tore: 0:1 Dominik Abd Ala (85.), 1:1 Arjan Ujupi (90.).<\/span>\u00a0<\/h3>\n<p>\u00a0<\/p>\n","protected":false},"excerpt":{"rendered":"<p>Im Duell des FC Kosova gegen Union Niederrad ging es nur noch um die am Saisonende vielzitierte goldene Ananas. Mit dem 1:1 (0:0) sprangen die Kosovaren im Klassement nochmal auf Rang vier, w\u00e4hrend die Niederr\u00e4der mit Rang sieben hochzufrieden sein d\u00fcrfen.\u00a0 FC Kosova &#8211; Union Niederrad 1:1 (0:0) In einem sehr fairen Spiel bot die [&hellip;]<\/p>\n","protected":false},"author":1,"featured_media":18866,"comment_status":"open","ping_status":"open","sticky":true,"template":"","format":"standard","meta":{"footnotes":""},"categories":[2],"tags":[],"class_list":["post-18865","post","type-post","status-publish","format-standard","has-post-thumbnail","hentry","category-kreisoberliga-frankfurt"],"_links":{"self":[{"href":"https:\/\/insideamateurfussball-ffm.de\/index.php?rest_route=\/wp\/v2\/posts\/18865","targetHints":{"allow":["GET"]}}],"collection":[{"href":"https:\/\/insideamateurfussball-ffm.de\/index.php?rest_route=\/wp\/v2\/posts"}],"about":[{"href":"https:\/\/insideamateurfussball-ffm.de\/index.php?rest_route=\/wp\/v2\/types\/post"}],"author":[{"embeddable":true,"href":"https:\/\/insideamateurfussball-ffm.de\/index.php?rest_route=\/wp\/v2\/users\/1"}],"replies":[{"embeddable":true,"href":"https:\/\/insideamateurfussball-ffm.de\/index.php?rest_route=%2Fwp%2Fv2%2Fcomments&post=18865"}],"version-history":[{"count":1,"href":"https:\/\/insideamateurfussball-ffm.de\/index.php?rest_route=\/wp\/v2\/posts\/18865\/revisions"}],"predecessor-version":[{"id":18867,"href":"https:\/\/insideamateurfussball-ffm.de\/index.php?rest_route=\/wp\/v2\/posts\/18865\/revisions\/18867"}],"wp:featuredmedia":[{"embeddable":true,"href":"https:\/\/insideamateurfussball-ffm.de\/index.php?rest_route=\/wp\/v2\/media\/18866"}],"wp:attachment":[{"href":"https:\/\/insideamateurfussball-ffm.de\/index.php?rest_route=%2Fwp%2Fv2%2Fmedia&parent=18865"}],"wp:term":[{"taxonomy":"category","embeddable":true,"href":"https:\/\/insideamateurfussball-ffm.de\/index.php?rest_route=%2Fwp%2Fv2%2Fcategories&post=18865"},{"taxonomy":"post_tag","embeddable":true,"href":"https:\/\/insideamateurfussball-ffm.de\/index.php?rest_route=%2Fwp%2Fv2%2Ftags&post=18865"}],"curies":[{"name":"wp","href":"https:\/\/api.w.org\/{rel}","templated":true}]}}