{"id":18862,"date":"2024-05-12T21:12:12","date_gmt":"2024-05-12T19:12:12","guid":{"rendered":"https:\/\/insideamateurfussball-ffm.de\/?p=18862"},"modified":"2024-05-13T21:29:48","modified_gmt":"2024-05-13T19:29:48","slug":"zeilsheim-mit-aljusevic-auf-feld-erfolgreich","status":"publish","type":"post","link":"https:\/\/insideamateurfussball-ffm.de\/?p=18862","title":{"rendered":"Zeilsheim mit Aljusevic auf Feld erfolgreich"},"content":{"rendered":"<h3>Mit einer stark dezimierten Mannschaft und mit Cheftrainer Selim Aljusevic auf dem Spielfeld hat der SV Zeilsheim in der Verbandsliga Mitte mit 3:0 (0:0) gegen den SC Waldgirmes II gewonnen.<\/h3>\n<figure id=\"attachment_18863\" aria-describedby=\"caption-attachment-18863\" style=\"width: 881px\" class=\"wp-caption alignnone\"><img loading=\"lazy\" decoding=\"async\" class=\"wp-image-18863 size-full\" src=\"http:\/\/insideamateurfussball-ffm.de\/wp-content\/uploads\/2024\/05\/28-Vedran-Dodik-mit-einer-starken-Leistung-gegen-Waldgirmes.jpg\" alt=\"\" width=\"881\" height=\"749\" srcset=\"https:\/\/insideamateurfussball-ffm.de\/wp-content\/uploads\/2024\/05\/28-Vedran-Dodik-mit-einer-starken-Leistung-gegen-Waldgirmes.jpg 881w, https:\/\/insideamateurfussball-ffm.de\/wp-content\/uploads\/2024\/05\/28-Vedran-Dodik-mit-einer-starken-Leistung-gegen-Waldgirmes-300x255.jpg 300w, https:\/\/insideamateurfussball-ffm.de\/wp-content\/uploads\/2024\/05\/28-Vedran-Dodik-mit-einer-starken-Leistung-gegen-Waldgirmes-768x653.jpg 768w\" sizes=\"auto, (max-width: 881px) 100vw, 881px\" \/><figcaption id=\"caption-attachment-18863\" class=\"wp-caption-text\">Zeilsheims Vedran Dodik am Ball. Foto: Peter Strauch.\u00a0\u00a0<\/figcaption><\/figure>\n<h3>SV Zeilsheim &#8211; SC Waldgirmes II 3:0 (0:0)<\/h3>\n<p><img loading=\"lazy\" decoding=\"async\" class=\"alignnone size-full wp-image-1153\" src=\"http:\/\/insideamateurfussball-ffm.de\/wp-content\/uploads\/2022\/07\/SVZe.jpg\" alt=\"\" width=\"68\" height=\"80\" \/><img loading=\"lazy\" decoding=\"async\" class=\"alignnone size-full wp-image-2461\" src=\"http:\/\/insideamateurfussball-ffm.de\/wp-content\/uploads\/2022\/09\/Waldgi.jpg\" alt=\"\" width=\"78\" height=\"80\" \/><\/p>\n<p>Sp\u00e4testens seit dem Ausscheiden im Kreispokal-Halbfinale geht es beim SV Zeilsheim in der laufenden Verbandsliga-Runde nur noch um die goldene Ananas\u00a0 oder zumindest darum, die Saison auf einem einstelligen Tabellenplatz abzuschlie\u00dfen. Immerhin: Nach einer Durststrecke von \u00fcber einem Monat und wettbewerbs\u00fcbergreifend sechs Spielen ohne Sieg gelang den Zeilsheimern mal wieder ein Dreier. Gegen Abstiegskandidat SC Waldgirmes II stand am Ende ein 3:0-Erfolg.<\/p>\n<p>&#8222;Die erste halbe Stunde waren die G\u00e4ste besser. Wir mussten uns erst freispielen. Mit den ersten Chancen kam dann unser Selbstbewusstsein zur\u00fcck und wir haben das Kommando \u00fcbernommen&#8220;, sagte Zeilsheims Vorsitzender Peter Strauch. Glodi Bebe und Javier Recio-Perez, dessen Freisto\u00df SVZ-Keeper Paul Siegers stark entsch\u00e4rfte, hatten f\u00fcr Waldgirmes die F\u00fchrung auf dem Fu\u00df, ehe die Gastgeber durch Samed G\u00fcrsoy, Niklas Dillitz, Marijan Petrovic gute Gelegenheiten verstreichen lie\u00dfen.<\/p>\n<h3><span style=\"text-decoration: underline;\">Vogt legt dritten Treffer nach\u00a0<\/span><\/h3>\n<p>Ehe es im zweiten Abschnitt wieder mit dem Toreschie\u00dfen klappte: G\u00fcrsoy wuchtete den Ball nach einem Querpass in die Maschen (53.) und legte per Flachschuss nach Vorlage von Laurin Vogt zum 2:0 (73.) nach. Nachdem Vogt die Latte getroffen hatte, legte er in der Nachspielzeit noch den dritten Treffer nach (90.\/+1).<\/p>\n<p>Wegen zahlreicher Verletzter und Sperren (Bianco, Kuras, Ogunnibi, Babovic, Pitas, Gadzo, Adusei) half sogar Trainer Selim Aljusevic als Feldspieler aus.<\/p>\n<h3><span style=\"text-decoration: underline;\">Schiedsrichter: Luca Mellin (FV 06 Sprendlingen). Tore: 1:0, 2:0 Abdussamed G\u00fcrsoy (53.\/73.), 3:0 Laurin Vogt (90.\/+1).<\/span><\/h3>\n","protected":false},"excerpt":{"rendered":"<p>Mit einer stark dezimierten Mannschaft und mit Cheftrainer Selim Aljusevic auf dem Spielfeld hat der SV Zeilsheim in der Verbandsliga Mitte mit 3:0 (0:0) gegen den SC Waldgirmes II gewonnen. SV Zeilsheim &#8211; SC Waldgirmes II 3:0 (0:0) Sp\u00e4testens seit dem Ausscheiden im Kreispokal-Halbfinale geht es beim SV Zeilsheim in der laufenden Verbandsliga-Runde nur noch [&hellip;]<\/p>\n","protected":false},"author":1,"featured_media":18863,"comment_status":"open","ping_status":"open","sticky":true,"template":"","format":"standard","meta":{"footnotes":""},"categories":[32],"tags":[],"class_list":["post-18862","post","type-post","status-publish","format-standard","has-post-thumbnail","hentry","category-verbandsliga-mitte"],"_links":{"self":[{"href":"https:\/\/insideamateurfussball-ffm.de\/index.php?rest_route=\/wp\/v2\/posts\/18862","targetHints":{"allow":["GET"]}}],"collection":[{"href":"https:\/\/insideamateurfussball-ffm.de\/index.php?rest_route=\/wp\/v2\/posts"}],"about":[{"href":"https:\/\/insideamateurfussball-ffm.de\/index.php?rest_route=\/wp\/v2\/types\/post"}],"author":[{"embeddable":true,"href":"https:\/\/insideamateurfussball-ffm.de\/index.php?rest_route=\/wp\/v2\/users\/1"}],"replies":[{"embeddable":true,"href":"https:\/\/insideamateurfussball-ffm.de\/index.php?rest_route=%2Fwp%2Fv2%2Fcomments&post=18862"}],"version-history":[{"count":1,"href":"https:\/\/insideamateurfussball-ffm.de\/index.php?rest_route=\/wp\/v2\/posts\/18862\/revisions"}],"predecessor-version":[{"id":18864,"href":"https:\/\/insideamateurfussball-ffm.de\/index.php?rest_route=\/wp\/v2\/posts\/18862\/revisions\/18864"}],"wp:featuredmedia":[{"embeddable":true,"href":"https:\/\/insideamateurfussball-ffm.de\/index.php?rest_route=\/wp\/v2\/media\/18863"}],"wp:attachment":[{"href":"https:\/\/insideamateurfussball-ffm.de\/index.php?rest_route=%2Fwp%2Fv2%2Fmedia&parent=18862"}],"wp:term":[{"taxonomy":"category","embeddable":true,"href":"https:\/\/insideamateurfussball-ffm.de\/index.php?rest_route=%2Fwp%2Fv2%2Fcategories&post=18862"},{"taxonomy":"post_tag","embeddable":true,"href":"https:\/\/insideamateurfussball-ffm.de\/index.php?rest_route=%2Fwp%2Fv2%2Ftags&post=18862"}],"curies":[{"name":"wp","href":"https:\/\/api.w.org\/{rel}","templated":true}]}}