{"id":18859,"date":"2024-05-12T03:23:00","date_gmt":"2024-05-12T01:23:00","guid":{"rendered":"https:\/\/insideamateurfussball-ffm.de\/?p=18859"},"modified":"2024-05-13T20:58:33","modified_gmt":"2024-05-13T18:58:33","slug":"sv-pars-in-form-fuer-relegation-zur-hessenliga","status":"publish","type":"post","link":"https:\/\/insideamateurfussball-ffm.de\/?p=18859","title":{"rendered":"SV Pars in Form f\u00fcr Relegation zur Hessenliga"},"content":{"rendered":"<h3>Der SV Pars Neu-Isenburg hat nach dem 2:0 (0:0) \u00fcber den SC Dortelweil die Teilnahme an der Relegation zur Hessenliga sicher, in der man h\u00f6chstwahrscheinlich im Halbfinale mit Hin- und R\u00fcckspiel auf den TuS Hornau aus der Verbandsliga Mitte treffen wird.<\/h3>\n<figure id=\"attachment_18860\" aria-describedby=\"caption-attachment-18860\" style=\"width: 640px\" class=\"wp-caption alignright\"><img loading=\"lazy\" decoding=\"async\" class=\"wp-image-18860 size-large\" src=\"http:\/\/insideamateurfussball-ffm.de\/wp-content\/uploads\/2024\/05\/rw12-6-1024x715.jpg\" alt=\"\" width=\"640\" height=\"447\" srcset=\"https:\/\/insideamateurfussball-ffm.de\/wp-content\/uploads\/2024\/05\/rw12-6-1024x715.jpg 1024w, https:\/\/insideamateurfussball-ffm.de\/wp-content\/uploads\/2024\/05\/rw12-6-300x209.jpg 300w, https:\/\/insideamateurfussball-ffm.de\/wp-content\/uploads\/2024\/05\/rw12-6-768x536.jpg 768w, https:\/\/insideamateurfussball-ffm.de\/wp-content\/uploads\/2024\/05\/rw12-6.jpg 1073w\" sizes=\"auto, (max-width: 640px) 100vw, 640px\" \/><figcaption id=\"caption-attachment-18860\" class=\"wp-caption-text\">Das Pars-Team will in die Hessenliga. Archivfoto: Mithat G\u00fcrser.\u00a0\u00a0<\/figcaption><\/figure>\n<h3>SV Pars Neu-Isenburg &#8211; SC Dortelweil 2:0 (0:0)<\/h3>\n<p><img loading=\"lazy\" decoding=\"async\" class=\"alignnone size-full wp-image-688\" src=\"http:\/\/insideamateurfussball-ffm.de\/wp-content\/uploads\/2022\/06\/pars.png\" alt=\"\" width=\"80\" height=\"78\" \/><img loading=\"lazy\" decoding=\"async\" class=\"alignnone size-full wp-image-598\" src=\"http:\/\/insideamateurfussball-ffm.de\/wp-content\/uploads\/2022\/06\/Dortelweil.jpg\" alt=\"\" width=\"80\" height=\"80\" \/><\/p>\n<p>Durch sp\u00e4te Tore von Gianluca Alessandro per Handelfmeter (85.) und Nahom Ogbay (89.) sicherte sich das Team von Sasan Tabib und Dejan Alempic den wichtigen Dreier.<\/p>\n<p>Aus Dortelweiler Sicht war das Ergebnis \u00e4rgerlich, hatten sich die Wetterauer doch beim Aufstiegsaspiranten auf dem stumpfen Kunstrasenplatz in Zeppelinheim taktisch diszipliniert pr\u00e4sentiert.<\/p>\n<h3><span style=\"text-decoration: underline;\">Reininger verpasst Dortelweiler F\u00fchrung\u00a0<\/span><\/h3>\n<p>Die gute Vorstellung der M\u00e4nner von Trainer G\u00fcltekin Cagritekin blieb aber ohne Lohn, denn der Sport-Club schaffte es nicht, das torlose Remis \u00fcber die Zeit zu bringen. Die Gastgeber hatten mehr Ballbesitz, die G\u00e4ste aber mit zweimal Moritz Feiler sowie Shahram Hashemi die besseren Chancen. Maurice Reininger (43.\/per Direktabnahme an den Au\u00dfenpfosten) verpasste die nicht unverdiente F\u00fchrung des SCD zur Halbzeitpause.<\/p>\n<p>Nach dem Seitenwechsel blieb die Partie taktisch gepr\u00e4gt, erst gegen Ende geriet Dortelweil auf die Verliererstra\u00dfe. Ein Handspiel von Dominik Steffen brachte den Hausherren den bereits erw\u00e4hnten Strafsto\u00df. Die G\u00e4ste warfen danach alles nach vorne und wurden durch Ogbay ausgekontert.<\/p>\n<h3>Schiedsrichter: Marcel G\u00f6ttel (VfR Wiesbaden). Zuschauer: 60.<\/h3>\n<h3>Tore: 1:0 Gianluca Alessandro (85.\/Handelfmeter), 2:0 Nahom Ogbay (89.).<\/h3>\n","protected":false},"excerpt":{"rendered":"<p>Der SV Pars Neu-Isenburg hat nach dem 2:0 (0:0) \u00fcber den SC Dortelweil die Teilnahme an der Relegation zur Hessenliga sicher, in der man h\u00f6chstwahrscheinlich im Halbfinale mit Hin- und R\u00fcckspiel auf den TuS Hornau aus der Verbandsliga Mitte treffen wird. SV Pars Neu-Isenburg &#8211; SC Dortelweil 2:0 (0:0) Durch sp\u00e4te Tore von Gianluca Alessandro [&hellip;]<\/p>\n","protected":false},"author":1,"featured_media":18860,"comment_status":"open","ping_status":"open","sticky":true,"template":"","format":"standard","meta":{"footnotes":""},"categories":[10],"tags":[],"class_list":["post-18859","post","type-post","status-publish","format-standard","has-post-thumbnail","hentry","category-verbandsliga-sued"],"_links":{"self":[{"href":"https:\/\/insideamateurfussball-ffm.de\/index.php?rest_route=\/wp\/v2\/posts\/18859","targetHints":{"allow":["GET"]}}],"collection":[{"href":"https:\/\/insideamateurfussball-ffm.de\/index.php?rest_route=\/wp\/v2\/posts"}],"about":[{"href":"https:\/\/insideamateurfussball-ffm.de\/index.php?rest_route=\/wp\/v2\/types\/post"}],"author":[{"embeddable":true,"href":"https:\/\/insideamateurfussball-ffm.de\/index.php?rest_route=\/wp\/v2\/users\/1"}],"replies":[{"embeddable":true,"href":"https:\/\/insideamateurfussball-ffm.de\/index.php?rest_route=%2Fwp%2Fv2%2Fcomments&post=18859"}],"version-history":[{"count":1,"href":"https:\/\/insideamateurfussball-ffm.de\/index.php?rest_route=\/wp\/v2\/posts\/18859\/revisions"}],"predecessor-version":[{"id":18861,"href":"https:\/\/insideamateurfussball-ffm.de\/index.php?rest_route=\/wp\/v2\/posts\/18859\/revisions\/18861"}],"wp:featuredmedia":[{"embeddable":true,"href":"https:\/\/insideamateurfussball-ffm.de\/index.php?rest_route=\/wp\/v2\/media\/18860"}],"wp:attachment":[{"href":"https:\/\/insideamateurfussball-ffm.de\/index.php?rest_route=%2Fwp%2Fv2%2Fmedia&parent=18859"}],"wp:term":[{"taxonomy":"category","embeddable":true,"href":"https:\/\/insideamateurfussball-ffm.de\/index.php?rest_route=%2Fwp%2Fv2%2Fcategories&post=18859"},{"taxonomy":"post_tag","embeddable":true,"href":"https:\/\/insideamateurfussball-ffm.de\/index.php?rest_route=%2Fwp%2Fv2%2Ftags&post=18859"}],"curies":[{"name":"wp","href":"https:\/\/api.w.org\/{rel}","templated":true}]}}