{"id":18850,"date":"2024-05-13T11:58:57","date_gmt":"2024-05-13T09:58:57","guid":{"rendered":"https:\/\/insideamateurfussball-ffm.de\/?p=18850"},"modified":"2024-05-13T11:58:57","modified_gmt":"2024-05-13T09:58:57","slug":"seckbach-holt-wichtige-drei-punkte","status":"publish","type":"post","link":"https:\/\/insideamateurfussball-ffm.de\/?p=18850","title":{"rendered":"Seckbach holt wichtige drei Punkte"},"content":{"rendered":"<h4>Die FG Seckbach konnte drei wichtige Punkte im Kampf um den Abstieg holen, der abstiegsbedrohten SG Ober-Erlenbach lie\u00df man beim 5:0 keine Chance. Dabei war nach dem 4:0 zur Halbzeit schon alles klar, in der zweiten Halbzeit gab es dann nur noch Sommerfu\u00dfball.<\/h4>\n<figure id=\"attachment_17238\" aria-describedby=\"caption-attachment-17238\" style=\"width: 2016px\" class=\"wp-caption alignnone\"><img loading=\"lazy\" decoding=\"async\" class=\"wp-image-17238 size-full\" src=\"http:\/\/insideamateurfussball-ffm.de\/wp-content\/uploads\/2024\/03\/seckbachKarben12.jpg\" alt=\"\" width=\"2016\" height=\"1512\" srcset=\"https:\/\/insideamateurfussball-ffm.de\/wp-content\/uploads\/2024\/03\/seckbachKarben12.jpg 2016w, https:\/\/insideamateurfussball-ffm.de\/wp-content\/uploads\/2024\/03\/seckbachKarben12-300x225.jpg 300w, https:\/\/insideamateurfussball-ffm.de\/wp-content\/uploads\/2024\/03\/seckbachKarben12-1024x768.jpg 1024w, https:\/\/insideamateurfussball-ffm.de\/wp-content\/uploads\/2024\/03\/seckbachKarben12-768x576.jpg 768w, https:\/\/insideamateurfussball-ffm.de\/wp-content\/uploads\/2024\/03\/seckbachKarben12-1536x1152.jpg 1536w\" sizes=\"auto, (max-width: 2016px) 100vw, 2016px\" \/><figcaption id=\"caption-attachment-17238\" class=\"wp-caption-text\">Die FG Seckbach war im Heimspiel deutlich siegreich. Foto: Archiv MZ<\/figcaption><\/figure>\n<h4>FG Seckbach &#8211; SG Ober-Erlenbach 5:0 (4:0)<\/h4>\n<p><img loading=\"lazy\" decoding=\"async\" class=\"alignnone size-full wp-image-544\" src=\"http:\/\/insideamateurfussball-ffm.de\/wp-content\/uploads\/2022\/06\/Seckbach.jpg\" alt=\"\" width=\"80\" height=\"80\" \/><img loading=\"lazy\" decoding=\"async\" class=\"alignnone size-full wp-image-2186\" src=\"http:\/\/insideamateurfussball-ffm.de\/wp-content\/uploads\/2022\/08\/Ober-erl.jpg\" alt=\"\" width=\"76\" height=\"80\" \/><\/p>\n<p>Die FG Seckbach wollte das erste der zwei wichtigen Spiele im Kampf um den Klassenerhalt erfolgreich gestalten. Zu Gast war die SG Ober-Erlenbach, die mit nur 14 Spielern anreiste. Bei sommerlichen Temperaturen inszenierten die Seckbacher am Muttertag ein Familienfest, so dass gut 150 Zuschauer das Spiel erlebten.<\/p>\n<p>Und die Seckbacher legten gut los, mit der vierten Chance in der 10.Minute gingen sie durch ein Tor von Florian Schuberth mit 1.0 in F\u00fchrung. Es ging in der ersten H\u00e4lfte fast nur in eine Richtung und Bo Lockl erh\u00f6hte in der 27.Minute auf 2:0, ehe nur drei Minuten sp\u00e4ter Milad Wardak das 3:0 erzielte. Es war dann Florian Schuberth vorbehalten, mit seinem 34.Saisontor in der 39.Minute den Halbzeitstand von 4:0 zu erzielen.<\/p>\n<p>Seckbachs Spielausschuss-Vorsitzender Jo Nareike sprach nachher von einem \u201eSommerkick, in der zweiten H\u00e4lfte konnte man kaum noch hinsehen\u201c. \u00a0Im Gef\u00fchl des sicheren Sieges lie\u00dfen es die Seckbacher jetzt auch ruhig angehen, in der 89.Minute erzielte Maximilian Waas mit einem verwandelten Elfmeter dann noch den 5:0-endstand.<\/p>\n<p>Seckbach konnte damit seinen 4-Punkte-Vorsprung auf den Relegationsplatz behaupten und hofft, bereits am n\u00e4chsten Donnerstag beim 1.FC 09 Oberstedten einen weiteren Schritt Richtung Klassenerhalt machen zu k\u00f6nnen, danach folgt noch das Heimspiel gegen den FC Kalbach und zum Abschluss das Ausw\u00e4rtsspiel beim FC Neu-Anspach.<\/p>\n<h4>Schiedsrichter: Alessandro Cotece (RW Walldorf). \u00a0Zuschauer: 150.<\/h4>\n<h4>Tore: 1:0 Florian Schuberth (10.), 2:0 Bo Lockl (27.), 3:0 Milad Wardak (30.), 4:0 Florian Schuberth (39.), 5:0 Maximilian Waas (89., Elfmeter)<\/h4>\n","protected":false},"excerpt":{"rendered":"<p>Die FG Seckbach konnte drei wichtige Punkte im Kampf um den Abstieg holen, der abstiegsbedrohten SG Ober-Erlenbach lie\u00df man beim 5:0 keine Chance. Dabei war nach dem 4:0 zur Halbzeit schon alles klar, in der zweiten Halbzeit gab es dann nur noch Sommerfu\u00dfball. FG Seckbach &#8211; SG Ober-Erlenbach 5:0 (4:0) Die FG Seckbach wollte das [&hellip;]<\/p>\n","protected":false},"author":3,"featured_media":17238,"comment_status":"open","ping_status":"open","sticky":true,"template":"","format":"standard","meta":{"footnotes":""},"categories":[13],"tags":[],"class_list":["post-18850","post","type-post","status-publish","format-standard","has-post-thumbnail","hentry","category-gruppenliga-frankfurt-west"],"_links":{"self":[{"href":"https:\/\/insideamateurfussball-ffm.de\/index.php?rest_route=\/wp\/v2\/posts\/18850","targetHints":{"allow":["GET"]}}],"collection":[{"href":"https:\/\/insideamateurfussball-ffm.de\/index.php?rest_route=\/wp\/v2\/posts"}],"about":[{"href":"https:\/\/insideamateurfussball-ffm.de\/index.php?rest_route=\/wp\/v2\/types\/post"}],"author":[{"embeddable":true,"href":"https:\/\/insideamateurfussball-ffm.de\/index.php?rest_route=\/wp\/v2\/users\/3"}],"replies":[{"embeddable":true,"href":"https:\/\/insideamateurfussball-ffm.de\/index.php?rest_route=%2Fwp%2Fv2%2Fcomments&post=18850"}],"version-history":[{"count":2,"href":"https:\/\/insideamateurfussball-ffm.de\/index.php?rest_route=\/wp\/v2\/posts\/18850\/revisions"}],"predecessor-version":[{"id":18852,"href":"https:\/\/insideamateurfussball-ffm.de\/index.php?rest_route=\/wp\/v2\/posts\/18850\/revisions\/18852"}],"wp:featuredmedia":[{"embeddable":true,"href":"https:\/\/insideamateurfussball-ffm.de\/index.php?rest_route=\/wp\/v2\/media\/17238"}],"wp:attachment":[{"href":"https:\/\/insideamateurfussball-ffm.de\/index.php?rest_route=%2Fwp%2Fv2%2Fmedia&parent=18850"}],"wp:term":[{"taxonomy":"category","embeddable":true,"href":"https:\/\/insideamateurfussball-ffm.de\/index.php?rest_route=%2Fwp%2Fv2%2Fcategories&post=18850"},{"taxonomy":"post_tag","embeddable":true,"href":"https:\/\/insideamateurfussball-ffm.de\/index.php?rest_route=%2Fwp%2Fv2%2Ftags&post=18850"}],"curies":[{"name":"wp","href":"https:\/\/api.w.org\/{rel}","templated":true}]}}