{"id":18847,"date":"2024-05-13T11:52:28","date_gmt":"2024-05-13T09:52:28","guid":{"rendered":"https:\/\/insideamateurfussball-ffm.de\/?p=18847"},"modified":"2024-05-13T11:52:28","modified_gmt":"2024-05-13T09:52:28","slug":"kalbach-in-der-meisterschaft-jetzt-auf-schlagdistanz","status":"publish","type":"post","link":"https:\/\/insideamateurfussball-ffm.de\/?p=18847","title":{"rendered":"Kalbach in der Meisterschaft jetzt auf Schlagdistanz"},"content":{"rendered":"<h4>Nach dem Patzer vom FC Neu-Anspach und dem eigenen 5:0 gegen den 1.FC 09 Oberstedten haben es die Kalbacher jetzt in der eigenen Hand, zumindest den Relegationsplatz zu erreichen. Im direkten Duell gegen Neu-Anspach kann der zweite Tabellenplatz erobert werden.<\/h4>\n<figure id=\"attachment_18348\" aria-describedby=\"caption-attachment-18348\" style=\"width: 2016px\" class=\"wp-caption alignnone\"><img loading=\"lazy\" decoding=\"async\" class=\"wp-image-18348 size-full\" src=\"http:\/\/insideamateurfussball-ffm.de\/wp-content\/uploads\/2024\/04\/oberradkalbach08.jpg\" alt=\"\" width=\"2016\" height=\"1512\" srcset=\"https:\/\/insideamateurfussball-ffm.de\/wp-content\/uploads\/2024\/04\/oberradkalbach08.jpg 2016w, https:\/\/insideamateurfussball-ffm.de\/wp-content\/uploads\/2024\/04\/oberradkalbach08-300x225.jpg 300w, https:\/\/insideamateurfussball-ffm.de\/wp-content\/uploads\/2024\/04\/oberradkalbach08-1024x768.jpg 1024w, https:\/\/insideamateurfussball-ffm.de\/wp-content\/uploads\/2024\/04\/oberradkalbach08-768x576.jpg 768w, https:\/\/insideamateurfussball-ffm.de\/wp-content\/uploads\/2024\/04\/oberradkalbach08-1536x1152.jpg 1536w\" sizes=\"auto, (max-width: 2016px) 100vw, 2016px\" \/><figcaption id=\"caption-attachment-18348\" class=\"wp-caption-text\">Die Kalbacher Mannschaft, hier beim Spiel in Oberrad, kann jetzt aus eigener Kraft den Relegationsplatz erreichen. Foto: Archiv MZ<\/figcaption><\/figure>\n<h4>FC Kalbach &#8211; 1.FC 09 Oberstedten 5:0 (0:0)<\/h4>\n<p><img loading=\"lazy\" decoding=\"async\" class=\"alignnone size-full wp-image-16\" src=\"http:\/\/insideamateurfussball-ffm.de\/wp-content\/uploads\/2021\/11\/kalbach-wappen.jpg\" alt=\"\" width=\"80\" height=\"80\" \/><img loading=\"lazy\" decoding=\"async\" class=\"alignnone size-full wp-image-10171\" src=\"http:\/\/insideamateurfussball-ffm.de\/wp-content\/uploads\/2023\/06\/Oberstedten.jpg\" alt=\"\" width=\"64\" height=\"80\" \/><\/p>\n<p>Der FC Kalbach ist im Kampf um den Aufstieg in die Verbandsliga weiter voll dabei und bekam Unterst\u00fctzung aus Stierstadt, die \u00fcberraschend beim Tabellenzweiten FC Neu-Anspach mit 3:1 gewannen. Allerdings musste der FC Kalbach seine Hausaufgaben erst einmal selber machen, und das sah in der ersten Halbzeit gegen den abstiegsgef\u00e4hrdeten 1.FC 09 Oberstedten nicht so gut aus. Manni Meyer, Mitglied der Sportlichen Leitung des FC, meinte. \u201edie erste Halbzeit war ganz schwach, wir hatten keinen Zugriff und haben nur hintenrum gespielt und kaum einmal auf das gegnerische Tor geschossen\u201c. Das war in den letzten Wochen bereits \u00f6fter der Fall, dass die Kalbacher die erste Halbzeit verschlafen haben. Zum Gl\u00fcck konnte auch der Gegner kaum mit Chancen aufwarten, sodass es mit dem 0:0 in die Kabinen ging.<\/p>\n<p>In der zweiten Halbzeit waren die Kalbacher dann zielstrebiger, es dauerte aber bis zur 59.Minute, ehe der Knoten im Sturm platzte. Bennet Batton erzielte das sehns\u00fcchtig erwartete 1:0. Danach ging es im Minutentakt weiter, Achraf Gara Ali in der 60.Minute und Andre Masarski mit einem Eigentor in der 61.Minute lie\u00dfen das Ergebnis innerhalb von zwei Minuten auf 3:0 wachsen. Damit war die Gegenwehr von Oberstedten gebrochen und Achraf Gara Ali konnte in der 86. und 89. Minute sein Saisonkonto noch auf 49 erh\u00f6hen und so den klaren Endstand von 5:0 erzielen. Manni Meyer zum Schluss: \u201ejetzt k\u00f6nnen wir es aus eigener Kraft packen\u201c.<\/p>\n<p>Der FC Kalbach hat drei Spieltage vor Schluss auf dem dritten Platz vier Punkte R\u00fcckstand auf den SKV Beienheim, der FC Neu-Anspach ist jetzt aber nur noch einen Punkt entfernt und kann am Pfingstmontag im direkten Duell \u00fcberfl\u00fcgelt werden. Danach steht dann noch das Ausw\u00e4rtsspiel beim FG Seckbach an, ehe es am letzten Spieltag zum m\u00f6glicherweise entscheidenden Spiel gegen den SV BKC Bosnien\/Herzegowina geht.<\/p>\n<p>Am Mittwoch treffen die Kalbacher allerdings erst einmal im Kreispokal-Endspiel auf den Aufsteiger in die Kreisliga A, den SC Riedberg, das Spiel findet auf dem Gel\u00e4nde von Viktoria Preussen statt, der Gewinner ist f\u00fcr den Hessenpokal qualifiziert.<\/p>\n<h4>Schiedsrichter: Alina Lange (SG Neukirchen\/R\u00f6llshausen). Zuschauer: 80.<\/h4>\n<h4>Tore: 1:0 Bennet Batton (59,), 2:0 Achraf Gara Ali (60.), 3:0 Andre Masarski (61., Eigentor), 4:0 Achraf Gara Ali (86.), 5:0 Achraf Gara Ali (90.)<\/h4>\n","protected":false},"excerpt":{"rendered":"<p>Nach dem Patzer vom FC Neu-Anspach und dem eigenen 5:0 gegen den 1.FC 09 Oberstedten haben es die Kalbacher jetzt in der eigenen Hand, zumindest den Relegationsplatz zu erreichen. Im direkten Duell gegen Neu-Anspach kann der zweite Tabellenplatz erobert werden. FC Kalbach &#8211; 1.FC 09 Oberstedten 5:0 (0:0) Der FC Kalbach ist im Kampf um [&hellip;]<\/p>\n","protected":false},"author":3,"featured_media":18348,"comment_status":"open","ping_status":"open","sticky":true,"template":"","format":"standard","meta":{"footnotes":""},"categories":[13],"tags":[],"class_list":["post-18847","post","type-post","status-publish","format-standard","has-post-thumbnail","hentry","category-gruppenliga-frankfurt-west"],"_links":{"self":[{"href":"https:\/\/insideamateurfussball-ffm.de\/index.php?rest_route=\/wp\/v2\/posts\/18847","targetHints":{"allow":["GET"]}}],"collection":[{"href":"https:\/\/insideamateurfussball-ffm.de\/index.php?rest_route=\/wp\/v2\/posts"}],"about":[{"href":"https:\/\/insideamateurfussball-ffm.de\/index.php?rest_route=\/wp\/v2\/types\/post"}],"author":[{"embeddable":true,"href":"https:\/\/insideamateurfussball-ffm.de\/index.php?rest_route=\/wp\/v2\/users\/3"}],"replies":[{"embeddable":true,"href":"https:\/\/insideamateurfussball-ffm.de\/index.php?rest_route=%2Fwp%2Fv2%2Fcomments&post=18847"}],"version-history":[{"count":2,"href":"https:\/\/insideamateurfussball-ffm.de\/index.php?rest_route=\/wp\/v2\/posts\/18847\/revisions"}],"predecessor-version":[{"id":18849,"href":"https:\/\/insideamateurfussball-ffm.de\/index.php?rest_route=\/wp\/v2\/posts\/18847\/revisions\/18849"}],"wp:featuredmedia":[{"embeddable":true,"href":"https:\/\/insideamateurfussball-ffm.de\/index.php?rest_route=\/wp\/v2\/media\/18348"}],"wp:attachment":[{"href":"https:\/\/insideamateurfussball-ffm.de\/index.php?rest_route=%2Fwp%2Fv2%2Fmedia&parent=18847"}],"wp:term":[{"taxonomy":"category","embeddable":true,"href":"https:\/\/insideamateurfussball-ffm.de\/index.php?rest_route=%2Fwp%2Fv2%2Fcategories&post=18847"},{"taxonomy":"post_tag","embeddable":true,"href":"https:\/\/insideamateurfussball-ffm.de\/index.php?rest_route=%2Fwp%2Fv2%2Ftags&post=18847"}],"curies":[{"name":"wp","href":"https:\/\/api.w.org\/{rel}","templated":true}]}}