{"id":18816,"date":"2024-05-13T11:14:01","date_gmt":"2024-05-13T09:14:01","guid":{"rendered":"https:\/\/insideamateurfussball-ffm.de\/?p=18816"},"modified":"2024-05-13T11:14:01","modified_gmt":"2024-05-13T09:14:01","slug":"fuer-tempo-wird-es-jetzt-eng-im-abstiegskampf","status":"publish","type":"post","link":"https:\/\/insideamateurfussball-ffm.de\/?p=18816","title":{"rendered":"F\u00fcr Tempo wird es jetzt eng im Abstiegskampf"},"content":{"rendered":"<h4>Der Aufsteiger FC Tempo muss nach dem 0:5 beim FC Karben, bei dem man chancenlos war, weiter um den Klassenerhalt zittern, der Abstand zum Relegationsplatz betr\u00e4gt nur noch einen Punkt.<\/h4>\n<figure id=\"attachment_17228\" aria-describedby=\"caption-attachment-17228\" style=\"width: 2016px\" class=\"wp-caption alignnone\"><img loading=\"lazy\" decoding=\"async\" class=\"wp-image-17228 size-full\" src=\"http:\/\/insideamateurfussball-ffm.de\/wp-content\/uploads\/2024\/03\/seckbachKarben02.jpg\" alt=\"\" width=\"2016\" height=\"1512\" srcset=\"https:\/\/insideamateurfussball-ffm.de\/wp-content\/uploads\/2024\/03\/seckbachKarben02.jpg 2016w, https:\/\/insideamateurfussball-ffm.de\/wp-content\/uploads\/2024\/03\/seckbachKarben02-300x225.jpg 300w, https:\/\/insideamateurfussball-ffm.de\/wp-content\/uploads\/2024\/03\/seckbachKarben02-1024x768.jpg 1024w, https:\/\/insideamateurfussball-ffm.de\/wp-content\/uploads\/2024\/03\/seckbachKarben02-768x576.jpg 768w, https:\/\/insideamateurfussball-ffm.de\/wp-content\/uploads\/2024\/03\/seckbachKarben02-1536x1152.jpg 1536w\" sizes=\"auto, (max-width: 2016px) 100vw, 2016px\" \/><figcaption id=\"caption-attachment-17228\" class=\"wp-caption-text\">Der FC Karben, hier beim Spiel in Seckbach, konnte sich deutlich gegen den FC Tempo durchsetzen. Foto: Archiv MZ<\/figcaption><\/figure>\n<h4>FC Karben &#8211; FC Tempo 5:0 (1:0)<\/h4>\n<p><img loading=\"lazy\" decoding=\"async\" class=\"alignnone size-full wp-image-2525\" src=\"http:\/\/insideamateurfussball-ffm.de\/wp-content\/uploads\/2022\/09\/karben.jpg\" alt=\"\" width=\"65\" height=\"80\" \/><img loading=\"lazy\" decoding=\"async\" class=\"alignnone size-full wp-image-31\" src=\"http:\/\/insideamateurfussball-ffm.de\/wp-content\/uploads\/2021\/11\/Tempo.jpg\" alt=\"\" width=\"80\" height=\"80\" \/><\/p>\n<p>Der FC Karben dominierte beim Heimspiel gegen den FC Tempo \u00fcber 90 Minuten und kam zu einem ungef\u00e4hrdeten Sieg. Bereits in der 12.Minute war es Goalgetter Owen Hare, der nach einem Steilpass Tempos Torh\u00fcter Lazar Kacarevic umkurven konnte und den Ball zum 1:0 in den Maschen versenkte. Die ersatzgeschw\u00e4chten G\u00e4ste konnten ihrerseits kaum Chancen erzielen und zumindest bis zur Halbzeit ihr eigenes Tor sauber halten.<\/p>\n<p>Auch in der zweiten Halbzeit hatten die Frankfurter dem FC Karben kaum etwas entgegenzusetzen, und die Mannschaft aus der Wetterau kam zu einigen weiteren Toren. Bereits in der 50.Minute erh\u00f6hte Owen Hare mit seinem 36.Saisontor auf 2:0, er konnte einen Foulelfmeter souver\u00e4n verwandeln. Felix Kaapke mit zwei Toren in der 63. und 86.Minute und Emanuel Essome in der 68.Minute schraubten das Ergebnis dann noch auf 5.0.<\/p>\n<p>Der FC Tempo hat jetzt nur noch einen Punkt Vorsprung auf den voraussichtlichen Relegationsrang, da RW Frankfurt in der Verbandsliga derzeit auf einem Abstiegsplatz steht. Es folgen noch drei Spiele gegen den FV Stierstadt, den FC Neu-Anspach und zum Schluss bei der SpVgg. 03 Fechenheim. Tempos Sportlicher Leiter Zoran Marcetic: \u201ewir haben verdient verloren, leider hatten wir einige Ausf\u00e4lle in diesem wichtigen Richtungsspiel. Jetzt stehen wir da, wo wir sind, und m\u00fcssen hoffen, dass wir es in den n\u00e4chsten Spielen besser machen. Wir schauen jetzt von Woche zu Woche.\u201c<\/p>\n<p>Das Heimspiel gegen Stierstadt findet bereits am kommenden Donnerstag statt.<\/p>\n<h4>Schiedsrichter: Fynn Felix Walter (SV Wiesbaden). Zuschauer: 120.<\/h4>\n<h4>Tore: 1:0 Owen Hare (12.), 2:0 Owen Hare (50., Elfmeter), 3:0 Felix Kaapke (63.), 4:0 Emanuel Essome (68.), 5:0 Felix Kaapke (86.)<\/h4>\n","protected":false},"excerpt":{"rendered":"<p>Der Aufsteiger FC Tempo muss nach dem 0:5 beim FC Karben, bei dem man chancenlos war, weiter um den Klassenerhalt zittern, der Abstand zum Relegationsplatz betr\u00e4gt nur noch einen Punkt. FC Karben &#8211; FC Tempo 5:0 (1:0) Der FC Karben dominierte beim Heimspiel gegen den FC Tempo \u00fcber 90 Minuten und kam zu einem ungef\u00e4hrdeten [&hellip;]<\/p>\n","protected":false},"author":3,"featured_media":17228,"comment_status":"open","ping_status":"open","sticky":true,"template":"","format":"standard","meta":{"footnotes":""},"categories":[13],"tags":[],"class_list":["post-18816","post","type-post","status-publish","format-standard","has-post-thumbnail","hentry","category-gruppenliga-frankfurt-west"],"_links":{"self":[{"href":"https:\/\/insideamateurfussball-ffm.de\/index.php?rest_route=\/wp\/v2\/posts\/18816","targetHints":{"allow":["GET"]}}],"collection":[{"href":"https:\/\/insideamateurfussball-ffm.de\/index.php?rest_route=\/wp\/v2\/posts"}],"about":[{"href":"https:\/\/insideamateurfussball-ffm.de\/index.php?rest_route=\/wp\/v2\/types\/post"}],"author":[{"embeddable":true,"href":"https:\/\/insideamateurfussball-ffm.de\/index.php?rest_route=\/wp\/v2\/users\/3"}],"replies":[{"embeddable":true,"href":"https:\/\/insideamateurfussball-ffm.de\/index.php?rest_route=%2Fwp%2Fv2%2Fcomments&post=18816"}],"version-history":[{"count":2,"href":"https:\/\/insideamateurfussball-ffm.de\/index.php?rest_route=\/wp\/v2\/posts\/18816\/revisions"}],"predecessor-version":[{"id":18818,"href":"https:\/\/insideamateurfussball-ffm.de\/index.php?rest_route=\/wp\/v2\/posts\/18816\/revisions\/18818"}],"wp:featuredmedia":[{"embeddable":true,"href":"https:\/\/insideamateurfussball-ffm.de\/index.php?rest_route=\/wp\/v2\/media\/17228"}],"wp:attachment":[{"href":"https:\/\/insideamateurfussball-ffm.de\/index.php?rest_route=%2Fwp%2Fv2%2Fmedia&parent=18816"}],"wp:term":[{"taxonomy":"category","embeddable":true,"href":"https:\/\/insideamateurfussball-ffm.de\/index.php?rest_route=%2Fwp%2Fv2%2Fcategories&post=18816"},{"taxonomy":"post_tag","embeddable":true,"href":"https:\/\/insideamateurfussball-ffm.de\/index.php?rest_route=%2Fwp%2Fv2%2Ftags&post=18816"}],"curies":[{"name":"wp","href":"https:\/\/api.w.org\/{rel}","templated":true}]}}