{"id":18798,"date":"2024-05-12T00:01:44","date_gmt":"2024-05-11T22:01:44","guid":{"rendered":"https:\/\/insideamateurfussball-ffm.de\/?p=18798"},"modified":"2024-05-12T00:01:44","modified_gmt":"2024-05-11T22:01:44","slug":"bad-vilbels-hoffnung-lebt-nach-40-ueber-oberrad","status":"publish","type":"post","link":"https:\/\/insideamateurfussball-ffm.de\/?p=18798","title":{"rendered":"Bad Vilbels Hoffnung lebt nach 4:0 \u00fcber Oberrad"},"content":{"rendered":"<h3>Mit dem deutlichen 4:0-Heimsieg gegen die Spvgg. 05 Oberrad gab der FV Bad Vilbel ein weiteres Lebenszeichen von sich und hofft weiter, sich in der Gruppenliga Frankfurt West irgendwie noch in die Relegation retten zu k\u00f6nnen.\u00a0<\/h3>\n<figure id=\"attachment_18788\" aria-describedby=\"caption-attachment-18788\" style=\"width: 640px\" class=\"wp-caption alignright\"><img loading=\"lazy\" decoding=\"async\" class=\"wp-image-18788 size-large\" src=\"http:\/\/insideamateurfussball-ffm.de\/wp-content\/uploads\/2024\/05\/IMG_0005-1024x683.jpg\" alt=\"\" width=\"640\" height=\"427\" srcset=\"https:\/\/insideamateurfussball-ffm.de\/wp-content\/uploads\/2024\/05\/IMG_0005-1024x683.jpg 1024w, https:\/\/insideamateurfussball-ffm.de\/wp-content\/uploads\/2024\/05\/IMG_0005-300x200.jpg 300w, https:\/\/insideamateurfussball-ffm.de\/wp-content\/uploads\/2024\/05\/IMG_0005-768x512.jpg 768w, https:\/\/insideamateurfussball-ffm.de\/wp-content\/uploads\/2024\/05\/IMG_0005-1536x1024.jpg 1536w, https:\/\/insideamateurfussball-ffm.de\/wp-content\/uploads\/2024\/05\/IMG_0005-2048x1365.jpg 2048w\" sizes=\"auto, (max-width: 640px) 100vw, 640px\" \/><figcaption id=\"caption-attachment-18788\" class=\"wp-caption-text\">Der FV Bad Vilbel \u00fcberzeugte beim 4:0 gegen Oberrad. Foto: Jan Werner.\u00a0\u00a0<\/figcaption><\/figure>\n<h3>FV Bad Vilbel &#8211; Spvgg. 05 Oberrad 4:0 (2:0)<\/h3>\n<p><img loading=\"lazy\" decoding=\"async\" class=\"alignnone size-full wp-image-146\" src=\"http:\/\/insideamateurfussball-ffm.de\/wp-content\/uploads\/2022\/05\/FV-Bad-Vilbel.jpg\" alt=\"\" width=\"80\" height=\"80\" \/><img loading=\"lazy\" decoding=\"async\" class=\"alignnone size-full wp-image-137\" src=\"http:\/\/insideamateurfussball-ffm.de\/wp-content\/uploads\/2022\/05\/Oberrad05.jpg\" alt=\"\" width=\"79\" height=\"80\" \/><\/p>\n<p>Die Hoffnung lebt beim FV Bad Vilbel in der Fu\u00dfball-Gruppenliga Frankfurt-West nach dem souver\u00e4nen 4:0 (2:0) \u00fcber eine allerdings leblose SpVgg. Oberrad, f\u00fcr die die Luft zum Ende der Saison scheinbar raus ist.<\/p>\n<p>Vor 84 Zuschauern boten die abstiegsbedrohten Gastgeber eine starke Leistung und gingen gleich durch Malik Makey in F\u00fchrung, der erst gegen den Pfosten schoss und dann den Abpraller selbst verwertete (3.). Bad Vilbel spielte dominant und lie\u00df nur wenige Torchancen der G\u00e4ste zu. Im Tor spielte zum zweiten Mal nach seiner langen Verletzung Max Ehrig, der seinen Kasten sauber hielt und Souver\u00e4nit\u00e4t ausstrahlte.<\/p>\n<h3><span style=\"text-decoration: underline;\">Keda und Makey machten f\u00fcr Vilbel fr\u00fch alles klar<\/span><\/h3>\n<p>Kurz vor der Pause gab Makey einen Eckball herein, den Maarten Kl\u00f6ppel zum 2:0 einschob (42.). Nach dem Seitenwechsel war die Partie nach desolatem Abwehrverhalten der Oberr\u00e4der schnell entschieden. Taiki Keda (51.) und der \u00fcberragende Makey (55.) machten f\u00fcr Vilbel fr\u00fch alles klar. Die Gastgeber sprangen durch den Sieg vor\u00fcbergehend auf Rang 14, der in die Abstiegsrelegation f\u00fchren w\u00fcrde, wenn Rot-Weiss Frankfurt aus der Verbandsliga S\u00fcd nicht direkt absteigt. Dominik Moser aus dem Vilbeler Trainerteam war hochzufrieden: &#8222;Unser Ziel ist es, bis zum Ende der Saison unsere Hausaufgaben zu machen. Das Spiel hat einfach widergespiegelt, was wir die letzten Wochen im Training leisten. Wir haben am Feiertag mit 18 Leuten trainiert, das zeigt dass die Jungs wollen.&#8220;<\/p>\n<p>Derweil war Gabriel Bernstein aus dem Oberr\u00e4der Trainerteam ratlos angesichts der schwachen Leistung: &#8222;Das kann man gar nicht erkl\u00e4ren. Wir werden das n\u00e4chste Woche aufarbeiten, aber eigentlich hatte ich nicht das Gef\u00fchl, dass wir hier etwas abschenken wollen. Wir haben total schlecht verteidigt, das Ergebnis geht in der H\u00f6he in Ordnung. Das war v\u00f6llig verdient, weil wir nicht auf dem Platz waren.&#8220;<\/p>\n<h3><span style=\"text-decoration: underline;\">Schiedsrichterin: Doris-Maria Dornescu (FC Germania Enkheim). Zuschauer: 84. <\/span><\/h3>\n<h3><span style=\"text-decoration: underline;\">Tore: 1:0 Malik Makey (3.), 2:0 Maarten Kl\u00f6ppel (42.), 3:0 Taiki Keda (51.), 4:0 Malik Makey (55.). <\/span><\/h3>\n<h3><span style=\"text-decoration: underline;\">Die Bildergalerie kommt von Jan Werner vom FV Bad Vilbel. Vielen Dank!<\/span><\/h3>\n\n\n<figure class=\"wp-block-image size-large is-style-default\"><img loading=\"lazy\" decoding=\"async\" width=\"1024\" height=\"683\" src=\"http:\/\/insideamateurfussball-ffm.de\/wp-content\/uploads\/2024\/05\/IMG_0014-1024x683.jpg\" alt=\"\" class=\"wp-image-18790\" srcset=\"https:\/\/insideamateurfussball-ffm.de\/wp-content\/uploads\/2024\/05\/IMG_0014-1024x683.jpg 1024w, https:\/\/insideamateurfussball-ffm.de\/wp-content\/uploads\/2024\/05\/IMG_0014-300x200.jpg 300w, https:\/\/insideamateurfussball-ffm.de\/wp-content\/uploads\/2024\/05\/IMG_0014-768x512.jpg 768w, https:\/\/insideamateurfussball-ffm.de\/wp-content\/uploads\/2024\/05\/IMG_0014-1536x1024.jpg 1536w, https:\/\/insideamateurfussball-ffm.de\/wp-content\/uploads\/2024\/05\/IMG_0014-2048x1365.jpg 2048w\" sizes=\"auto, (max-width: 1024px) 100vw, 1024px\" \/><\/figure>\n\n\n\n<figure class=\"wp-block-gallery has-nested-images columns-default is-cropped wp-block-gallery-1 is-layout-flex wp-block-gallery-is-layout-flex\">\n<figure class=\"wp-block-image size-large is-style-default\"><img loading=\"lazy\" decoding=\"async\" width=\"1024\" height=\"683\" data-id=\"18793\" src=\"https:\/\/insideamateurfussball-ffm.de\/wp-content\/uploads\/2024\/05\/IMG_0030-1024x683.jpg\" alt=\"\" class=\"wp-image-18793\" srcset=\"https:\/\/insideamateurfussball-ffm.de\/wp-content\/uploads\/2024\/05\/IMG_0030-1024x683.jpg 1024w, https:\/\/insideamateurfussball-ffm.de\/wp-content\/uploads\/2024\/05\/IMG_0030-300x200.jpg 300w, https:\/\/insideamateurfussball-ffm.de\/wp-content\/uploads\/2024\/05\/IMG_0030-768x512.jpg 768w, https:\/\/insideamateurfussball-ffm.de\/wp-content\/uploads\/2024\/05\/IMG_0030-1536x1024.jpg 1536w, https:\/\/insideamateurfussball-ffm.de\/wp-content\/uploads\/2024\/05\/IMG_0030-2048x1365.jpg 2048w\" sizes=\"auto, (max-width: 1024px) 100vw, 1024px\" \/><\/figure>\n<\/figure>\n\n\n\n<figure class=\"wp-block-image size-large is-style-default\"><img loading=\"lazy\" decoding=\"async\" width=\"1024\" height=\"683\" src=\"http:\/\/insideamateurfussball-ffm.de\/wp-content\/uploads\/2024\/05\/IMG_0042-1024x683.jpg\" alt=\"\" class=\"wp-image-18796\" srcset=\"https:\/\/insideamateurfussball-ffm.de\/wp-content\/uploads\/2024\/05\/IMG_0042-1024x683.jpg 1024w, https:\/\/insideamateurfussball-ffm.de\/wp-content\/uploads\/2024\/05\/IMG_0042-300x200.jpg 300w, https:\/\/insideamateurfussball-ffm.de\/wp-content\/uploads\/2024\/05\/IMG_0042-768x512.jpg 768w, https:\/\/insideamateurfussball-ffm.de\/wp-content\/uploads\/2024\/05\/IMG_0042-1536x1024.jpg 1536w, https:\/\/insideamateurfussball-ffm.de\/wp-content\/uploads\/2024\/05\/IMG_0042-2048x1365.jpg 2048w\" sizes=\"auto, (max-width: 1024px) 100vw, 1024px\" \/><\/figure>\n\n\n\n<figure class=\"wp-block-image size-large is-style-default\"><img loading=\"lazy\" decoding=\"async\" width=\"1024\" height=\"683\" src=\"http:\/\/insideamateurfussball-ffm.de\/wp-content\/uploads\/2024\/05\/IMG_0006-1024x683.jpg\" alt=\"\" class=\"wp-image-18789\" srcset=\"https:\/\/insideamateurfussball-ffm.de\/wp-content\/uploads\/2024\/05\/IMG_0006-1024x683.jpg 1024w, https:\/\/insideamateurfussball-ffm.de\/wp-content\/uploads\/2024\/05\/IMG_0006-300x200.jpg 300w, https:\/\/insideamateurfussball-ffm.de\/wp-content\/uploads\/2024\/05\/IMG_0006-768x512.jpg 768w, https:\/\/insideamateurfussball-ffm.de\/wp-content\/uploads\/2024\/05\/IMG_0006-1536x1024.jpg 1536w, https:\/\/insideamateurfussball-ffm.de\/wp-content\/uploads\/2024\/05\/IMG_0006-2048x1365.jpg 2048w\" sizes=\"auto, (max-width: 1024px) 100vw, 1024px\" \/><\/figure>\n\n\n\n<figure class=\"wp-block-image size-large is-style-default\"><img loading=\"lazy\" decoding=\"async\" width=\"1024\" height=\"683\" src=\"http:\/\/insideamateurfussball-ffm.de\/wp-content\/uploads\/2024\/05\/IMG_0026-1024x683.jpg\" alt=\"\" class=\"wp-image-18792\" srcset=\"https:\/\/insideamateurfussball-ffm.de\/wp-content\/uploads\/2024\/05\/IMG_0026-1024x683.jpg 1024w, https:\/\/insideamateurfussball-ffm.de\/wp-content\/uploads\/2024\/05\/IMG_0026-300x200.jpg 300w, https:\/\/insideamateurfussball-ffm.de\/wp-content\/uploads\/2024\/05\/IMG_0026-768x512.jpg 768w, https:\/\/insideamateurfussball-ffm.de\/wp-content\/uploads\/2024\/05\/IMG_0026-1536x1024.jpg 1536w, https:\/\/insideamateurfussball-ffm.de\/wp-content\/uploads\/2024\/05\/IMG_0026-2048x1365.jpg 2048w\" sizes=\"auto, (max-width: 1024px) 100vw, 1024px\" \/><\/figure>\n\n\n\n<figure class=\"wp-block-image size-large is-style-default\"><img loading=\"lazy\" decoding=\"async\" width=\"1024\" height=\"683\" src=\"http:\/\/insideamateurfussball-ffm.de\/wp-content\/uploads\/2024\/05\/IMG_0041-1024x683.jpg\" alt=\"\" class=\"wp-image-18795\" srcset=\"https:\/\/insideamateurfussball-ffm.de\/wp-content\/uploads\/2024\/05\/IMG_0041-1024x683.jpg 1024w, https:\/\/insideamateurfussball-ffm.de\/wp-content\/uploads\/2024\/05\/IMG_0041-300x200.jpg 300w, https:\/\/insideamateurfussball-ffm.de\/wp-content\/uploads\/2024\/05\/IMG_0041-768x512.jpg 768w, https:\/\/insideamateurfussball-ffm.de\/wp-content\/uploads\/2024\/05\/IMG_0041-1536x1024.jpg 1536w, https:\/\/insideamateurfussball-ffm.de\/wp-content\/uploads\/2024\/05\/IMG_0041-2048x1365.jpg 2048w\" sizes=\"auto, (max-width: 1024px) 100vw, 1024px\" \/><\/figure>\n\n\n\n<figure class=\"wp-block-image size-large is-style-default\"><img loading=\"lazy\" decoding=\"async\" width=\"1024\" height=\"683\" src=\"http:\/\/insideamateurfussball-ffm.de\/wp-content\/uploads\/2024\/05\/IMG_0002-1024x683.jpg\" alt=\"\" class=\"wp-image-18787\" srcset=\"https:\/\/insideamateurfussball-ffm.de\/wp-content\/uploads\/2024\/05\/IMG_0002-1024x683.jpg 1024w, https:\/\/insideamateurfussball-ffm.de\/wp-content\/uploads\/2024\/05\/IMG_0002-300x200.jpg 300w, https:\/\/insideamateurfussball-ffm.de\/wp-content\/uploads\/2024\/05\/IMG_0002-768x512.jpg 768w, https:\/\/insideamateurfussball-ffm.de\/wp-content\/uploads\/2024\/05\/IMG_0002-1536x1024.jpg 1536w, https:\/\/insideamateurfussball-ffm.de\/wp-content\/uploads\/2024\/05\/IMG_0002-2048x1365.jpg 2048w\" sizes=\"auto, (max-width: 1024px) 100vw, 1024px\" \/><\/figure>\n\n\n\n<figure class=\"wp-block-image size-large is-style-default\"><img loading=\"lazy\" decoding=\"async\" width=\"1024\" height=\"683\" src=\"http:\/\/insideamateurfussball-ffm.de\/wp-content\/uploads\/2024\/05\/IMG_0014-1024x683.jpg\" alt=\"\" class=\"wp-image-18790\" srcset=\"https:\/\/insideamateurfussball-ffm.de\/wp-content\/uploads\/2024\/05\/IMG_0014-1024x683.jpg 1024w, https:\/\/insideamateurfussball-ffm.de\/wp-content\/uploads\/2024\/05\/IMG_0014-300x200.jpg 300w, https:\/\/insideamateurfussball-ffm.de\/wp-content\/uploads\/2024\/05\/IMG_0014-768x512.jpg 768w, https:\/\/insideamateurfussball-ffm.de\/wp-content\/uploads\/2024\/05\/IMG_0014-1536x1024.jpg 1536w, https:\/\/insideamateurfussball-ffm.de\/wp-content\/uploads\/2024\/05\/IMG_0014-2048x1365.jpg 2048w\" sizes=\"auto, (max-width: 1024px) 100vw, 1024px\" \/><\/figure>\n\n\n\n<figure class=\"wp-block-image size-large is-style-default\"><img loading=\"lazy\" decoding=\"async\" width=\"1024\" height=\"683\" src=\"http:\/\/insideamateurfussball-ffm.de\/wp-content\/uploads\/2024\/05\/IMG_0044-1024x683.jpg\" alt=\"\" class=\"wp-image-18797\" srcset=\"https:\/\/insideamateurfussball-ffm.de\/wp-content\/uploads\/2024\/05\/IMG_0044-1024x683.jpg 1024w, https:\/\/insideamateurfussball-ffm.de\/wp-content\/uploads\/2024\/05\/IMG_0044-300x200.jpg 300w, https:\/\/insideamateurfussball-ffm.de\/wp-content\/uploads\/2024\/05\/IMG_0044-768x512.jpg 768w, https:\/\/insideamateurfussball-ffm.de\/wp-content\/uploads\/2024\/05\/IMG_0044-1536x1024.jpg 1536w, https:\/\/insideamateurfussball-ffm.de\/wp-content\/uploads\/2024\/05\/IMG_0044-2048x1365.jpg 2048w\" sizes=\"auto, (max-width: 1024px) 100vw, 1024px\" \/><\/figure>\n\n\n","protected":false},"excerpt":{"rendered":"<p>Mit dem deutlichen 4:0-Heimsieg gegen die Spvgg. 05 Oberrad gab der FV Bad Vilbel ein weiteres Lebenszeichen von sich und hofft weiter, sich in der Gruppenliga Frankfurt West irgendwie noch in die Relegation retten zu k\u00f6nnen.\u00a0 FV Bad Vilbel &#8211; Spvgg. 05 Oberrad 4:0 (2:0) Die Hoffnung lebt beim FV Bad Vilbel in der Fu\u00dfball-Gruppenliga [&hellip;]<\/p>\n","protected":false},"author":1,"featured_media":18788,"comment_status":"open","ping_status":"open","sticky":true,"template":"","format":"standard","meta":{"footnotes":""},"categories":[13],"tags":[],"class_list":["post-18798","post","type-post","status-publish","format-standard","has-post-thumbnail","hentry","category-gruppenliga-frankfurt-west"],"_links":{"self":[{"href":"https:\/\/insideamateurfussball-ffm.de\/index.php?rest_route=\/wp\/v2\/posts\/18798","targetHints":{"allow":["GET"]}}],"collection":[{"href":"https:\/\/insideamateurfussball-ffm.de\/index.php?rest_route=\/wp\/v2\/posts"}],"about":[{"href":"https:\/\/insideamateurfussball-ffm.de\/index.php?rest_route=\/wp\/v2\/types\/post"}],"author":[{"embeddable":true,"href":"https:\/\/insideamateurfussball-ffm.de\/index.php?rest_route=\/wp\/v2\/users\/1"}],"replies":[{"embeddable":true,"href":"https:\/\/insideamateurfussball-ffm.de\/index.php?rest_route=%2Fwp%2Fv2%2Fcomments&post=18798"}],"version-history":[{"count":1,"href":"https:\/\/insideamateurfussball-ffm.de\/index.php?rest_route=\/wp\/v2\/posts\/18798\/revisions"}],"predecessor-version":[{"id":18799,"href":"https:\/\/insideamateurfussball-ffm.de\/index.php?rest_route=\/wp\/v2\/posts\/18798\/revisions\/18799"}],"wp:featuredmedia":[{"embeddable":true,"href":"https:\/\/insideamateurfussball-ffm.de\/index.php?rest_route=\/wp\/v2\/media\/18788"}],"wp:attachment":[{"href":"https:\/\/insideamateurfussball-ffm.de\/index.php?rest_route=%2Fwp%2Fv2%2Fmedia&parent=18798"}],"wp:term":[{"taxonomy":"category","embeddable":true,"href":"https:\/\/insideamateurfussball-ffm.de\/index.php?rest_route=%2Fwp%2Fv2%2Fcategories&post=18798"},{"taxonomy":"post_tag","embeddable":true,"href":"https:\/\/insideamateurfussball-ffm.de\/index.php?rest_route=%2Fwp%2Fv2%2Ftags&post=18798"}],"curies":[{"name":"wp","href":"https:\/\/api.w.org\/{rel}","templated":true}]}}