{"id":18697,"date":"2024-05-06T23:25:33","date_gmt":"2024-05-06T21:25:33","guid":{"rendered":"https:\/\/insideamateurfussball-ffm.de\/?p=18697"},"modified":"2024-05-07T07:03:56","modified_gmt":"2024-05-07T05:03:56","slug":"nach-coutinho-aus-50-gegen-croatia","status":"publish","type":"post","link":"https:\/\/insideamateurfussball-ffm.de\/?p=18697","title":{"rendered":"Nach Coutinho-Aus 5:0 gegen Croatia"},"content":{"rendered":"<h4>Nach der erfolgten Trennung von Trainer Federico da Costa Coutinho gewann Schlusslicht FV Hausen unter der Leitung der erfahrenen Spieler Tobias Neugebauer und Anas Bakkali mit 5:0 (2:0) gegen den FC Croatia, kann den Abstieg in die Kreisliga A aber nicht mehr aus eigener Kraft abwenden, da die Lila-Wei\u00dfen nur noch ein Spiel haben und maximal auf 31 Punkte kommen k\u00f6nnen.<\/h4>\n<figure id=\"attachment_18698\" aria-describedby=\"caption-attachment-18698\" style=\"width: 1008px\" class=\"wp-caption alignnone\"><img loading=\"lazy\" decoding=\"async\" class=\"wp-image-18698\" src=\"http:\/\/insideamateurfussball-ffm.de\/wp-content\/uploads\/2024\/05\/DSC_5949-1.jpg\" alt=\"\" width=\"1008\" height=\"756\" srcset=\"https:\/\/insideamateurfussball-ffm.de\/wp-content\/uploads\/2024\/05\/DSC_5949-1.jpg 999w, https:\/\/insideamateurfussball-ffm.de\/wp-content\/uploads\/2024\/05\/DSC_5949-1-300x225.jpg 300w, https:\/\/insideamateurfussball-ffm.de\/wp-content\/uploads\/2024\/05\/DSC_5949-1-768x576.jpg 768w\" sizes=\"auto, (max-width: 1008px) 100vw, 1008px\" \/><figcaption id=\"caption-attachment-18698\" class=\"wp-caption-text\">Der FV Hausen kann den Abstieg in die A-Klasse nicht mehr aus eigener Kraft abwenden. Foto: Archiv J\u00f6rg Schulz.<\/figcaption><\/figure>\n<h4>FV Hausen &#8211; FC Croatia 5:0 (2:0)<\/h4>\n<p><img loading=\"lazy\" decoding=\"async\" class=\"alignnone size-full wp-image-12700\" src=\"http:\/\/insideamateurfussball-ffm.de\/wp-content\/uploads\/2023\/09\/Hausen.jpg\" alt=\"\" width=\"80\" height=\"60\" \/><img loading=\"lazy\" decoding=\"async\" class=\"alignnone size-full wp-image-29\" src=\"http:\/\/insideamateurfussball-ffm.de\/wp-content\/uploads\/2021\/11\/croatia.jpg\" alt=\"\" width=\"63\" height=\"80\" \/><\/p>\n<p>Nach einer monatelang anhaltenden Talfahrt hatte der Vorstand dem Portugiesen im Vorfeld der Partie mitgeteilt, dass man die Zusammenarbeit zum Saisonende beenden wolle, woraufhin Coutinho mit sofortiger Wirkung sein Amt niederlegte. \u00dcber die Gr\u00fcnde sagte der Spielausschuss-Chef Peter Schl\u00fc\u00dfmann: &#8222;Die Erfolglosigkeit und der drohende Abstieg haben uns dazu veranlasst, zu handeln. Es gab eine Unzufriedenheit von Spielern und gewisse Erscheinungen, die dem Vorstand aufgefallen sind.&#8220; Der bisherige Trainer, mit den Lila-Wei\u00dfen tief verwurzelt, reagierte entt\u00e4uscht: &#8222;Die Vereinspr\u00e4sidentin Claudia Fleckenstein hat mich telefonisch in einem einmin\u00fctigen Gespr\u00e4ch dar\u00fcber informiert, dass der Verein ab Sommer die Zusammenarbeit beenden m\u00f6chte. Mit der Trennung kann ich prinzipiell gut leben, aber die Art und Weise der Kommunikation hat mich \u00fcberrascht, sehr entt\u00e4uscht und ist meiner Ansicht nach sehr respektlos. Daraufhin habe ich keine Basis mehr f\u00fcr eine Zusammenarbeit bis Sommer gesehen.&#8220;<\/p>\n<p>Interimscoach Tobias Neugebauer, der f\u00fchrende Mann auf dem Spielfeld, wollte sich &#8222;erstmal bei Fede bedanken f\u00fcr seine langj\u00e4hrige und engagierte Trainerarbeit, auch nat\u00fcrlich seitens der Mannschaft. Die Erfolglosigkeit kann nat\u00fcrlich nicht nur dem Trainer angelastet werden, da spielen immer verschiedene Parteien im Zusammenspiel eine Rolle. Aber Fede ist schon immer ein Hausener und wird es auch bleiben.&#8220; F\u00fcr das Croatia-Spiel stellten der Sportliche Leiter Peter Dzwonkiwskj, Kapit\u00e4n Anas Bakkali und Tobias Neugebauer das Team kurzerhand ein. &#8222;Man hat deutlich gemerkt, dass bei Croatia die Luft raus ist und ein Spiel auf Kreisoberliga-Niveau daher nicht zustande kam&#8220;, konstatierte Neugebauer. In den ersten 15 Minuten musste Hausen zwei gef\u00e4hrliche Situationen \u00fcberstehen, danach wurde zum wichtigen Zeitpunkt durch Mustafa Ilhan nach einer Freisto\u00dfflanke von Bakkali erzielt (14.). Zum &#8222;moralisch wichtigen Zeitpunkt&#8220;, wie Neugebauer es formulierte, markierte Routinier Thomas Altvater wiederum auf Bakkali-Freisto\u00dfflanke per Kopfball das 2:0 (45.).<\/p>\n<h4>Croatia lief mit Feldspieler im Tor und SOMA-Akteur im Feld auf<\/h4>\n<p>Nach dem Seitenwechsel zeigte Croatia \u00fcberhaupt kein Aufb\u00e4umen mehr und die Hausener hatten so leichtes Spiel, &#8222;wobei wir uns phasenweise dem Niveau von Croatia sogar angepasst haben&#8220;, erkl\u00e4rte Neugebauer. Die restlichen Tore gingen auf das Konto von Bakkali per beherztem Sololauf (57.), Ilhan (64.) und Altvater mit einem Abstauber (75.). FVH-Torh\u00fcter Theo Wedel konnte einen Fernschuss der G\u00e4ste um den Pfosten lenken, sodass die mit 90 Gegentoren nach R\u00f6delheim (93) zweitschlechteste Abwehr der Liga erstmals in dieser Saison zu Null spielen konnte. Die G\u00e4ste liefen im Tor mit Feldspieler Petar Beslic auf und boten einen SOMA-Spieler in der Innenverteidigung auf. Topleute wie Dominik Emmel, Jackie Lee Reljic und Aleksandar Sasa Matovic kommen seit Wochen nicht mehr und werden wohl auch nicht mehr f\u00fcr den Club auflaufen. So hat man sich die gute Saison in den letzten f\u00fcnf Partien mit nur einem Punkt und einem Torverh\u00e4ltnis von 7:21 kaputt gemacht. Hausen ist am kommenden Sonntag spielfrei und tritt nur noch am letzten Spieltag bei Germania 94 auf.<\/p>\n<p>Man kann nur noch auf 31 Punkte kommen und allenfalls die Relegation erreichen, da der direkte Vergleich mit R\u00f6delheim und Westend verloren ging. Holt Westend aus zwei Spielen mindestens drei Punkte, w\u00e4re der Hausener Abstieg unabwendbar. &#8222;Uns ist die Situation bewusst, dass wir auf andere Ergebnisse angewiesen sind und erst in drei Wochen unser letztes Meisterschaftsspiel austragen werden. Wenn wir am Ende absteigen, dann ist es nat\u00fcrlich auch nicht unverdient, da wir zu viele Spiele auf Augenh\u00f6he leichtfertig verschenkt haben&#8220;, meinte Neugebauer. Croatias Sportlicher Leiter Stanislav Konta sagte zur zehnten Niederlage der Saison: &#8222;Die Anfangsphase war in Ordnung, die zweite Halbzeit haben wir naiv verteidigt und die Tore kassiert. Bei uns ist die Luft raus.&#8220; So wird man versuchen, sich im letzten Saisonspiel am Sonntag gegen den FC Gudesding nochmal gut zu pr\u00e4sentieren, da es in den drei Spielen unter der Regie des neuen Trainers Karlo Luketic drei Niederlagen gab. Am letzten Spieltag sind die Kroaten spielfrei.<\/p>\n<h4>Schiedsrichter: Christian Fox (SV Rot-Wei\u00df Walldorf). Zuschauer: 60.<\/h4>\n<h4>Tore: 1:0 Mustafa Ilhan (14.), 2:0 Thomas Altvater (45.\/+1), 3:0 Anas Bakkali (57.), 4:0 Mustafa Ilhan (64.), 5:0 Thomas Altvater (75.).<\/h4>\n","protected":false},"excerpt":{"rendered":"<p>Nach der erfolgten Trennung von Trainer Federico da Costa Coutinho gewann Schlusslicht FV Hausen unter der Leitung der erfahrenen Spieler Tobias Neugebauer und Anas Bakkali mit 5:0 (2:0) gegen den FC Croatia, kann den Abstieg in die Kreisliga A aber nicht mehr aus eigener Kraft abwenden, da die Lila-Wei\u00dfen nur noch ein Spiel haben und [&hellip;]<\/p>\n","protected":false},"author":1,"featured_media":18698,"comment_status":"open","ping_status":"open","sticky":true,"template":"","format":"standard","meta":{"footnotes":""},"categories":[2],"tags":[],"class_list":["post-18697","post","type-post","status-publish","format-standard","has-post-thumbnail","hentry","category-kreisoberliga-frankfurt"],"_links":{"self":[{"href":"https:\/\/insideamateurfussball-ffm.de\/index.php?rest_route=\/wp\/v2\/posts\/18697","targetHints":{"allow":["GET"]}}],"collection":[{"href":"https:\/\/insideamateurfussball-ffm.de\/index.php?rest_route=\/wp\/v2\/posts"}],"about":[{"href":"https:\/\/insideamateurfussball-ffm.de\/index.php?rest_route=\/wp\/v2\/types\/post"}],"author":[{"embeddable":true,"href":"https:\/\/insideamateurfussball-ffm.de\/index.php?rest_route=\/wp\/v2\/users\/1"}],"replies":[{"embeddable":true,"href":"https:\/\/insideamateurfussball-ffm.de\/index.php?rest_route=%2Fwp%2Fv2%2Fcomments&post=18697"}],"version-history":[{"count":4,"href":"https:\/\/insideamateurfussball-ffm.de\/index.php?rest_route=\/wp\/v2\/posts\/18697\/revisions"}],"predecessor-version":[{"id":18702,"href":"https:\/\/insideamateurfussball-ffm.de\/index.php?rest_route=\/wp\/v2\/posts\/18697\/revisions\/18702"}],"wp:featuredmedia":[{"embeddable":true,"href":"https:\/\/insideamateurfussball-ffm.de\/index.php?rest_route=\/wp\/v2\/media\/18698"}],"wp:attachment":[{"href":"https:\/\/insideamateurfussball-ffm.de\/index.php?rest_route=%2Fwp%2Fv2%2Fmedia&parent=18697"}],"wp:term":[{"taxonomy":"category","embeddable":true,"href":"https:\/\/insideamateurfussball-ffm.de\/index.php?rest_route=%2Fwp%2Fv2%2Fcategories&post=18697"},{"taxonomy":"post_tag","embeddable":true,"href":"https:\/\/insideamateurfussball-ffm.de\/index.php?rest_route=%2Fwp%2Fv2%2Ftags&post=18697"}],"curies":[{"name":"wp","href":"https:\/\/api.w.org\/{rel}","templated":true}]}}