{"id":18667,"date":"2024-05-06T17:50:09","date_gmt":"2024-05-06T15:50:09","guid":{"rendered":"https:\/\/insideamateurfussball-ffm.de\/?p=18667"},"modified":"2024-05-06T17:50:09","modified_gmt":"2024-05-06T15:50:09","slug":"bosnien-behielt-im-hitzigen-spiel-die-oberhand","status":"publish","type":"post","link":"https:\/\/insideamateurfussball-ffm.de\/?p=18667","title":{"rendered":"Bosnien behielt im hitzigen Spiel die Oberhand"},"content":{"rendered":"<h4>Die Spvgg. 05 Oberrad empfing im Stadtduell den SV BKC Bosnien\/Herzegowina. In einem hitzigen Spiel behielten am Ende die Bosnier mit 3:2 die Oberhand und bleiben mit 5 Punkten R\u00fcckstand an der Tabellenspitze dran.<\/h4>\n<figure id=\"attachment_18066\" aria-describedby=\"caption-attachment-18066\" style=\"width: 945px\" class=\"wp-caption alignnone\"><img loading=\"lazy\" decoding=\"async\" class=\"wp-image-18066 size-full\" src=\"http:\/\/insideamateurfussball-ffm.de\/wp-content\/uploads\/2024\/04\/bos11.jpg\" alt=\"\" width=\"945\" height=\"631\" srcset=\"https:\/\/insideamateurfussball-ffm.de\/wp-content\/uploads\/2024\/04\/bos11.jpg 945w, https:\/\/insideamateurfussball-ffm.de\/wp-content\/uploads\/2024\/04\/bos11-300x200.jpg 300w, https:\/\/insideamateurfussball-ffm.de\/wp-content\/uploads\/2024\/04\/bos11-768x513.jpg 768w\" sizes=\"auto, (max-width: 945px) 100vw, 945px\" \/><figcaption id=\"caption-attachment-18066\" class=\"wp-caption-text\">Die Bosnier durften nach dem Spiel den Sieg bejubeln (wie hier beim Spiel gegen Fechenheim). Foto: Archiv Mithat G\u00fcrser<\/figcaption><\/figure>\n<h4>Spvgg. 05 Oberrad &#8211; SV BKC Bosnien\/Herzegowina 2:3 (0:2)<\/h4>\n<p><img loading=\"lazy\" decoding=\"async\" class=\"alignnone size-full wp-image-137\" src=\"http:\/\/insideamateurfussball-ffm.de\/wp-content\/uploads\/2022\/05\/Oberrad05.jpg\" alt=\"\" width=\"79\" height=\"80\" \/><img loading=\"lazy\" decoding=\"async\" class=\"alignnone size-full wp-image-139\" src=\"http:\/\/insideamateurfussball-ffm.de\/wp-content\/uploads\/2022\/05\/Bosnien.jpg\" alt=\"\" width=\"79\" height=\"80\" \/><\/p>\n<p>Im Stadtduell gegen den SV BKC Bosnien\/Herzegowina wollten die Ober\u00e4der nach der klaren Niederlage in Seckbach wieder ihr anderes Gesicht zeigen, die Anfangsphase geh\u00f6rte aber klar den G\u00e4sten, die bereits in der 5.Minute durch Selim Zuna mit 1:0 in F\u00fchrung gingen. Und nur 9 Minuten sp\u00e4ter folgte auch schon das 2:0, Safet Mujkic erzielte in der 14.Minute das 2:0. Bosniens Pressesprecher Admir Malohodzic sagte: \u201ewir haben das Spiel im Griff gehabt und zum Schluss noch unn\u00f6tig spannend gemacht\u201c.<\/p>\n<p>In der zweiten H\u00e4lfte kam Oberrad etwas besser ins Spiel und in der 54.Minute auch zum Anschlusstreffer durch Milan Matejevic. Nach den Worten von Oberrads Gabriel Bernstein war seine Mannschaft \u201ejetzt am Dr\u00fccker\u201c. In der 62.Minute kam es dann zum Aufreger, als Tim Becker den Bosnier Torsch\u00fctzen zum 2:0, Safet Mujkic, foulte und daf\u00fcr die rote Karte sah. Malohodzic: \u201edas Foul hat das Spiel \u00fcberschattet, Becker ist Mujkic mit getrecktem Bein in die Kniekehle gesprungen, man sieht bei Mujkic die Spuren der Stollen.\u201c Besonders erbost war Malohodzic dar\u00fcber, dass es wieder Becker war, der wie schon vor einem Jahr beim damaligen Aufeinandertreffen mit einer roten Karte bedacht wurde, als er einen Bosnier foulte, der danach ins Krankenhaus musste. Malohodzic: \u201eich bin fassungslos, dass sich ein erfahrener Spieler so verh\u00e4lt\u201c.<\/p>\n<p>In \u00dcberzahl erzielte dann Yuta Omori in der 75.Minute das 3:1, Oberrad konnte sich nur noch wenige Chancen erspielen. In der dritten Minute der Nachspielzeit kamen die Gastgeber aber doch noch zum Anschlusstreffer, Kenneth Malm erzielte das 2:3, das das Spiel aus bosnischer Sicht noch einmal unn\u00f6tig spannend machte. In der langen Nachspielzeit erhielt dann auch noch der Bosnier Amir Grabovica die rote Karte, der Linienrichter hatte eine T\u00e4tlichkeit an einen Oberrader Spieler gesehen. Nach \u00fcber 10 Minuten Nachspielzeit fuhren die Bosnier den Ausw\u00e4rtssieg ein, Bernstein meint: \u201eam Ende des Tages w\u00e4re ein Unentschieden gerecht gewesen.\u201c<\/p>\n<p>Der SV BKC Bosnien\/Herzegowina empf\u00e4ngt am n\u00e4chsten Wochenende den T\u00fcrkischen SV Bad Nauheim und versucht weiterhin, die Mannschaften auf den vorderen Pl\u00e4tzen unter Druck zu setzen, die Spvgg. 05 Oberrad spielt bereits am Freitag beim FV Bad Vilbel.<\/p>\n<h4>Schiedsrichter: Loris Langlitz (1.FC 1906 Erlensee). Zuschauer: 80.<\/h4>\n<h4>Tore: 0:1 Selim Zuna (5.), 0:2 Safet Mujkic (14.), 1:2 Milan Matijevic (54.), 1:3 Yuta Omori (75.), 2.3 Kenneth Malm (90.+3)<\/h4>\n","protected":false},"excerpt":{"rendered":"<p>Die Spvgg. 05 Oberrad empfing im Stadtduell den SV BKC Bosnien\/Herzegowina. In einem hitzigen Spiel behielten am Ende die Bosnier mit 3:2 die Oberhand und bleiben mit 5 Punkten R\u00fcckstand an der Tabellenspitze dran. Spvgg. 05 Oberrad &#8211; SV BKC Bosnien\/Herzegowina 2:3 (0:2) Im Stadtduell gegen den SV BKC Bosnien\/Herzegowina wollten die Ober\u00e4der nach der [&hellip;]<\/p>\n","protected":false},"author":3,"featured_media":18066,"comment_status":"open","ping_status":"open","sticky":true,"template":"","format":"standard","meta":{"footnotes":""},"categories":[13],"tags":[],"class_list":["post-18667","post","type-post","status-publish","format-standard","has-post-thumbnail","hentry","category-gruppenliga-frankfurt-west"],"_links":{"self":[{"href":"https:\/\/insideamateurfussball-ffm.de\/index.php?rest_route=\/wp\/v2\/posts\/18667","targetHints":{"allow":["GET"]}}],"collection":[{"href":"https:\/\/insideamateurfussball-ffm.de\/index.php?rest_route=\/wp\/v2\/posts"}],"about":[{"href":"https:\/\/insideamateurfussball-ffm.de\/index.php?rest_route=\/wp\/v2\/types\/post"}],"author":[{"embeddable":true,"href":"https:\/\/insideamateurfussball-ffm.de\/index.php?rest_route=\/wp\/v2\/users\/3"}],"replies":[{"embeddable":true,"href":"https:\/\/insideamateurfussball-ffm.de\/index.php?rest_route=%2Fwp%2Fv2%2Fcomments&post=18667"}],"version-history":[{"count":2,"href":"https:\/\/insideamateurfussball-ffm.de\/index.php?rest_route=\/wp\/v2\/posts\/18667\/revisions"}],"predecessor-version":[{"id":18669,"href":"https:\/\/insideamateurfussball-ffm.de\/index.php?rest_route=\/wp\/v2\/posts\/18667\/revisions\/18669"}],"wp:featuredmedia":[{"embeddable":true,"href":"https:\/\/insideamateurfussball-ffm.de\/index.php?rest_route=\/wp\/v2\/media\/18066"}],"wp:attachment":[{"href":"https:\/\/insideamateurfussball-ffm.de\/index.php?rest_route=%2Fwp%2Fv2%2Fmedia&parent=18667"}],"wp:term":[{"taxonomy":"category","embeddable":true,"href":"https:\/\/insideamateurfussball-ffm.de\/index.php?rest_route=%2Fwp%2Fv2%2Fcategories&post=18667"},{"taxonomy":"post_tag","embeddable":true,"href":"https:\/\/insideamateurfussball-ffm.de\/index.php?rest_route=%2Fwp%2Fv2%2Ftags&post=18667"}],"curies":[{"name":"wp","href":"https:\/\/api.w.org\/{rel}","templated":true}]}}