{"id":18662,"date":"2024-05-06T14:58:48","date_gmt":"2024-05-06T12:58:48","guid":{"rendered":"https:\/\/insideamateurfussball-ffm.de\/?p=18662"},"modified":"2024-05-06T14:58:48","modified_gmt":"2024-05-06T12:58:48","slug":"fechenheim-chancenlos-gegen-beienheim","status":"publish","type":"post","link":"https:\/\/insideamateurfussball-ffm.de\/?p=18662","title":{"rendered":"Fechenheim chancenlos gegen Beienheim"},"content":{"rendered":"<h4>Die Spvgg. 03 Fechenheim muss ihre Punkte gegen den Abstieg gegen andere Mannschaften holen, gegen den Tabellenf\u00fchrer SKV Beienheim unterlagen die Frankfurter am Ende klar mit 2:5, nach einem Platzverweis gegen die Gastgeber kam der Spitzenreiter zu seinen Toren.<\/h4>\n<figure id=\"attachment_18663\" aria-describedby=\"caption-attachment-18663\" style=\"width: 2016px\" class=\"wp-caption alignnone\"><img loading=\"lazy\" decoding=\"async\" class=\"wp-image-18663 size-full\" src=\"http:\/\/insideamateurfussball-ffm.de\/wp-content\/uploads\/2024\/05\/fechenheimbeienheim02.jpg\" alt=\"\" width=\"2016\" height=\"1512\" srcset=\"https:\/\/insideamateurfussball-ffm.de\/wp-content\/uploads\/2024\/05\/fechenheimbeienheim02.jpg 2016w, https:\/\/insideamateurfussball-ffm.de\/wp-content\/uploads\/2024\/05\/fechenheimbeienheim02-300x225.jpg 300w, https:\/\/insideamateurfussball-ffm.de\/wp-content\/uploads\/2024\/05\/fechenheimbeienheim02-1024x768.jpg 1024w, https:\/\/insideamateurfussball-ffm.de\/wp-content\/uploads\/2024\/05\/fechenheimbeienheim02-768x576.jpg 768w, https:\/\/insideamateurfussball-ffm.de\/wp-content\/uploads\/2024\/05\/fechenheimbeienheim02-1536x1152.jpg 1536w\" sizes=\"auto, (max-width: 2016px) 100vw, 2016px\" \/><figcaption id=\"caption-attachment-18663\" class=\"wp-caption-text\">Die in wei\u00df spielenden Beienheimer kamen zu einem klaren Sieg. Foto: MZ<\/figcaption><\/figure>\n<h4>Spvgg. 03 Fechenheim &#8211; SKV Beienheim 2:5 (1:1)<\/h4>\n<p><img loading=\"lazy\" decoding=\"async\" class=\"alignnone size-full wp-image-603\" src=\"http:\/\/insideamateurfussball-ffm.de\/wp-content\/uploads\/2022\/06\/Fech03.jpg\" alt=\"\" width=\"52\" height=\"80\" \/><img loading=\"lazy\" decoding=\"async\" class=\"alignnone size-full wp-image-545\" src=\"http:\/\/insideamateurfussball-ffm.de\/wp-content\/uploads\/2022\/06\/SKV-Beienh.jpg\" alt=\"\" width=\"79\" height=\"80\" \/><\/p>\n<p>Die Spvgg. 03 Fechenheim ist noch nicht gerettet, der Abstand zum derzeitigen Relegationsplatz betr\u00e4gt nach diesem Spieltag noch 6 Punkte, ist also an diesem Wochenende nur um einen Punkt kleiner geworden. Mit dem neuen Spitzenreiter SKV Beienheim kam auch ein Gegner an die Birsteiner Str., der gute Karten im Kampf um den direkten Aufstieg in die Verbandsliga hat. Und der Gast legte auch gleich gut los, in der 2.Minute wurde auf der linken Seite Marius Bindewald geschickt, der den Ball flach zur\u00fccklegte, Jan Eisers Schuss aus 16 Metern wurde dann unhaltbar zum 0:1 abgef\u00e4lscht. Und die Beienheimer kamen in den ersten 20 Minuten zu weiteren guten Chancen, neben zwei Kopfb\u00e4llen gab es auch drei Freist\u00f6\u00dfe aus ca. 20 Metern, von denen Fechenheims Torwart Armin Buchholz zwei parieren konnte, der dritte strich knapp am Tor vorbei.<\/p>\n<p>In der 23.Minute meldeten sich dann auch die Fechenheimer in der Offensive an, ein 20-Meter-Schuss von Murat Bulut sprang von der Querlatte wieder ins Spielfeld zur\u00fcck. Der Gast aus Beienheim dominierte das Spiel und kam zu weiteren Chancen, war aber nicht erfolgreich. In der 38.Minute pfiff der Schiedsrichter eine gute Chance von Fechenheim wegen eines angeblichen Abseits zur\u00fcck, der Linienrichter hatte die Fahne gehoben. Darauf gab es von Fechenheimer Seite Beschwerden, ein Betreuer erhielt die gelbe Karte. Im Anschluss daran erhielt auch Trainer Maximilian Schmidt erst die gelbe, dann die gelb-rote Karte. Wie uns der Trainer im Anschluss daran auf der Terrasse des Vereinsheims mitteilte, habe er nur gefragt, warum sein Betreuer die gelbe Karte gesehen habe. Als er da auf auch die gelbe Karte bekam, hat er wieder gefragt, warum er jetzt auch die gelbe Karte bekommen h\u00e4tte, dies h\u00e4tte zur gelb-roten Karte gef\u00fchrt.<\/p>\n<p>Nach der Unterbrechung ging das Spiel weiter und in der dritten Minute der Nachspielzeit gab es die n\u00e4chste strittige Szene. Bei einem langen Ball kam Beienheims Torh\u00fcter Lennart Kopf aus dem Tor und legte sich vor den Ball und hielt ihn auf, ein Fechenheimer Spieler kam herangest\u00fcrmt und fiel \u00fcber den Torh\u00fcter. Zum Entsetzen der G\u00e4ste und zur \u00dcberraschung aller zeigte der Schiedsrichter auf den Elfmeterpunkt, diese Chance lie\u00df sich Ouassim Ouass nicht entgehen und erzielte den Ausgleich, mit dem es auch in die Pause ging.<\/p>\n<p>In der zweiten H\u00e4lfte pl\u00e4tscherte das Spiel eine Viertelstunde vor sich hin mit Vorteilen f\u00fcr die G\u00e4ste, ehe Fechenheims Nadim Ahmed in der 57.Minute bei einem Foul 25 Meter vor dem Tor verwarnt wurde und mit gelb-rot vom Platz musste. Die Beienheimer nutzten diese \u00dcberzahl innerhalb von 6 Minuten schnell aus und kamen durch zwei Kopfballtreffer von Denis Ehrlicher in der 63.und 65.Minute zum 3:1, nur knapp 4 Minute sp\u00e4ter erzielte Ben-Louis Sch\u00e4fer mit einem Distanzschuss aus 20 Metern die Vorentscheidung zum 4:1. Beim 5:1 durch Andrei Dogot wurde der Torsch\u00fctze bei einer scharfen Flanke einfach angeschossen und der Ball trudelte ins Tor, die Fechenheimer kamen in der 89.Minute noch zu einer Resultatsverbesserung durch ein Tor von Timur Berkant \u00d6zdemir. Aufgrund der vielen Chancen f\u00fcr Beienheim ein verdienter Sieg.<\/p>\n<p>Fechenheims Pr\u00e4sident Reinhold Schmidt nach dem Spiel: \u201eda w\u00e4re f\u00fcr uns vielleicht mehr drin gewesen, f\u00fcr mich hat der Schiedsrichter heute das Spiel entschieden. Was ich so von den Spielern geh\u00f6rt habe, war er sehr arrogant und anma\u00dfend. Aber wir m\u00fcssen jetzt nicht nur mit dem Schiedsrichter hadern, wir h\u00e4tten auch nach dem 1:1 vielleicht ein bisschen engagierter spielen k\u00f6nnen, gut, dann haben wir die gelb-rote Karte bekommen, die f\u00fcr mich halt spielentscheidend war.\u201c<\/p>\n<p>Am n\u00e4chsten Wochenende m\u00fcssen die Fechenheimer zum FSV Friedrichsdorf und dort versuchen, die rechnerisch noch notwendigen Punkte zum Klassenerhalt zu holen.<\/p>\n<h4>Schiedsrichter: k.A. \u00a0Zuschauer: 80.<\/h4>\n<h4>Tore: 0:1 Jan Eiser (2.), 1:1 Ouassim Ouass (45.3, Elfmeter), 1:2 Denis Ehrlicher (63.), 1:3 Denis Ehrlicher (65.), 1:4 Ben-Louis Sch\u00e4fer (69.), 1:5 Andrei Dogot (81.), 2:5 Timur Berkant \u00d6zdemir (89.)<\/h4>\n","protected":false},"excerpt":{"rendered":"<p>Die Spvgg. 03 Fechenheim muss ihre Punkte gegen den Abstieg gegen andere Mannschaften holen, gegen den Tabellenf\u00fchrer SKV Beienheim unterlagen die Frankfurter am Ende klar mit 2:5, nach einem Platzverweis gegen die Gastgeber kam der Spitzenreiter zu seinen Toren. Spvgg. 03 Fechenheim &#8211; SKV Beienheim 2:5 (1:1) Die Spvgg. 03 Fechenheim ist noch nicht gerettet, [&hellip;]<\/p>\n","protected":false},"author":3,"featured_media":18663,"comment_status":"open","ping_status":"open","sticky":true,"template":"","format":"standard","meta":{"footnotes":""},"categories":[13],"tags":[],"class_list":["post-18662","post","type-post","status-publish","format-standard","has-post-thumbnail","hentry","category-gruppenliga-frankfurt-west"],"_links":{"self":[{"href":"https:\/\/insideamateurfussball-ffm.de\/index.php?rest_route=\/wp\/v2\/posts\/18662","targetHints":{"allow":["GET"]}}],"collection":[{"href":"https:\/\/insideamateurfussball-ffm.de\/index.php?rest_route=\/wp\/v2\/posts"}],"about":[{"href":"https:\/\/insideamateurfussball-ffm.de\/index.php?rest_route=\/wp\/v2\/types\/post"}],"author":[{"embeddable":true,"href":"https:\/\/insideamateurfussball-ffm.de\/index.php?rest_route=\/wp\/v2\/users\/3"}],"replies":[{"embeddable":true,"href":"https:\/\/insideamateurfussball-ffm.de\/index.php?rest_route=%2Fwp%2Fv2%2Fcomments&post=18662"}],"version-history":[{"count":2,"href":"https:\/\/insideamateurfussball-ffm.de\/index.php?rest_route=\/wp\/v2\/posts\/18662\/revisions"}],"predecessor-version":[{"id":18665,"href":"https:\/\/insideamateurfussball-ffm.de\/index.php?rest_route=\/wp\/v2\/posts\/18662\/revisions\/18665"}],"wp:featuredmedia":[{"embeddable":true,"href":"https:\/\/insideamateurfussball-ffm.de\/index.php?rest_route=\/wp\/v2\/media\/18663"}],"wp:attachment":[{"href":"https:\/\/insideamateurfussball-ffm.de\/index.php?rest_route=%2Fwp%2Fv2%2Fmedia&parent=18662"}],"wp:term":[{"taxonomy":"category","embeddable":true,"href":"https:\/\/insideamateurfussball-ffm.de\/index.php?rest_route=%2Fwp%2Fv2%2Fcategories&post=18662"},{"taxonomy":"post_tag","embeddable":true,"href":"https:\/\/insideamateurfussball-ffm.de\/index.php?rest_route=%2Fwp%2Fv2%2Ftags&post=18662"}],"curies":[{"name":"wp","href":"https:\/\/api.w.org\/{rel}","templated":true}]}}