{"id":18659,"date":"2024-05-06T12:36:15","date_gmt":"2024-05-06T10:36:15","guid":{"rendered":"https:\/\/insideamateurfussball-ffm.de\/?p=18659"},"modified":"2024-05-06T12:36:15","modified_gmt":"2024-05-06T10:36:15","slug":"kalbach-nach-kantersieg-weiter-oben-mit-dabei","status":"publish","type":"post","link":"https:\/\/insideamateurfussball-ffm.de\/?p=18659","title":{"rendered":"Kalbach nach Kantersieg weiter oben mit dabei"},"content":{"rendered":"<h4>Der FC Kalbach spielt weiter mit im Kampf um den Aufstieg, bei der abstiegsbedrohten SG Ober-Erlenbach gelang ein ungef\u00e4hrdeter 8:0-Ausw\u00e4rtssieg, bei dem Achraf Gara Ali 4 Tore beisteuerte.<\/h4>\n<figure id=\"attachment_12859\" aria-describedby=\"caption-attachment-12859\" style=\"width: 1064px\" class=\"wp-caption alignnone\"><img loading=\"lazy\" decoding=\"async\" class=\"wp-image-12859 size-full\" src=\"http:\/\/insideamateurfussball-ffm.de\/wp-content\/uploads\/2023\/09\/kal18.jpg\" alt=\"\" width=\"1064\" height=\"708\" srcset=\"https:\/\/insideamateurfussball-ffm.de\/wp-content\/uploads\/2023\/09\/kal18.jpg 1064w, https:\/\/insideamateurfussball-ffm.de\/wp-content\/uploads\/2023\/09\/kal18-300x200.jpg 300w, https:\/\/insideamateurfussball-ffm.de\/wp-content\/uploads\/2023\/09\/kal18-1024x681.jpg 1024w, https:\/\/insideamateurfussball-ffm.de\/wp-content\/uploads\/2023\/09\/kal18-768x511.jpg 768w\" sizes=\"auto, (max-width: 1064px) 100vw, 1064px\" \/><figcaption id=\"caption-attachment-12859\" class=\"wp-caption-text\">Das &#8222;Ph\u00e4nomen&#8220; Achraf Gara Ali hat wieder viermal zugeschlagen. Foto: Archiv<\/figcaption><\/figure>\n<h4>SG Ober-Erlenbach &#8211; FC Kalbach 0:8 (0:4)<\/h4>\n<p><img loading=\"lazy\" decoding=\"async\" class=\"alignnone size-full wp-image-2186\" src=\"http:\/\/insideamateurfussball-ffm.de\/wp-content\/uploads\/2022\/08\/Ober-erl.jpg\" alt=\"\" width=\"76\" height=\"80\" \/><img loading=\"lazy\" decoding=\"async\" class=\"alignnone size-full wp-image-16\" src=\"http:\/\/insideamateurfussball-ffm.de\/wp-content\/uploads\/2021\/11\/kalbach-wappen.jpg\" alt=\"\" width=\"80\" height=\"80\" \/><\/p>\n<p>Der FC Kalbach bleibt weiter im Rennen um die beiden Aufstiegspl\u00e4tze (direkter Aufstieg und Relegation), vier Spieltage vor Schluss trennen die Kalbacher weiter 4 Punkte von den beiden Mannschaften auf Platz 1 und 2, dem SKV Beienheim und dem FC Neu-Anspach. Wie die Konkurrenten hatten die Kalbacher an diesem Wochenende leichtes Spiel gegen einen Gegner aus Ober-Erlenbach, der sich theoretisch noch \u00fcber die Relegation retten k\u00f6nnte, wenn RW Frankfurt den Klassenerhalt in der Verbandsliga schafft.<\/p>\n<p>Manfred Meyer, Mitglied der Sportlichen Leitung vom FC Kalbach, sagte nach dem Spiel: \u201eOber-Erlenbach war mit dem 0:8 noch gut bedient, die Mannschaft hat sich kaum gewehrt und schnell in ihr Schicksal ergeben\u201c. So fielen dann auch die Tore f\u00fcr die Kalbacher wie reife Fr\u00fcchte, es war Moritz Uppenkamp in der 14.Minute, der den Torreigen er\u00f6ffnete. In der 21.Minute verwandelte Achraf Gara Ali einen Elfmeter, ehe der Gegner mithalf. Benedikt Seitz erh\u00f6hte mit einem Eigentor auf 3:0 und erneut Achraf Gara Ali zementierte den 4:0-Pausenstand in der 36.Minute.<\/p>\n<p>In der zweiten Halbzeit war es erneut Moritz Uppenkamp in der 60.Minute, der das erste Tor f\u00fcr die Kalbacher schoss. Es folgten zwei weitere Tore durch Achraf Gara Ali in der 62. und 67.Minute, ehe Ricardo Harrabi den Schlusspunkt mit dem 8:0 in der 83.Minute setzte. Noch ein Wort zu Achraf Gara Ali: er erzielte bereits seine Treffer 43-46 und hat jetzt nur noch zwei Tore R\u00fcckstand f\u00fcr die kicker-Torj\u00e4ger-Krone der 7.Ligen, die er bereits einmal im Jahr 2022 geholt hatte. Vielleicht schie\u00dft er die Mannschaft auch zum Aufstieg in die Verbandsliga, bei 4 Punkten R\u00fcckstand k\u00f6nnen es die Kalbacher allerdings nicht mehr aus eigener Kraft schaffen und sind auf Patzer der Konkurrenz angewiesen.<\/p>\n<p>Am n\u00e4chsten Wochenende empf\u00e4ngt der FC Kalbach eine weitere Mannschaft auf den Abstiegsr\u00e4ngen, den 1.FC 09 Oberstedten.<\/p>\n<h4>Schiedsrichter: Lucas Renner (Olympia Lorsch). Zuschauer: 100.<\/h4>\n<h4>Tore: 0:1 Motitz Uppenkamp (14.), 0:2 Achraf Gara Ali (21., Elfmeter), 0:3 Benedikt Seitz (24., Eigentor), 0:4 Achraf Gara Ali (36.), 0:5 Moritz Uppenkamp (60.), 0:6 Achraf Gara Ali (62.), 0:7 Achraf Gara Ali (67.), 0:8 Ricardo Harrabi (83.)<\/h4>\n","protected":false},"excerpt":{"rendered":"<p>Der FC Kalbach spielt weiter mit im Kampf um den Aufstieg, bei der abstiegsbedrohten SG Ober-Erlenbach gelang ein ungef\u00e4hrdeter 8:0-Ausw\u00e4rtssieg, bei dem Achraf Gara Ali 4 Tore beisteuerte. SG Ober-Erlenbach &#8211; FC Kalbach 0:8 (0:4) Der FC Kalbach bleibt weiter im Rennen um die beiden Aufstiegspl\u00e4tze (direkter Aufstieg und Relegation), vier Spieltage vor Schluss trennen [&hellip;]<\/p>\n","protected":false},"author":3,"featured_media":12859,"comment_status":"open","ping_status":"open","sticky":true,"template":"","format":"standard","meta":{"footnotes":""},"categories":[13],"tags":[],"class_list":["post-18659","post","type-post","status-publish","format-standard","has-post-thumbnail","hentry","category-gruppenliga-frankfurt-west"],"_links":{"self":[{"href":"https:\/\/insideamateurfussball-ffm.de\/index.php?rest_route=\/wp\/v2\/posts\/18659","targetHints":{"allow":["GET"]}}],"collection":[{"href":"https:\/\/insideamateurfussball-ffm.de\/index.php?rest_route=\/wp\/v2\/posts"}],"about":[{"href":"https:\/\/insideamateurfussball-ffm.de\/index.php?rest_route=\/wp\/v2\/types\/post"}],"author":[{"embeddable":true,"href":"https:\/\/insideamateurfussball-ffm.de\/index.php?rest_route=\/wp\/v2\/users\/3"}],"replies":[{"embeddable":true,"href":"https:\/\/insideamateurfussball-ffm.de\/index.php?rest_route=%2Fwp%2Fv2%2Fcomments&post=18659"}],"version-history":[{"count":2,"href":"https:\/\/insideamateurfussball-ffm.de\/index.php?rest_route=\/wp\/v2\/posts\/18659\/revisions"}],"predecessor-version":[{"id":18661,"href":"https:\/\/insideamateurfussball-ffm.de\/index.php?rest_route=\/wp\/v2\/posts\/18659\/revisions\/18661"}],"wp:featuredmedia":[{"embeddable":true,"href":"https:\/\/insideamateurfussball-ffm.de\/index.php?rest_route=\/wp\/v2\/media\/12859"}],"wp:attachment":[{"href":"https:\/\/insideamateurfussball-ffm.de\/index.php?rest_route=%2Fwp%2Fv2%2Fmedia&parent=18659"}],"wp:term":[{"taxonomy":"category","embeddable":true,"href":"https:\/\/insideamateurfussball-ffm.de\/index.php?rest_route=%2Fwp%2Fv2%2Fcategories&post=18659"},{"taxonomy":"post_tag","embeddable":true,"href":"https:\/\/insideamateurfussball-ffm.de\/index.php?rest_route=%2Fwp%2Fv2%2Ftags&post=18659"}],"curies":[{"name":"wp","href":"https:\/\/api.w.org\/{rel}","templated":true}]}}