{"id":18624,"date":"2024-05-06T11:20:57","date_gmt":"2024-05-06T09:20:57","guid":{"rendered":"https:\/\/insideamateurfussball-ffm.de\/?p=18624"},"modified":"2024-05-06T12:26:23","modified_gmt":"2024-05-06T10:26:23","slug":"bornheim-mit-punkt-gegen-tabellenfuehrer","status":"publish","type":"post","link":"https:\/\/insideamateurfussball-ffm.de\/?p=18624","title":{"rendered":"Bornheim mit Punkt gegen Tabellenf\u00fchrer"},"content":{"rendered":"<h4>Nach der Pokalniederlage in Riedberg zeigte die SG Bornheim sein anderes Gesicht und trotzte dem Tabellenf\u00fchrer SV Unter-Flockenbach nach einem 1:3-R\u00fcckstand mit dem 3:3 am Ende noch einen Punkt ab.<\/h4>\n<figure id=\"attachment_18648\" aria-describedby=\"caption-attachment-18648\" style=\"width: 2560px\" class=\"wp-caption alignnone\"><img loading=\"lazy\" decoding=\"async\" class=\"wp-image-18648 size-full\" src=\"http:\/\/insideamateurfussball-ffm.de\/wp-content\/uploads\/2024\/05\/SGB-SVUntFlockenb_240505-730-scaled.jpg\" alt=\"\" width=\"2560\" height=\"1707\" srcset=\"https:\/\/insideamateurfussball-ffm.de\/wp-content\/uploads\/2024\/05\/SGB-SVUntFlockenb_240505-730-scaled.jpg 2560w, https:\/\/insideamateurfussball-ffm.de\/wp-content\/uploads\/2024\/05\/SGB-SVUntFlockenb_240505-730-300x200.jpg 300w, https:\/\/insideamateurfussball-ffm.de\/wp-content\/uploads\/2024\/05\/SGB-SVUntFlockenb_240505-730-1024x683.jpg 1024w, https:\/\/insideamateurfussball-ffm.de\/wp-content\/uploads\/2024\/05\/SGB-SVUntFlockenb_240505-730-768x512.jpg 768w, https:\/\/insideamateurfussball-ffm.de\/wp-content\/uploads\/2024\/05\/SGB-SVUntFlockenb_240505-730-1536x1024.jpg 1536w, https:\/\/insideamateurfussball-ffm.de\/wp-content\/uploads\/2024\/05\/SGB-SVUntFlockenb_240505-730-2048x1365.jpg 2048w\" sizes=\"auto, (max-width: 2560px) 100vw, 2560px\" \/><figcaption id=\"caption-attachment-18648\" class=\"wp-caption-text\">Tim Benedict Flie\u00df war zweifacher Torsch\u00fctze und erzielt hier mit einem Kopfball das 1:0. Foto: Andre Sturmeit.<\/figcaption><\/figure>\n<h4>SG Bornheim &#8211; SV Unter-Flockenbach 3:3 (1:2)<\/h4>\n<p><img loading=\"lazy\" decoding=\"async\" class=\"alignnone size-full wp-image-119\" src=\"http:\/\/insideamateurfussball-ffm.de\/wp-content\/uploads\/2022\/05\/Bornheim.jpg\" alt=\"\" width=\"80\" height=\"80\" \/><img loading=\"lazy\" decoding=\"async\" class=\"alignnone size-full wp-image-12840\" src=\"http:\/\/insideamateurfussball-ffm.de\/wp-content\/uploads\/2023\/09\/Unter-Flockenbach.png\" alt=\"\" width=\"80\" height=\"80\" \/><\/p>\n<p>Die SG Bornheim wollte sich nach dem \u00fcberraschenden Pokalaus beim B-Ligisten SC Riedberg rehabilitieren, allerdings kam mit dem SV Unter-Flockenbach der souver\u00e4ne Tabellenf\u00fchrer an die Seckbacher Landstra\u00dfe. SG-Trainer Sascha Volk standen diesmal die drei A-Jugendlichen Fabrice Otero Matthaei, Jassine Sekkali und Hicham Boujerad zur Verf\u00fcgung, die auch allesamt in der Startelf standen. Bornheim kam gut in die Partie und war in der ersten Halbzeit das bessere Team, nicht wiederzuerkennen gegen\u00fcber der Pokalpleite. Nachdem Fabrice Otero Matthaei und Max Zeller noch zwei Chancen verpassten, war es Tim Benedict Flie\u00df, der nach einer Ecke in der 31.Minute mit einem Kopfball das 1:0 erzielen konnte.<\/p>\n<p>In der 40.Minute dann der Ausgleich, ein Pass \u00fcber die Abwehr landete bei Lotfi Graidia, der den Ball mit Vehemenz unter die Latte knallte. Trainer Volk hatte vor diesen Vorz\u00fcgen der G\u00e4ste gewarnt, die immer wieder den langen Pass \u00fcber die Kette bevorzugen und vor dem Tor eiskalt sind. So fiel denn auch noch vor der Halbzeit das 1:2, nach einem langen Pass auf die rechte Seite gewann der St\u00fcrmer des SV Unter-Flockenbach das Laufduell gegen den Bornheimer Verteidiger, die flache Hereingabe verwertete dann Moris Christopher Nag zur Pausenf\u00fchrung f\u00fcr die G\u00e4ste (42.Minute).<\/p>\n<p>Obwohl die Bornheimer in der ersten H\u00e4lfte \u201edefensiv und taktisch gut gespielt\u201c hatten, \u201ekaum etwas zugelassen\u201c h\u00e4tten, so Trainer Volk, lag man mit 1:2 zur\u00fcck. In der zweiten H\u00e4lfte kam der Tabellenf\u00fchrer besser ins Spiel und erzielte bereits in der 52.Minute das 3:1, wieder ein langer Ball auf Lotfi Graidia, bei dem SG-Torwart Jonathan H\u00f6ser etwas zu sp\u00e4t aus einem Kasten kam, das nutzte Graidia und lupfte den Ball \u00fcber den Torwart zur 2-Tore-F\u00fchrung. Im Gef\u00fchl des sicheren Sieges lie\u00dfen es die G\u00e4ste jetzt etwas ruhiger angehen, und die Bornheimer kamen wieder besser ins Spiel und zu einigen Chancen,<\/p>\n<p>In der 78.Minute eroberte sich Tim Benedict Flie\u00df den Ball und spielte ihn auf Fabrice Otero Matthaei, der aus spitzem Winkel das 2:3 erzielen konnte. Das war der Startschuss f\u00fcr die ber\u00fcchtigte Bornheimer Schlussoffensive, die bereits in der 83.Minute belohnt wurde. Joel Tewelde trat einen Freisto\u00df scharf in die Mitte, der Ball prallte dann Flie\u00df vor die F\u00fc\u00dfe, der aus 6 Metern den Ball ins Tor der G\u00e4ste zum 3:3 wuchtete. Danach hatten die Bornheimer noch Chancen zum Sieg, ein Kopfball von Valerio Lettieri ging als Aufsetzer knapp \u00fcber Tor. \u00a0Sascha Volk: &#8222;\u00fcber 90 Minuten gesehen ein gerechtes Unentschieden und eine gute Reaktion auf den Mittwoch und dem peinlichen Pokalaus.\u201c<\/p>\n<p>Die Bornheimer haben jetzt mit 38 Punkten 9 Punkte mehr als der Relegationsplatz bei noch vier ausstehenden Spielen, rechnerisch wird noch ein Sieg f\u00fcr den Klassenerhalt ben\u00f6tigt. Diesen k\u00f6nnten die Bornheimer am n\u00e4chsten Samstag bei dem abstiegsbedrohten 1.FCA Darmstadt holen, der genau diesen Relegationsplatz derzeit belegt.<\/p>\n<h4>Schiedsrichter: Michele Abbondanza (1.SC Kohlheck). Zuschauer: 200.<\/h4>\n<h4>Tore: 1:0 Tim Benedicct Flie\u00df (31.), 1;1 Lotfi Graidia (40.), 1;2 Morris Christopher Nag (42.), 1:3 Lotfi Graidia (52.), 2:3 Fabrice Otero Matthaei (78.), 3:3 Tim Benedict Flie\u00df (83.)<\/h4>\n<blockquote>\n<h4>Eine Bildergalerie von Andre Sturmeit, vielen Dank .<\/h4>\n<\/blockquote>\n\n\n<figure class=\"wp-block-image size-large\"><img loading=\"lazy\" decoding=\"async\" width=\"1024\" height=\"683\" src=\"http:\/\/insideamateurfussball-ffm.de\/wp-content\/uploads\/2024\/05\/SGB-SVUntFlockenb_240505-151-1024x683.jpg\" alt=\"\" class=\"wp-image-18642\" srcset=\"https:\/\/insideamateurfussball-ffm.de\/wp-content\/uploads\/2024\/05\/SGB-SVUntFlockenb_240505-151-1024x683.jpg 1024w, https:\/\/insideamateurfussball-ffm.de\/wp-content\/uploads\/2024\/05\/SGB-SVUntFlockenb_240505-151-300x200.jpg 300w, https:\/\/insideamateurfussball-ffm.de\/wp-content\/uploads\/2024\/05\/SGB-SVUntFlockenb_240505-151-768x512.jpg 768w, https:\/\/insideamateurfussball-ffm.de\/wp-content\/uploads\/2024\/05\/SGB-SVUntFlockenb_240505-151-1536x1024.jpg 1536w, https:\/\/insideamateurfussball-ffm.de\/wp-content\/uploads\/2024\/05\/SGB-SVUntFlockenb_240505-151-2048x1365.jpg 2048w\" sizes=\"auto, (max-width: 1024px) 100vw, 1024px\" \/><\/figure>\n\n\n\n<figure class=\"wp-block-image size-large\"><img loading=\"lazy\" decoding=\"async\" width=\"1024\" height=\"683\" src=\"http:\/\/insideamateurfussball-ffm.de\/wp-content\/uploads\/2024\/05\/SGB-SVUntFlockenb_240505-173-1024x683.jpg\" alt=\"\" class=\"wp-image-18643\" srcset=\"https:\/\/insideamateurfussball-ffm.de\/wp-content\/uploads\/2024\/05\/SGB-SVUntFlockenb_240505-173-1024x683.jpg 1024w, https:\/\/insideamateurfussball-ffm.de\/wp-content\/uploads\/2024\/05\/SGB-SVUntFlockenb_240505-173-300x200.jpg 300w, https:\/\/insideamateurfussball-ffm.de\/wp-content\/uploads\/2024\/05\/SGB-SVUntFlockenb_240505-173-768x512.jpg 768w, https:\/\/insideamateurfussball-ffm.de\/wp-content\/uploads\/2024\/05\/SGB-SVUntFlockenb_240505-173-1536x1024.jpg 1536w, https:\/\/insideamateurfussball-ffm.de\/wp-content\/uploads\/2024\/05\/SGB-SVUntFlockenb_240505-173-2048x1365.jpg 2048w\" sizes=\"auto, (max-width: 1024px) 100vw, 1024px\" \/><\/figure>\n\n\n\n<figure class=\"wp-block-image size-large\"><img loading=\"lazy\" decoding=\"async\" width=\"1024\" height=\"683\" src=\"http:\/\/insideamateurfussball-ffm.de\/wp-content\/uploads\/2024\/05\/SGB-SVUntFlockenb_240505-179-1024x683.jpg\" alt=\"\" class=\"wp-image-18644\" srcset=\"https:\/\/insideamateurfussball-ffm.de\/wp-content\/uploads\/2024\/05\/SGB-SVUntFlockenb_240505-179-1024x683.jpg 1024w, https:\/\/insideamateurfussball-ffm.de\/wp-content\/uploads\/2024\/05\/SGB-SVUntFlockenb_240505-179-300x200.jpg 300w, https:\/\/insideamateurfussball-ffm.de\/wp-content\/uploads\/2024\/05\/SGB-SVUntFlockenb_240505-179-768x512.jpg 768w, https:\/\/insideamateurfussball-ffm.de\/wp-content\/uploads\/2024\/05\/SGB-SVUntFlockenb_240505-179-1536x1024.jpg 1536w, https:\/\/insideamateurfussball-ffm.de\/wp-content\/uploads\/2024\/05\/SGB-SVUntFlockenb_240505-179-2048x1365.jpg 2048w\" sizes=\"auto, (max-width: 1024px) 100vw, 1024px\" \/><\/figure>\n\n\n\n<figure class=\"wp-block-image size-large\"><img loading=\"lazy\" decoding=\"async\" width=\"1024\" height=\"683\" src=\"http:\/\/insideamateurfussball-ffm.de\/wp-content\/uploads\/2024\/05\/SGB-SVUntFlockenb_240505-223-1024x683.jpg\" alt=\"\" class=\"wp-image-18646\" srcset=\"https:\/\/insideamateurfussball-ffm.de\/wp-content\/uploads\/2024\/05\/SGB-SVUntFlockenb_240505-223-1024x683.jpg 1024w, https:\/\/insideamateurfussball-ffm.de\/wp-content\/uploads\/2024\/05\/SGB-SVUntFlockenb_240505-223-300x200.jpg 300w, https:\/\/insideamateurfussball-ffm.de\/wp-content\/uploads\/2024\/05\/SGB-SVUntFlockenb_240505-223-768x512.jpg 768w, https:\/\/insideamateurfussball-ffm.de\/wp-content\/uploads\/2024\/05\/SGB-SVUntFlockenb_240505-223-1536x1024.jpg 1536w, https:\/\/insideamateurfussball-ffm.de\/wp-content\/uploads\/2024\/05\/SGB-SVUntFlockenb_240505-223-2048x1365.jpg 2048w\" sizes=\"auto, (max-width: 1024px) 100vw, 1024px\" \/><\/figure>\n\n\n\n<figure class=\"wp-block-image size-large\"><img loading=\"lazy\" decoding=\"async\" width=\"1024\" height=\"683\" src=\"http:\/\/insideamateurfussball-ffm.de\/wp-content\/uploads\/2024\/05\/SGB-SVUntFlockenb_240505-606-1024x683.jpg\" alt=\"\" class=\"wp-image-18647\" srcset=\"https:\/\/insideamateurfussball-ffm.de\/wp-content\/uploads\/2024\/05\/SGB-SVUntFlockenb_240505-606-1024x683.jpg 1024w, https:\/\/insideamateurfussball-ffm.de\/wp-content\/uploads\/2024\/05\/SGB-SVUntFlockenb_240505-606-300x200.jpg 300w, https:\/\/insideamateurfussball-ffm.de\/wp-content\/uploads\/2024\/05\/SGB-SVUntFlockenb_240505-606-768x512.jpg 768w, https:\/\/insideamateurfussball-ffm.de\/wp-content\/uploads\/2024\/05\/SGB-SVUntFlockenb_240505-606-1536x1024.jpg 1536w, https:\/\/insideamateurfussball-ffm.de\/wp-content\/uploads\/2024\/05\/SGB-SVUntFlockenb_240505-606-2048x1365.jpg 2048w\" sizes=\"auto, (max-width: 1024px) 100vw, 1024px\" \/><\/figure>\n\n\n\n<figure class=\"wp-block-image size-large\"><img loading=\"lazy\" decoding=\"async\" width=\"1024\" height=\"683\" src=\"http:\/\/insideamateurfussball-ffm.de\/wp-content\/uploads\/2024\/05\/SGB-SVUntFlockenb_240505-735-1024x683.jpg\" alt=\"\" class=\"wp-image-18649\" srcset=\"https:\/\/insideamateurfussball-ffm.de\/wp-content\/uploads\/2024\/05\/SGB-SVUntFlockenb_240505-735-1024x683.jpg 1024w, https:\/\/insideamateurfussball-ffm.de\/wp-content\/uploads\/2024\/05\/SGB-SVUntFlockenb_240505-735-300x200.jpg 300w, https:\/\/insideamateurfussball-ffm.de\/wp-content\/uploads\/2024\/05\/SGB-SVUntFlockenb_240505-735-768x512.jpg 768w, https:\/\/insideamateurfussball-ffm.de\/wp-content\/uploads\/2024\/05\/SGB-SVUntFlockenb_240505-735-1536x1024.jpg 1536w, https:\/\/insideamateurfussball-ffm.de\/wp-content\/uploads\/2024\/05\/SGB-SVUntFlockenb_240505-735-2048x1365.jpg 2048w\" sizes=\"auto, (max-width: 1024px) 100vw, 1024px\" \/><\/figure>\n\n\n\n<figure class=\"wp-block-image size-large\"><img loading=\"lazy\" decoding=\"async\" width=\"1024\" height=\"683\" src=\"http:\/\/insideamateurfussball-ffm.de\/wp-content\/uploads\/2024\/05\/SGB-SVUntFlockenb_240505-761-1024x683.jpg\" alt=\"\" class=\"wp-image-18650\" srcset=\"https:\/\/insideamateurfussball-ffm.de\/wp-content\/uploads\/2024\/05\/SGB-SVUntFlockenb_240505-761-1024x683.jpg 1024w, https:\/\/insideamateurfussball-ffm.de\/wp-content\/uploads\/2024\/05\/SGB-SVUntFlockenb_240505-761-300x200.jpg 300w, https:\/\/insideamateurfussball-ffm.de\/wp-content\/uploads\/2024\/05\/SGB-SVUntFlockenb_240505-761-768x512.jpg 768w, https:\/\/insideamateurfussball-ffm.de\/wp-content\/uploads\/2024\/05\/SGB-SVUntFlockenb_240505-761-1536x1024.jpg 1536w, https:\/\/insideamateurfussball-ffm.de\/wp-content\/uploads\/2024\/05\/SGB-SVUntFlockenb_240505-761-2048x1365.jpg 2048w\" sizes=\"auto, (max-width: 1024px) 100vw, 1024px\" \/><\/figure>\n\n\n\n<figure class=\"wp-block-image size-large\"><img loading=\"lazy\" decoding=\"async\" width=\"1024\" height=\"681\" src=\"http:\/\/insideamateurfussball-ffm.de\/wp-content\/uploads\/2024\/05\/SGB-SVUntFlockenb_240505-852-1024x681.jpg\" alt=\"\" class=\"wp-image-18651\" srcset=\"https:\/\/insideamateurfussball-ffm.de\/wp-content\/uploads\/2024\/05\/SGB-SVUntFlockenb_240505-852-1024x681.jpg 1024w, https:\/\/insideamateurfussball-ffm.de\/wp-content\/uploads\/2024\/05\/SGB-SVUntFlockenb_240505-852-300x199.jpg 300w, https:\/\/insideamateurfussball-ffm.de\/wp-content\/uploads\/2024\/05\/SGB-SVUntFlockenb_240505-852-768x511.jpg 768w, https:\/\/insideamateurfussball-ffm.de\/wp-content\/uploads\/2024\/05\/SGB-SVUntFlockenb_240505-852-1536x1021.jpg 1536w, https:\/\/insideamateurfussball-ffm.de\/wp-content\/uploads\/2024\/05\/SGB-SVUntFlockenb_240505-852-2048x1362.jpg 2048w\" sizes=\"auto, (max-width: 1024px) 100vw, 1024px\" \/><\/figure>\n\n\n\n<figure class=\"wp-block-image size-large\"><img loading=\"lazy\" decoding=\"async\" width=\"1024\" height=\"685\" src=\"http:\/\/insideamateurfussball-ffm.de\/wp-content\/uploads\/2024\/05\/SGB-SVUntFlockenb_240505-1127-1024x685.jpg\" alt=\"\" class=\"wp-image-18652\" srcset=\"https:\/\/insideamateurfussball-ffm.de\/wp-content\/uploads\/2024\/05\/SGB-SVUntFlockenb_240505-1127-1024x685.jpg 1024w, https:\/\/insideamateurfussball-ffm.de\/wp-content\/uploads\/2024\/05\/SGB-SVUntFlockenb_240505-1127-300x201.jpg 300w, https:\/\/insideamateurfussball-ffm.de\/wp-content\/uploads\/2024\/05\/SGB-SVUntFlockenb_240505-1127-768x514.jpg 768w, https:\/\/insideamateurfussball-ffm.de\/wp-content\/uploads\/2024\/05\/SGB-SVUntFlockenb_240505-1127-1536x1028.jpg 1536w, https:\/\/insideamateurfussball-ffm.de\/wp-content\/uploads\/2024\/05\/SGB-SVUntFlockenb_240505-1127-2048x1371.jpg 2048w\" sizes=\"auto, (max-width: 1024px) 100vw, 1024px\" \/><\/figure>\n\n\n\n<figure class=\"wp-block-image size-large\"><img loading=\"lazy\" decoding=\"async\" width=\"1024\" height=\"683\" src=\"http:\/\/insideamateurfussball-ffm.de\/wp-content\/uploads\/2024\/05\/SGB-SVUntFlockenb_240505-1217-1024x683.jpg\" alt=\"\" class=\"wp-image-18653\" srcset=\"https:\/\/insideamateurfussball-ffm.de\/wp-content\/uploads\/2024\/05\/SGB-SVUntFlockenb_240505-1217-1024x683.jpg 1024w, https:\/\/insideamateurfussball-ffm.de\/wp-content\/uploads\/2024\/05\/SGB-SVUntFlockenb_240505-1217-300x200.jpg 300w, https:\/\/insideamateurfussball-ffm.de\/wp-content\/uploads\/2024\/05\/SGB-SVUntFlockenb_240505-1217-768x512.jpg 768w, https:\/\/insideamateurfussball-ffm.de\/wp-content\/uploads\/2024\/05\/SGB-SVUntFlockenb_240505-1217-1536x1024.jpg 1536w, https:\/\/insideamateurfussball-ffm.de\/wp-content\/uploads\/2024\/05\/SGB-SVUntFlockenb_240505-1217-2048x1365.jpg 2048w\" sizes=\"auto, (max-width: 1024px) 100vw, 1024px\" \/><\/figure>\n\n\n\n<figure class=\"wp-block-image size-large\"><img loading=\"lazy\" decoding=\"async\" width=\"1024\" height=\"683\" src=\"http:\/\/insideamateurfussball-ffm.de\/wp-content\/uploads\/2024\/05\/SGB-SVUntFlockenb_240505-1305-1024x683.jpg\" alt=\"\" class=\"wp-image-18654\" srcset=\"https:\/\/insideamateurfussball-ffm.de\/wp-content\/uploads\/2024\/05\/SGB-SVUntFlockenb_240505-1305-1024x683.jpg 1024w, https:\/\/insideamateurfussball-ffm.de\/wp-content\/uploads\/2024\/05\/SGB-SVUntFlockenb_240505-1305-300x200.jpg 300w, https:\/\/insideamateurfussball-ffm.de\/wp-content\/uploads\/2024\/05\/SGB-SVUntFlockenb_240505-1305-768x512.jpg 768w, https:\/\/insideamateurfussball-ffm.de\/wp-content\/uploads\/2024\/05\/SGB-SVUntFlockenb_240505-1305-1536x1024.jpg 1536w, https:\/\/insideamateurfussball-ffm.de\/wp-content\/uploads\/2024\/05\/SGB-SVUntFlockenb_240505-1305-2048x1365.jpg 2048w\" sizes=\"auto, (max-width: 1024px) 100vw, 1024px\" \/><\/figure>\n\n\n\n<figure class=\"wp-block-image size-large\"><img loading=\"lazy\" decoding=\"async\" width=\"1024\" height=\"683\" src=\"http:\/\/insideamateurfussball-ffm.de\/wp-content\/uploads\/2024\/05\/SGB-SVUntFlockenb_240505-1317-1024x683.jpg\" alt=\"\" class=\"wp-image-18655\" srcset=\"https:\/\/insideamateurfussball-ffm.de\/wp-content\/uploads\/2024\/05\/SGB-SVUntFlockenb_240505-1317-1024x683.jpg 1024w, https:\/\/insideamateurfussball-ffm.de\/wp-content\/uploads\/2024\/05\/SGB-SVUntFlockenb_240505-1317-300x200.jpg 300w, https:\/\/insideamateurfussball-ffm.de\/wp-content\/uploads\/2024\/05\/SGB-SVUntFlockenb_240505-1317-768x512.jpg 768w, https:\/\/insideamateurfussball-ffm.de\/wp-content\/uploads\/2024\/05\/SGB-SVUntFlockenb_240505-1317-1536x1024.jpg 1536w, https:\/\/insideamateurfussball-ffm.de\/wp-content\/uploads\/2024\/05\/SGB-SVUntFlockenb_240505-1317-2048x1365.jpg 2048w\" sizes=\"auto, (max-width: 1024px) 100vw, 1024px\" \/><\/figure>\n\n\n\n<figure class=\"wp-block-image size-large\"><img loading=\"lazy\" decoding=\"async\" width=\"1024\" height=\"683\" src=\"http:\/\/insideamateurfussball-ffm.de\/wp-content\/uploads\/2024\/05\/SGB-SVUntFlockenb_240505-1345-1024x683.jpg\" alt=\"\" class=\"wp-image-18656\" srcset=\"https:\/\/insideamateurfussball-ffm.de\/wp-content\/uploads\/2024\/05\/SGB-SVUntFlockenb_240505-1345-1024x683.jpg 1024w, https:\/\/insideamateurfussball-ffm.de\/wp-content\/uploads\/2024\/05\/SGB-SVUntFlockenb_240505-1345-300x200.jpg 300w, https:\/\/insideamateurfussball-ffm.de\/wp-content\/uploads\/2024\/05\/SGB-SVUntFlockenb_240505-1345-768x512.jpg 768w, https:\/\/insideamateurfussball-ffm.de\/wp-content\/uploads\/2024\/05\/SGB-SVUntFlockenb_240505-1345-1536x1024.jpg 1536w, https:\/\/insideamateurfussball-ffm.de\/wp-content\/uploads\/2024\/05\/SGB-SVUntFlockenb_240505-1345-2048x1365.jpg 2048w\" sizes=\"auto, (max-width: 1024px) 100vw, 1024px\" \/><\/figure>\n\n\n\n<figure class=\"wp-block-image size-large\"><img loading=\"lazy\" decoding=\"async\" width=\"1024\" height=\"683\" src=\"http:\/\/insideamateurfussball-ffm.de\/wp-content\/uploads\/2024\/05\/SGB-SVUntFlockenb_240505-1462-1024x683.jpg\" alt=\"\" class=\"wp-image-18657\" srcset=\"https:\/\/insideamateurfussball-ffm.de\/wp-content\/uploads\/2024\/05\/SGB-SVUntFlockenb_240505-1462-1024x683.jpg 1024w, https:\/\/insideamateurfussball-ffm.de\/wp-content\/uploads\/2024\/05\/SGB-SVUntFlockenb_240505-1462-300x200.jpg 300w, https:\/\/insideamateurfussball-ffm.de\/wp-content\/uploads\/2024\/05\/SGB-SVUntFlockenb_240505-1462-768x512.jpg 768w, https:\/\/insideamateurfussball-ffm.de\/wp-content\/uploads\/2024\/05\/SGB-SVUntFlockenb_240505-1462-1536x1024.jpg 1536w, https:\/\/insideamateurfussball-ffm.de\/wp-content\/uploads\/2024\/05\/SGB-SVUntFlockenb_240505-1462-2048x1365.jpg 2048w\" sizes=\"auto, (max-width: 1024px) 100vw, 1024px\" \/><\/figure>\n","protected":false},"excerpt":{"rendered":"<p>Nach der Pokalniederlage in Riedberg zeigte die SG Bornheim sein anderes Gesicht und trotzte dem Tabellenf\u00fchrer SV Unter-Flockenbach nach einem 1:3-R\u00fcckstand mit dem 3:3 am Ende noch einen Punkt ab. SG Bornheim &#8211; SV Unter-Flockenbach 3:3 (1:2) Die SG Bornheim wollte sich nach dem \u00fcberraschenden Pokalaus beim B-Ligisten SC Riedberg rehabilitieren, allerdings kam mit dem [&hellip;]<\/p>\n","protected":false},"author":3,"featured_media":18648,"comment_status":"open","ping_status":"open","sticky":true,"template":"","format":"standard","meta":{"footnotes":""},"categories":[10],"tags":[],"class_list":["post-18624","post","type-post","status-publish","format-standard","has-post-thumbnail","hentry","category-verbandsliga-sued"],"_links":{"self":[{"href":"https:\/\/insideamateurfussball-ffm.de\/index.php?rest_route=\/wp\/v2\/posts\/18624","targetHints":{"allow":["GET"]}}],"collection":[{"href":"https:\/\/insideamateurfussball-ffm.de\/index.php?rest_route=\/wp\/v2\/posts"}],"about":[{"href":"https:\/\/insideamateurfussball-ffm.de\/index.php?rest_route=\/wp\/v2\/types\/post"}],"author":[{"embeddable":true,"href":"https:\/\/insideamateurfussball-ffm.de\/index.php?rest_route=\/wp\/v2\/users\/3"}],"replies":[{"embeddable":true,"href":"https:\/\/insideamateurfussball-ffm.de\/index.php?rest_route=%2Fwp%2Fv2%2Fcomments&post=18624"}],"version-history":[{"count":4,"href":"https:\/\/insideamateurfussball-ffm.de\/index.php?rest_route=\/wp\/v2\/posts\/18624\/revisions"}],"predecessor-version":[{"id":18658,"href":"https:\/\/insideamateurfussball-ffm.de\/index.php?rest_route=\/wp\/v2\/posts\/18624\/revisions\/18658"}],"wp:featuredmedia":[{"embeddable":true,"href":"https:\/\/insideamateurfussball-ffm.de\/index.php?rest_route=\/wp\/v2\/media\/18648"}],"wp:attachment":[{"href":"https:\/\/insideamateurfussball-ffm.de\/index.php?rest_route=%2Fwp%2Fv2%2Fmedia&parent=18624"}],"wp:term":[{"taxonomy":"category","embeddable":true,"href":"https:\/\/insideamateurfussball-ffm.de\/index.php?rest_route=%2Fwp%2Fv2%2Fcategories&post=18624"},{"taxonomy":"post_tag","embeddable":true,"href":"https:\/\/insideamateurfussball-ffm.de\/index.php?rest_route=%2Fwp%2Fv2%2Ftags&post=18624"}],"curies":[{"name":"wp","href":"https:\/\/api.w.org\/{rel}","templated":true}]}}