{"id":18599,"date":"2024-05-05T11:35:51","date_gmt":"2024-05-05T09:35:51","guid":{"rendered":"https:\/\/insideamateurfussball-ffm.de\/?p=18599"},"modified":"2024-05-06T10:25:39","modified_gmt":"2024-05-06T08:25:39","slug":"unnoetige-niederlage-fuer-tempo","status":"publish","type":"post","link":"https:\/\/insideamateurfussball-ffm.de\/?p=18599","title":{"rendered":"Unn\u00f6tige Niederlage f\u00fcr Tempo"},"content":{"rendered":"<h4>Der FC Tempo verlor ersatzgeschw\u00e4cht trotz vieler Chancen gegen den FSV Friedrichsdorf mit 1:3, damit konnte der Aufsteiger keine Punkte im Kampf gegen den Abstieg einfahren und muss weiterhin ein Auge auf den Relegationsplatz haben.<\/h4>\n<figure id=\"attachment_18611\" aria-describedby=\"caption-attachment-18611\" style=\"width: 1181px\" class=\"wp-caption alignnone\"><img loading=\"lazy\" decoding=\"async\" class=\"wp-image-18611 size-full\" src=\"http:\/\/insideamateurfussball-ffm.de\/wp-content\/uploads\/2024\/05\/temp12.jpg\" alt=\"\" width=\"1181\" height=\"860\" srcset=\"https:\/\/insideamateurfussball-ffm.de\/wp-content\/uploads\/2024\/05\/temp12.jpg 1181w, https:\/\/insideamateurfussball-ffm.de\/wp-content\/uploads\/2024\/05\/temp12-300x218.jpg 300w, https:\/\/insideamateurfussball-ffm.de\/wp-content\/uploads\/2024\/05\/temp12-1024x746.jpg 1024w, https:\/\/insideamateurfussball-ffm.de\/wp-content\/uploads\/2024\/05\/temp12-768x559.jpg 768w\" sizes=\"auto, (max-width: 1181px) 100vw, 1181px\" \/><figcaption id=\"caption-attachment-18611\" class=\"wp-caption-text\">Der FSV Friedrichsdorf durfte beim Sieg beim FC Tempo drei Tore bejubeln. Foto: Mithat G\u00fcrser<\/figcaption><\/figure>\n<h4>FC Tempo &#8211; FSV Friedrichsdorf 1:3 (0:1)<\/h4>\n<p><img loading=\"lazy\" decoding=\"async\" class=\"alignnone size-full wp-image-31\" src=\"http:\/\/insideamateurfussball-ffm.de\/wp-content\/uploads\/2021\/11\/Tempo.jpg\" alt=\"\" width=\"80\" height=\"80\" \/><img loading=\"lazy\" decoding=\"async\" class=\"alignnone size-full wp-image-1496\" src=\"http:\/\/insideamateurfussball-ffm.de\/wp-content\/uploads\/2022\/07\/FSV-Fri.png\" alt=\"\" width=\"80\" height=\"76\" \/><\/p>\n<p>Nach den 4 roten Karten am letzten Spieltag musste der Trainer des FC Tempo, Nenad Malbasa, seine Mannschaft umkrempeln, im Tor spielte der Torwart der SoMa, der 46j\u00e4hrige Aleksandar Jevic. Das Spiel, das wegen dem serbischen Ostern auf den Samstagabend vorgezogen wurde, begann mit einer \u00dcberlegenheit des FSV Friedrichsdorf, die sich in der 33.Minute auch mit dem 1:0 durch Metehan Karakus in der 33.Minute belohnten. Danach \u00fcbernahmen die Gastgeber die Initiative, konnten aber bis zur Halbzeit daraus kein Kapital schlagen, sodass es bis zur Pause beim 1;0 f\u00fcr die G\u00e4ste blieb.<\/p>\n<p>In der zweiten Halbzeit dominierte Tempo weiter das Spiel, und in der 51.Minute war es Tomislav Stekovic, der fr\u00fch den Ausgleich zum 1:1 markierte. Es entwickelte sich jetzt ein einseitiges Spiel, und nach den Worten von Tempos Sportlichem Leiter Zoran Marcetic hatten die Gastgeber \u201eChancen im Minutentakt\u201c, er sprach von 7 hundertprozentigen Torm\u00f6glichkeiten durch 2mal Bojan Miljus, 2mal Filip Sucic, 1mal Goran Grijak, 1mal Nikola Dokovic und 1mal Deyan Gligorov. Marcetic: \u201ealles sah danach aus, dass Tempo als Sieger vom Platz geht\u201c.<\/p>\n<p>Aber die Gastgeber schafften es nicht, in F\u00fchrung zu gehen, im Gegenteil, mit einem sch\u00f6n herausgespielten Konter in der 72.Minute ging Friedrichsdorf durch Salim Franz Harmal wieder mit 2:1 in F\u00fchrung, der FC Tempo war dadurch so geschockt, dass sie nicht mehr zur\u00fcck ins Spiel fanden. Robin Pfl\u00fcger erh\u00f6hte dann in der 78.Minute noch zum 3:1-Endstand f\u00fcr den FSV Friedrichsdorf.<\/p>\n<p>Marcetic: \u201ewir waren einfach hoch\u00fcberlegen, und am Ende des Tages, wenn du so viel Torchancen nicht machst, dann hast du es auch nicht verdient, zu gewinnen. Und dann ist auch Friedrichsdorf der verdiente Gewinner. Wir m\u00fcssen uns nun konzentrieren von Woche zu Woche und schauen, in welche Richtung es geht.\u201c<\/p>\n<p>Durch die Niederlage vom FC Tempo bleibt es beim 5-Punkte-Vorsprung auf den m\u00f6glichen Relegationsplatz, den zurzeit mit einem Spiel weniger der 1.FC-TSG K\u00f6nigstein belegt (in Abh\u00e4ngigkeit vom Abschneiden von RW Frankfurt in der Verbandsliga). Am n\u00e4chsten Spieltag muss Tempo im schweren Ausw\u00e4rtsspiel beim FC Karben antreten.<\/p>\n<h4>Schiedsrichter: Roshan Safi (Spvgg. H\u00fcttenges\u00e4\u00df). Zuschauer: 110.<\/h4>\n<h4>Tore: 0:1 Metehan Karakus (33.), 1:1 Tomislav Stekovic (51.), 1:2 Salim Franz Harmal (72.), 1:3 Robin Pfl\u00fcger (78.)<\/h4>\n<blockquote>\n<h4>Die Bilder stellte uns Mithat G\u00fcrser zur Verf\u00fcgung, der am Samstagabend in der Woogarena war.<\/h4>\n<\/blockquote>\n\n\n<figure class=\"wp-block-image size-large\"><img loading=\"lazy\" decoding=\"async\" width=\"1024\" height=\"685\" src=\"http:\/\/insideamateurfussball-ffm.de\/wp-content\/uploads\/2024\/05\/temp1-1024x685.jpg\" alt=\"\" class=\"wp-image-18600\" srcset=\"https:\/\/insideamateurfussball-ffm.de\/wp-content\/uploads\/2024\/05\/temp1-1024x685.jpg 1024w, https:\/\/insideamateurfussball-ffm.de\/wp-content\/uploads\/2024\/05\/temp1-300x201.jpg 300w, https:\/\/insideamateurfussball-ffm.de\/wp-content\/uploads\/2024\/05\/temp1-768x514.jpg 768w, https:\/\/insideamateurfussball-ffm.de\/wp-content\/uploads\/2024\/05\/temp1.jpg 1260w\" sizes=\"auto, (max-width: 1024px) 100vw, 1024px\" \/><\/figure>\n\n\n\n<figure class=\"wp-block-image size-large\"><img loading=\"lazy\" decoding=\"async\" width=\"1024\" height=\"735\" src=\"http:\/\/insideamateurfussball-ffm.de\/wp-content\/uploads\/2024\/05\/temp2-1024x735.jpg\" alt=\"\" class=\"wp-image-18601\" srcset=\"https:\/\/insideamateurfussball-ffm.de\/wp-content\/uploads\/2024\/05\/temp2-1024x735.jpg 1024w, https:\/\/insideamateurfussball-ffm.de\/wp-content\/uploads\/2024\/05\/temp2-300x215.jpg 300w, https:\/\/insideamateurfussball-ffm.de\/wp-content\/uploads\/2024\/05\/temp2-768x551.jpg 768w, https:\/\/insideamateurfussball-ffm.de\/wp-content\/uploads\/2024\/05\/temp2.jpg 1181w\" sizes=\"auto, (max-width: 1024px) 100vw, 1024px\" \/><\/figure>\n\n\n\n<figure class=\"wp-block-image size-large\"><img loading=\"lazy\" decoding=\"async\" width=\"1024\" height=\"733\" src=\"http:\/\/insideamateurfussball-ffm.de\/wp-content\/uploads\/2024\/05\/temp3-1024x733.jpg\" alt=\"\" class=\"wp-image-18602\" srcset=\"https:\/\/insideamateurfussball-ffm.de\/wp-content\/uploads\/2024\/05\/temp3-1024x733.jpg 1024w, https:\/\/insideamateurfussball-ffm.de\/wp-content\/uploads\/2024\/05\/temp3-300x215.jpg 300w, https:\/\/insideamateurfussball-ffm.de\/wp-content\/uploads\/2024\/05\/temp3-768x550.jpg 768w, https:\/\/insideamateurfussball-ffm.de\/wp-content\/uploads\/2024\/05\/temp3.jpg 1181w\" sizes=\"auto, (max-width: 1024px) 100vw, 1024px\" \/><\/figure>\n\n\n\n<figure class=\"wp-block-image size-large\"><img loading=\"lazy\" decoding=\"async\" width=\"1024\" height=\"720\" src=\"http:\/\/insideamateurfussball-ffm.de\/wp-content\/uploads\/2024\/05\/temp4-1024x720.jpg\" alt=\"\" class=\"wp-image-18603\" srcset=\"https:\/\/insideamateurfussball-ffm.de\/wp-content\/uploads\/2024\/05\/temp4-1024x720.jpg 1024w, https:\/\/insideamateurfussball-ffm.de\/wp-content\/uploads\/2024\/05\/temp4-300x211.jpg 300w, https:\/\/insideamateurfussball-ffm.de\/wp-content\/uploads\/2024\/05\/temp4-768x540.jpg 768w, https:\/\/insideamateurfussball-ffm.de\/wp-content\/uploads\/2024\/05\/temp4.jpg 1181w\" sizes=\"auto, (max-width: 1024px) 100vw, 1024px\" \/><\/figure>\n\n\n\n<figure class=\"wp-block-image size-large\"><img loading=\"lazy\" decoding=\"async\" width=\"1024\" height=\"735\" src=\"http:\/\/insideamateurfussball-ffm.de\/wp-content\/uploads\/2024\/05\/temp5-1024x735.jpg\" alt=\"\" class=\"wp-image-18604\" srcset=\"https:\/\/insideamateurfussball-ffm.de\/wp-content\/uploads\/2024\/05\/temp5-1024x735.jpg 1024w, https:\/\/insideamateurfussball-ffm.de\/wp-content\/uploads\/2024\/05\/temp5-300x215.jpg 300w, https:\/\/insideamateurfussball-ffm.de\/wp-content\/uploads\/2024\/05\/temp5-768x551.jpg 768w, https:\/\/insideamateurfussball-ffm.de\/wp-content\/uploads\/2024\/05\/temp5.jpg 1181w\" sizes=\"auto, (max-width: 1024px) 100vw, 1024px\" \/><\/figure>\n\n\n\n<figure class=\"wp-block-image size-large\"><img loading=\"lazy\" decoding=\"async\" width=\"1024\" height=\"718\" src=\"http:\/\/insideamateurfussball-ffm.de\/wp-content\/uploads\/2024\/05\/temp6-1024x718.jpg\" alt=\"\" class=\"wp-image-18605\" srcset=\"https:\/\/insideamateurfussball-ffm.de\/wp-content\/uploads\/2024\/05\/temp6-1024x718.jpg 1024w, https:\/\/insideamateurfussball-ffm.de\/wp-content\/uploads\/2024\/05\/temp6-300x210.jpg 300w, https:\/\/insideamateurfussball-ffm.de\/wp-content\/uploads\/2024\/05\/temp6-768x538.jpg 768w, https:\/\/insideamateurfussball-ffm.de\/wp-content\/uploads\/2024\/05\/temp6.jpg 1181w\" sizes=\"auto, (max-width: 1024px) 100vw, 1024px\" \/><\/figure>\n\n\n\n<figure class=\"wp-block-image size-large\"><img loading=\"lazy\" decoding=\"async\" width=\"1024\" height=\"740\" src=\"http:\/\/insideamateurfussball-ffm.de\/wp-content\/uploads\/2024\/05\/temp7-1024x740.jpg\" alt=\"\" class=\"wp-image-18606\" srcset=\"https:\/\/insideamateurfussball-ffm.de\/wp-content\/uploads\/2024\/05\/temp7-1024x740.jpg 1024w, https:\/\/insideamateurfussball-ffm.de\/wp-content\/uploads\/2024\/05\/temp7-300x217.jpg 300w, https:\/\/insideamateurfussball-ffm.de\/wp-content\/uploads\/2024\/05\/temp7-768x555.jpg 768w, https:\/\/insideamateurfussball-ffm.de\/wp-content\/uploads\/2024\/05\/temp7.jpg 1181w\" sizes=\"auto, (max-width: 1024px) 100vw, 1024px\" \/><\/figure>\n\n\n\n<figure class=\"wp-block-image size-full\"><img loading=\"lazy\" decoding=\"async\" width=\"886\" height=\"602\" src=\"http:\/\/insideamateurfussball-ffm.de\/wp-content\/uploads\/2024\/05\/temp8.jpg\" alt=\"\" class=\"wp-image-18607\" srcset=\"https:\/\/insideamateurfussball-ffm.de\/wp-content\/uploads\/2024\/05\/temp8.jpg 886w, https:\/\/insideamateurfussball-ffm.de\/wp-content\/uploads\/2024\/05\/temp8-300x204.jpg 300w, https:\/\/insideamateurfussball-ffm.de\/wp-content\/uploads\/2024\/05\/temp8-768x522.jpg 768w\" sizes=\"auto, (max-width: 886px) 100vw, 886px\" \/><\/figure>\n\n\n\n<figure class=\"wp-block-image size-large\"><img loading=\"lazy\" decoding=\"async\" width=\"1024\" height=\"750\" src=\"http:\/\/insideamateurfussball-ffm.de\/wp-content\/uploads\/2024\/05\/temp9-1024x750.jpg\" alt=\"\" class=\"wp-image-18608\" srcset=\"https:\/\/insideamateurfussball-ffm.de\/wp-content\/uploads\/2024\/05\/temp9-1024x750.jpg 1024w, https:\/\/insideamateurfussball-ffm.de\/wp-content\/uploads\/2024\/05\/temp9-300x220.jpg 300w, https:\/\/insideamateurfussball-ffm.de\/wp-content\/uploads\/2024\/05\/temp9-768x562.jpg 768w, https:\/\/insideamateurfussball-ffm.de\/wp-content\/uploads\/2024\/05\/temp9.jpg 1173w\" sizes=\"auto, (max-width: 1024px) 100vw, 1024px\" \/><\/figure>\n\n\n\n<figure class=\"wp-block-image size-large\"><img loading=\"lazy\" decoding=\"async\" width=\"1024\" height=\"682\" src=\"http:\/\/insideamateurfussball-ffm.de\/wp-content\/uploads\/2024\/05\/temp10-1024x682.jpg\" alt=\"\" class=\"wp-image-18609\" srcset=\"https:\/\/insideamateurfussball-ffm.de\/wp-content\/uploads\/2024\/05\/temp10-1024x682.jpg 1024w, https:\/\/insideamateurfussball-ffm.de\/wp-content\/uploads\/2024\/05\/temp10-300x200.jpg 300w, https:\/\/insideamateurfussball-ffm.de\/wp-content\/uploads\/2024\/05\/temp10-768x512.jpg 768w, https:\/\/insideamateurfussball-ffm.de\/wp-content\/uploads\/2024\/05\/temp10.jpg 1181w\" sizes=\"auto, (max-width: 1024px) 100vw, 1024px\" \/><\/figure>\n\n\n\n<figure class=\"wp-block-image size-large\"><img loading=\"lazy\" decoding=\"async\" width=\"1024\" height=\"729\" src=\"http:\/\/insideamateurfussball-ffm.de\/wp-content\/uploads\/2024\/05\/temp11-1024x729.jpg\" alt=\"\" class=\"wp-image-18610\" srcset=\"https:\/\/insideamateurfussball-ffm.de\/wp-content\/uploads\/2024\/05\/temp11-1024x729.jpg 1024w, https:\/\/insideamateurfussball-ffm.de\/wp-content\/uploads\/2024\/05\/temp11-300x214.jpg 300w, https:\/\/insideamateurfussball-ffm.de\/wp-content\/uploads\/2024\/05\/temp11-768x547.jpg 768w, https:\/\/insideamateurfussball-ffm.de\/wp-content\/uploads\/2024\/05\/temp11.jpg 1181w\" sizes=\"auto, (max-width: 1024px) 100vw, 1024px\" \/><\/figure>\n","protected":false},"excerpt":{"rendered":"<p>Der FC Tempo verlor ersatzgeschw\u00e4cht trotz vieler Chancen gegen den FSV Friedrichsdorf mit 1:3, damit konnte der Aufsteiger keine Punkte im Kampf gegen den Abstieg einfahren und muss weiterhin ein Auge auf den Relegationsplatz haben. FC Tempo &#8211; FSV Friedrichsdorf 1:3 (0:1) Nach den 4 roten Karten am letzten Spieltag musste der Trainer des FC [&hellip;]<\/p>\n","protected":false},"author":3,"featured_media":18611,"comment_status":"open","ping_status":"open","sticky":true,"template":"","format":"standard","meta":{"footnotes":""},"categories":[13],"tags":[],"class_list":["post-18599","post","type-post","status-publish","format-standard","has-post-thumbnail","hentry","category-gruppenliga-frankfurt-west"],"_links":{"self":[{"href":"https:\/\/insideamateurfussball-ffm.de\/index.php?rest_route=\/wp\/v2\/posts\/18599","targetHints":{"allow":["GET"]}}],"collection":[{"href":"https:\/\/insideamateurfussball-ffm.de\/index.php?rest_route=\/wp\/v2\/posts"}],"about":[{"href":"https:\/\/insideamateurfussball-ffm.de\/index.php?rest_route=\/wp\/v2\/types\/post"}],"author":[{"embeddable":true,"href":"https:\/\/insideamateurfussball-ffm.de\/index.php?rest_route=\/wp\/v2\/users\/3"}],"replies":[{"embeddable":true,"href":"https:\/\/insideamateurfussball-ffm.de\/index.php?rest_route=%2Fwp%2Fv2%2Fcomments&post=18599"}],"version-history":[{"count":4,"href":"https:\/\/insideamateurfussball-ffm.de\/index.php?rest_route=\/wp\/v2\/posts\/18599\/revisions"}],"predecessor-version":[{"id":18623,"href":"https:\/\/insideamateurfussball-ffm.de\/index.php?rest_route=\/wp\/v2\/posts\/18599\/revisions\/18623"}],"wp:featuredmedia":[{"embeddable":true,"href":"https:\/\/insideamateurfussball-ffm.de\/index.php?rest_route=\/wp\/v2\/media\/18611"}],"wp:attachment":[{"href":"https:\/\/insideamateurfussball-ffm.de\/index.php?rest_route=%2Fwp%2Fv2%2Fmedia&parent=18599"}],"wp:term":[{"taxonomy":"category","embeddable":true,"href":"https:\/\/insideamateurfussball-ffm.de\/index.php?rest_route=%2Fwp%2Fv2%2Fcategories&post=18599"},{"taxonomy":"post_tag","embeddable":true,"href":"https:\/\/insideamateurfussball-ffm.de\/index.php?rest_route=%2Fwp%2Fv2%2Ftags&post=18599"}],"curies":[{"name":"wp","href":"https:\/\/api.w.org\/{rel}","templated":true}]}}