{"id":18536,"date":"2024-05-01T22:22:43","date_gmt":"2024-05-01T20:22:43","guid":{"rendered":"https:\/\/insideamateurfussball-ffm.de\/?p=18536"},"modified":"2024-05-01T22:22:43","modified_gmt":"2024-05-01T20:22:43","slug":"kalbach-beendet-kosovas-finaltraum","status":"publish","type":"post","link":"https:\/\/insideamateurfussball-ffm.de\/?p=18536","title":{"rendered":"Kalbach beendet Kosovas Finaltraum"},"content":{"rendered":"<h4>Der FC Kalbach ist durch einen 5:1-Sieg zum dritten Mal nach 2017 und 2021 in das Finale des Frankfurter Kreispokals eingezogen. Im Halbfinale beendete der Gruppenligist den Traum des FC Kosova aus der Kreisoberliga, dem es auch nach der vierten Halbfinal-Teilnahme in den letzten sechs Jahren nicht gelang, ins Finale einzuziehen. Am 15. Mai kommt es somit auf neutralem Platz (Sportplatz Viktoria Preu\u00dfen) im Endspiel zu einem Nord-Derby, da B-Ligist SC Riedberg den Verbandsligisten SG Bornheim\/Gr\u00fcn-Wei\u00df mit 2:1 aus dem Wettbewerb kegelte (gesonderter Bericht folgt).\u00a0<\/h4>\n<p>\u00a0<\/p>\n<figure id=\"attachment_18537\" aria-describedby=\"caption-attachment-18537\" style=\"width: 2048px\" class=\"wp-caption alignnone\"><img loading=\"lazy\" decoding=\"async\" class=\"wp-image-18537 size-full\" src=\"http:\/\/insideamateurfussball-ffm.de\/wp-content\/uploads\/2024\/05\/KalbachFinale.jpg\" alt=\"\" width=\"2048\" height=\"1536\" srcset=\"https:\/\/insideamateurfussball-ffm.de\/wp-content\/uploads\/2024\/05\/KalbachFinale.jpg 2048w, https:\/\/insideamateurfussball-ffm.de\/wp-content\/uploads\/2024\/05\/KalbachFinale-300x225.jpg 300w, https:\/\/insideamateurfussball-ffm.de\/wp-content\/uploads\/2024\/05\/KalbachFinale-1024x768.jpg 1024w, https:\/\/insideamateurfussball-ffm.de\/wp-content\/uploads\/2024\/05\/KalbachFinale-768x576.jpg 768w, https:\/\/insideamateurfussball-ffm.de\/wp-content\/uploads\/2024\/05\/KalbachFinale-1536x1152.jpg 1536w\" sizes=\"auto, (max-width: 2048px) 100vw, 2048px\" \/><figcaption id=\"caption-attachment-18537\" class=\"wp-caption-text\">Der FC Kalbach posiert nach dem Finaleinzug zum Teambild. Foto: PA.<\/figcaption><\/figure>\n<h4>FC Kosova &#8211; FC Kalbach 1:5 (0:1)<\/h4>\n<p><img loading=\"lazy\" decoding=\"async\" class=\"alignnone size-full wp-image-9\" src=\"http:\/\/insideamateurfussball-ffm.de\/wp-content\/uploads\/2021\/11\/Kosova.jpg\" alt=\"\" width=\"65\" height=\"80\" \/><img loading=\"lazy\" decoding=\"async\" class=\"alignnone size-full wp-image-16\" src=\"http:\/\/insideamateurfussball-ffm.de\/wp-content\/uploads\/2021\/11\/kalbach-wappen.jpg\" alt=\"\" width=\"80\" height=\"80\" \/><\/p>\n<p>Der Rasenplatz an der Wilhelm-Epstein-Stra\u00dfe ist nichts f\u00fcr feine Techniker und so konnten die spielstarken G\u00e4ste ihr gewohntes Kombinationsspiel nicht aufziehen. So operierte Kalbach wie die Gastgeber mit weiten Einw\u00fcrfen, um so f\u00fcr Torgefahr zu sorgen. Durch einen durch R\u00fcckpass verursachten indirekten Freisto\u00df bekam Kalbach die Gelegenheit, um in F\u00fchrung zu gehen, doch Torj\u00e4ger Achraf Gara Ali traf den Pfosten (11.). Kurz darauf kam nach einer Ecke Gara Ali zum Abschluss, doch Kosovas Tormann Murati Erjol hielt. Die erste Chance f\u00fcr Kosova vergab St\u00fcrmer Ibrahim Abbouz, dessen Kopfball von FCK-Torh\u00fcter Fabian Lanthaler pariert wurde. In F\u00fchrung gingen die Kalbacher dann vor 133 Zuschauern durch Moritz Uppenkamp, der eine Flanke gegen die Laufrichtung des Kosova-Schlussmannes eink\u00f6pfte (34.). Nach dem Seitenwechsel verzichtete Kosova auf den Einsatz von Leon Dashi, der sich in der Halbzeit nicht teamgerecht verhielt.<\/p>\n<p>Kalbach war mit Ricardo Harrabi, der eine weite Flanke im Strafraum stoppte und dann \u00fcberlegt einschob, erfolgreich (48.). Nach dem 0:2 folgte die Drangphase der Gastgeber, die einen Foulelfmeter an Abbouz zugesprochen bekamen, den Albion Bitiqi verwandelte (51.). Kurz darauf passte Abbouz auf Perparim Islami, der das vermeintliche 2:2 erzielte (53.). Das Gespann der Schiedsrichter sah eine Abseitsstellung &#8211; eine ganz knappe Entscheidung. Gara Ali hatte dann eine Doppelchance, konnte aber Erjol im Kosova-Tor nicht \u00fcberwinden. Dann schw\u00e4chte sich Kosova durch ein r\u00fcdes Foul von Soufian Taadou selbst, der nach seinem Einsteigen gegen Aleksej Radulaski an der Mittellinie die Rote Karte erhielt (61.). Die G\u00e4ste nutzten die Freir\u00e4ume, profitierten aber auch von kapitalen Schnitzern insbesondere des eingewechselten Mateo Hyskay, um durch Goalgetter Gara Ali noch drei Treffer zum deutlichen 5:1 nachzulegen (67.\/86.\/89.).<\/p>\n<blockquote>\n<h4>&#8222;Dann kommt die Rote Karte und das dritte waren Fehler durch den eingewechselten Spieler.&#8220; (Kosova-Trainer Jorge Huberman)<\/h4>\n<\/blockquote>\n<p>Kosova-Trainer Jorge Huberman erkannte an: &#8222;Kalbach war fu\u00dfballerisch besser, trainierter und fitter und auch so durchdachter. Das Spiel hatte aber Schl\u00fcsselszenen. Wir haben einmal in der ersten Halbzeit ein Abseits abgepfiffen bekommen und als wir nach dem 1:2 mit der Drangperiode kamen, kam diese omin\u00f6se Abseitsentscheidung, das w\u00e4re das 2:2 gewesen. Dann kommt die Rote Karte und das dritte waren Fehler durch den eingewechselten Spieler. Nat\u00fcrlich hat die bessere Mannschaft gewonnen, aber wenn das 2:2 nicht abgepfiffen wird, wer wei\u00df wie es weiter geht.&#8220; Kalbachs Trainer Aaz-Dine Zarioh sagte zum Finaleinzug: &#8222;Am Ende war das in der H\u00f6he verdient. Wir haben alleine gespielt, die anderen nur hoch und weit. Auf dem Platz war aber auch nichts anderes zu erwarten. Unsere Jungs waren m\u00fcde, das Wetter hat nicht gepasst. Am Ende war das verdient, wir hatten unsere Chancen und haben es clever ausgespielt. Kosova war die letzte halbe Stunde in Unterzahl , von daher hatten sie dann keine Chance mehr. Das Spiel war hart, aber fair. Den Elfmeter muss man nicht geben, dadurch wurde es aber etwas spannend.&#8220;<\/p>\n<p>Im Finale treffen die Kalbacher auf den aufstrebenden Nachbarn von der Altenh\u00f6fer Allee. Im Neubaugebiet spielen auch drei Spieler, die schon in Kalbach Gruppenliga spielten. &#8222;Dieser Gegner ist nicht zu untersch\u00e4tzen. Wir wollen auf jeden Fall den Pokal und wollen auch in der Liga noch alles versuchen, auch wenn der Kader es aktuell nicht her gibt&#8220;, meinte Zarioh. Kalbach tritt am Sonntag in der Gruppenliga Frankfurt West beim Abstiegskandidaten SG Ober-Erlenbach an (15.30 Uhr). Um 15 Uhr gastiert der FC Kosova in der Kreisoberliga beim SV 07 Heddernheim.\u00a0<\/p>\n<h4>Schiedsrichter: Johann Seidl (FSV Frankfurt). Zuschauer: 133.<\/h4>\n<h4>Tore: 0:1 Moritz Uppenkamp (34.), 0:2 Ricardo Harrabi (48.), 1:2 Albion Bitiqi (51.\/Foulelfmeter), 1:3, 1:4, 1:5 Achraf Gara Ali (67.\/86.\/89.).<\/h4>\n<h4>\u00a0<\/h4>\n<p>\u00a0<\/p>\n\n\n<figure class=\"wp-block-gallery has-nested-images columns-default is-cropped wp-block-gallery-1 is-layout-flex wp-block-gallery-is-layout-flex\">\n<figure class=\"wp-block-image size-large is-style-rounded\"><img loading=\"lazy\" decoding=\"async\" width=\"1024\" height=\"768\" data-id=\"18538\" src=\"https:\/\/insideamateurfussball-ffm.de\/wp-content\/uploads\/2024\/05\/Ko-Kal-1024x768.jpg\" alt=\"\" class=\"wp-image-18538\" srcset=\"https:\/\/insideamateurfussball-ffm.de\/wp-content\/uploads\/2024\/05\/Ko-Kal-1024x768.jpg 1024w, https:\/\/insideamateurfussball-ffm.de\/wp-content\/uploads\/2024\/05\/Ko-Kal-300x225.jpg 300w, https:\/\/insideamateurfussball-ffm.de\/wp-content\/uploads\/2024\/05\/Ko-Kal-768x576.jpg 768w, https:\/\/insideamateurfussball-ffm.de\/wp-content\/uploads\/2024\/05\/Ko-Kal-1536x1152.jpg 1536w, https:\/\/insideamateurfussball-ffm.de\/wp-content\/uploads\/2024\/05\/Ko-Kal.jpg 2048w\" sizes=\"auto, (max-width: 1024px) 100vw, 1024px\" \/><\/figure>\n<\/figure>\n\n\n\n<figure class=\"wp-block-gallery has-nested-images columns-default is-cropped wp-block-gallery-2 is-layout-flex wp-block-gallery-is-layout-flex\">\n<figure class=\"wp-block-image size-large is-style-rounded\"><img loading=\"lazy\" decoding=\"async\" width=\"1024\" height=\"768\" data-id=\"18539\" src=\"https:\/\/insideamateurfussball-ffm.de\/wp-content\/uploads\/2024\/05\/Ko-Kal2-1024x768.jpg\" alt=\"\" class=\"wp-image-18539\" srcset=\"https:\/\/insideamateurfussball-ffm.de\/wp-content\/uploads\/2024\/05\/Ko-Kal2-1024x768.jpg 1024w, https:\/\/insideamateurfussball-ffm.de\/wp-content\/uploads\/2024\/05\/Ko-Kal2-300x225.jpg 300w, https:\/\/insideamateurfussball-ffm.de\/wp-content\/uploads\/2024\/05\/Ko-Kal2-768x576.jpg 768w, https:\/\/insideamateurfussball-ffm.de\/wp-content\/uploads\/2024\/05\/Ko-Kal2-1536x1152.jpg 1536w, https:\/\/insideamateurfussball-ffm.de\/wp-content\/uploads\/2024\/05\/Ko-Kal2.jpg 2048w\" sizes=\"auto, (max-width: 1024px) 100vw, 1024px\" \/><\/figure>\n<\/figure>\n\n\n\n<figure class=\"wp-block-gallery has-nested-images columns-default is-cropped wp-block-gallery-3 is-layout-flex wp-block-gallery-is-layout-flex\">\n<figure class=\"wp-block-image size-large is-style-rounded\"><img loading=\"lazy\" decoding=\"async\" width=\"1024\" height=\"768\" data-id=\"18540\" src=\"https:\/\/insideamateurfussball-ffm.de\/wp-content\/uploads\/2024\/05\/Ko-Kal3-1024x768.jpg\" alt=\"\" class=\"wp-image-18540\" srcset=\"https:\/\/insideamateurfussball-ffm.de\/wp-content\/uploads\/2024\/05\/Ko-Kal3-1024x768.jpg 1024w, https:\/\/insideamateurfussball-ffm.de\/wp-content\/uploads\/2024\/05\/Ko-Kal3-300x225.jpg 300w, https:\/\/insideamateurfussball-ffm.de\/wp-content\/uploads\/2024\/05\/Ko-Kal3-768x576.jpg 768w, https:\/\/insideamateurfussball-ffm.de\/wp-content\/uploads\/2024\/05\/Ko-Kal3-1536x1152.jpg 1536w, https:\/\/insideamateurfussball-ffm.de\/wp-content\/uploads\/2024\/05\/Ko-Kal3.jpg 2048w\" sizes=\"auto, (max-width: 1024px) 100vw, 1024px\" \/><\/figure>\n<\/figure>\n\n\n\n<figure class=\"wp-block-gallery has-nested-images columns-default is-cropped wp-block-gallery-4 is-layout-flex wp-block-gallery-is-layout-flex\">\n<figure class=\"wp-block-image size-large is-style-rounded\"><img loading=\"lazy\" decoding=\"async\" width=\"1024\" height=\"768\" data-id=\"18541\" src=\"https:\/\/insideamateurfussball-ffm.de\/wp-content\/uploads\/2024\/05\/Ko-Kal4-1024x768.jpg\" alt=\"\" class=\"wp-image-18541\" srcset=\"https:\/\/insideamateurfussball-ffm.de\/wp-content\/uploads\/2024\/05\/Ko-Kal4-1024x768.jpg 1024w, https:\/\/insideamateurfussball-ffm.de\/wp-content\/uploads\/2024\/05\/Ko-Kal4-300x225.jpg 300w, https:\/\/insideamateurfussball-ffm.de\/wp-content\/uploads\/2024\/05\/Ko-Kal4-768x576.jpg 768w, https:\/\/insideamateurfussball-ffm.de\/wp-content\/uploads\/2024\/05\/Ko-Kal4-1536x1152.jpg 1536w, https:\/\/insideamateurfussball-ffm.de\/wp-content\/uploads\/2024\/05\/Ko-Kal4.jpg 2048w\" sizes=\"auto, (max-width: 1024px) 100vw, 1024px\" \/><\/figure>\n<\/figure>\n","protected":false},"excerpt":{"rendered":"<p>Der FC Kalbach ist durch einen 5:1-Sieg zum dritten Mal nach 2017 und 2021 in das Finale des Frankfurter Kreispokals eingezogen. Im Halbfinale beendete der Gruppenligist den Traum des FC Kosova aus der Kreisoberliga, dem es auch nach der vierten Halbfinal-Teilnahme in den letzten sechs Jahren nicht gelang, ins Finale einzuziehen. Am 15. Mai kommt [&hellip;]<\/p>\n","protected":false},"author":1,"featured_media":18537,"comment_status":"open","ping_status":"open","sticky":true,"template":"","format":"standard","meta":{"footnotes":""},"categories":[9],"tags":[],"class_list":["post-18536","post","type-post","status-publish","format-standard","has-post-thumbnail","hentry","category-kreispokal"],"_links":{"self":[{"href":"https:\/\/insideamateurfussball-ffm.de\/index.php?rest_route=\/wp\/v2\/posts\/18536","targetHints":{"allow":["GET"]}}],"collection":[{"href":"https:\/\/insideamateurfussball-ffm.de\/index.php?rest_route=\/wp\/v2\/posts"}],"about":[{"href":"https:\/\/insideamateurfussball-ffm.de\/index.php?rest_route=\/wp\/v2\/types\/post"}],"author":[{"embeddable":true,"href":"https:\/\/insideamateurfussball-ffm.de\/index.php?rest_route=\/wp\/v2\/users\/1"}],"replies":[{"embeddable":true,"href":"https:\/\/insideamateurfussball-ffm.de\/index.php?rest_route=%2Fwp%2Fv2%2Fcomments&post=18536"}],"version-history":[{"count":1,"href":"https:\/\/insideamateurfussball-ffm.de\/index.php?rest_route=\/wp\/v2\/posts\/18536\/revisions"}],"predecessor-version":[{"id":18542,"href":"https:\/\/insideamateurfussball-ffm.de\/index.php?rest_route=\/wp\/v2\/posts\/18536\/revisions\/18542"}],"wp:featuredmedia":[{"embeddable":true,"href":"https:\/\/insideamateurfussball-ffm.de\/index.php?rest_route=\/wp\/v2\/media\/18537"}],"wp:attachment":[{"href":"https:\/\/insideamateurfussball-ffm.de\/index.php?rest_route=%2Fwp%2Fv2%2Fmedia&parent=18536"}],"wp:term":[{"taxonomy":"category","embeddable":true,"href":"https:\/\/insideamateurfussball-ffm.de\/index.php?rest_route=%2Fwp%2Fv2%2Fcategories&post=18536"},{"taxonomy":"post_tag","embeddable":true,"href":"https:\/\/insideamateurfussball-ffm.de\/index.php?rest_route=%2Fwp%2Fv2%2Ftags&post=18536"}],"curies":[{"name":"wp","href":"https:\/\/api.w.org\/{rel}","templated":true}]}}