{"id":18511,"date":"2024-04-30T20:37:53","date_gmt":"2024-04-30T18:37:53","guid":{"rendered":"https:\/\/insideamateurfussball-ffm.de\/?p=18511"},"modified":"2024-04-30T20:38:54","modified_gmt":"2024-04-30T18:38:54","slug":"germania-94-bester-aufsteiger-vor-tarik","status":"publish","type":"post","link":"https:\/\/insideamateurfussball-ffm.de\/?p=18511","title":{"rendered":"Germania 94 bester Aufsteiger vor Tarik"},"content":{"rendered":"<h4>Zwar hat der VfL Germania 94 immer noch eine theoretische Chance auf Rang zwei, die ist aber bei sieben Punkten R\u00fcckstand auf den SV Viktoria Preu\u00dfen und nur noch drei Spielen minimal. Im Duell gegen den SV Griesheim Tarik ging es somit eigentlich nur um das Pr\u00e4dikat des besten Aufsteigers. Mit dem 2:1 (1:0)-Heimsieg haben die Kicker vom Mainwasen jetzt vier Punkte mehr als jene von der L\u00e4rchenstra\u00dfe.<\/h4>\n<figure id=\"attachment_18512\" aria-describedby=\"caption-attachment-18512\" style=\"width: 1008px\" class=\"wp-caption alignnone\"><img loading=\"lazy\" decoding=\"async\" class=\"wp-image-18512\" src=\"http:\/\/insideamateurfussball-ffm.de\/wp-content\/uploads\/2024\/04\/DSC_8620-1.jpg\" alt=\"\" width=\"1008\" height=\"756\" srcset=\"https:\/\/insideamateurfussball-ffm.de\/wp-content\/uploads\/2024\/04\/DSC_8620-1.jpg 999w, https:\/\/insideamateurfussball-ffm.de\/wp-content\/uploads\/2024\/04\/DSC_8620-1-300x225.jpg 300w, https:\/\/insideamateurfussball-ffm.de\/wp-content\/uploads\/2024\/04\/DSC_8620-1-768x576.jpg 768w\" sizes=\"auto, (max-width: 1008px) 100vw, 1008px\" \/><figcaption id=\"caption-attachment-18512\" class=\"wp-caption-text\">Der VfL Germania 94 ist bester Aufsteiger, zu einem weiteren Aufstieg langt es jedoch wohl nicht. Foto: Archiv J\u00f6rg Schulz.<\/figcaption><\/figure>\n<h4>VfL Germania 94 &#8211; SV Griesheim Tarik 2:1 (1:0)<\/h4>\n<p><img loading=\"lazy\" decoding=\"async\" class=\"alignnone size-full wp-image-508\" src=\"http:\/\/insideamateurfussball-ffm.de\/wp-content\/uploads\/2022\/05\/Germania-94.jpg\" alt=\"\" width=\"80\" height=\"80\" \/><img loading=\"lazy\" decoding=\"async\" class=\"alignnone size-full wp-image-34\" src=\"http:\/\/insideamateurfussball-ffm.de\/wp-content\/uploads\/2021\/11\/Tarik.jpg\" alt=\"\" width=\"80\" height=\"80\" \/><\/p>\n<p>Letztlich m\u00fcssen sich die Gastgeber die Schw\u00e4cheperiode nach der Winterpause ankreiden lassen, es w\u00e4re n\u00e4mlich sonst durchaus noch was drin gewesen in Sachen Platz zwei. Gegen den Mitaufsteiger aus Griesheim war es laut Heimtrainer Hassan Basci &#8222;ein sehr z\u00e4hes Spiel in der ersten Halbzeit&#8220;, in der Asmir Hajdarovic f\u00fcr die F\u00fchrung gesorgt hatte (11.). Nach dem Seitenwechsel glich Tarik mit Suhaib Feras Mahmoud Alasad aus (51.), doch die Gastgeber brachte erneut Hajdarovic nach vorne (63.). Von der 72. bis zur 82. Minute spielten die G\u00e4ste in Unterzahl, da ein Spieler tempor\u00e4r des Feldes verwiesen wurde.<\/p>\n<p>&#8222;Ab der 60. Minute haben wir dann das Spiel gemacht und verdient 2:1 gewonnen, es war eine fair gef\u00fchrte Partie&#8220;, meinte Basci. Tarik-Trainer Hamza Azaoum betonte, &#8222;dass wir mit dem letzten Aufgebot aufgetreten sind und sechs Spieler aus der zweiten Mannschaft im Aufgebot hatten. F\u00fcr diese Verh\u00e4ltnisse haben sie das gut gemacht und haben teilweise gut mitgehalten. Gegen Ende haben wir den Faden verloren und konnten Germania nicht mehr gef\u00e4hrden.&#8220;<\/p>\n<blockquote>\n<h4>&#8222;Das wird auch die restlichen Spiele so sein, au\u00dfer gegen T\u00fcrkg\u00fcc\u00fc&#8220; (Tarik-Trainer Hamza Azaoum)<\/h4>\n<\/blockquote>\n<p>Einige Stammspieler h\u00e4tten sich frei genommen, ein paar seien im Urlaub und andere beruflich unterwegs. &#8222;Die Luft ist etwas raus. Wir sind froh in so einer Situation zu sein, alle spielen zu lassen. Das wird auch die restlichen Spiele so sein&#8220;, erkl\u00e4rte Hamza. Nur eines wolle man mit allen Mitteln verhindern, dass n\u00e4mlich der TSKV T\u00fcrkg\u00fcc\u00fc auf der Anlage an der L\u00e4rchenstra\u00dfe vorzeitig die Meisterschaft und den Aufstieg feiere.<\/p>\n<p>&#8222;Gegen T\u00fcrkg\u00fcc\u00fc werden wir Gas geben, das ist ein Derby und da will jeder spielen&#8220;, k\u00fcndigte Hamza an. Germania 94 hingegen sucht im hohen Norden bei der SG Harheim seine wahrscheinlich letzte theoretische Chance, um in die N\u00e4he von Rang zwei zu kommen.<\/p>\n<h4>Schiedsrichter: Keine Angaben. Zuschauer: 50.<\/h4>\n<h4>Tore: 1:0 Asmir Hajdarovic (11.), 1:1 Suhaib Feras Mahmoud Alasad (51.), 2:1 Asmir Hajdarovic (63.).<\/h4>\n","protected":false},"excerpt":{"rendered":"<p>Zwar hat der VfL Germania 94 immer noch eine theoretische Chance auf Rang zwei, die ist aber bei sieben Punkten R\u00fcckstand auf den SV Viktoria Preu\u00dfen und nur noch drei Spielen minimal. Im Duell gegen den SV Griesheim Tarik ging es somit eigentlich nur um das Pr\u00e4dikat des besten Aufsteigers. Mit dem 2:1 (1:0)-Heimsieg haben [&hellip;]<\/p>\n","protected":false},"author":1,"featured_media":18512,"comment_status":"open","ping_status":"open","sticky":true,"template":"","format":"standard","meta":{"footnotes":""},"categories":[2],"tags":[],"class_list":["post-18511","post","type-post","status-publish","format-standard","has-post-thumbnail","hentry","category-kreisoberliga-frankfurt"],"_links":{"self":[{"href":"https:\/\/insideamateurfussball-ffm.de\/index.php?rest_route=\/wp\/v2\/posts\/18511","targetHints":{"allow":["GET"]}}],"collection":[{"href":"https:\/\/insideamateurfussball-ffm.de\/index.php?rest_route=\/wp\/v2\/posts"}],"about":[{"href":"https:\/\/insideamateurfussball-ffm.de\/index.php?rest_route=\/wp\/v2\/types\/post"}],"author":[{"embeddable":true,"href":"https:\/\/insideamateurfussball-ffm.de\/index.php?rest_route=\/wp\/v2\/users\/1"}],"replies":[{"embeddable":true,"href":"https:\/\/insideamateurfussball-ffm.de\/index.php?rest_route=%2Fwp%2Fv2%2Fcomments&post=18511"}],"version-history":[{"count":2,"href":"https:\/\/insideamateurfussball-ffm.de\/index.php?rest_route=\/wp\/v2\/posts\/18511\/revisions"}],"predecessor-version":[{"id":18514,"href":"https:\/\/insideamateurfussball-ffm.de\/index.php?rest_route=\/wp\/v2\/posts\/18511\/revisions\/18514"}],"wp:featuredmedia":[{"embeddable":true,"href":"https:\/\/insideamateurfussball-ffm.de\/index.php?rest_route=\/wp\/v2\/media\/18512"}],"wp:attachment":[{"href":"https:\/\/insideamateurfussball-ffm.de\/index.php?rest_route=%2Fwp%2Fv2%2Fmedia&parent=18511"}],"wp:term":[{"taxonomy":"category","embeddable":true,"href":"https:\/\/insideamateurfussball-ffm.de\/index.php?rest_route=%2Fwp%2Fv2%2Fcategories&post=18511"},{"taxonomy":"post_tag","embeddable":true,"href":"https:\/\/insideamateurfussball-ffm.de\/index.php?rest_route=%2Fwp%2Fv2%2Ftags&post=18511"}],"curies":[{"name":"wp","href":"https:\/\/api.w.org\/{rel}","templated":true}]}}