{"id":18487,"date":"2024-04-29T11:23:00","date_gmt":"2024-04-29T09:23:00","guid":{"rendered":"https:\/\/insideamateurfussball-ffm.de\/?p=18487"},"modified":"2024-04-29T21:34:45","modified_gmt":"2024-04-29T19:34:45","slug":"dortelweil-besiegt-formstarkes-rw-darmstadt","status":"publish","type":"post","link":"https:\/\/insideamateurfussball-ffm.de\/?p=18487","title":{"rendered":"Dortelweil besiegt formstarkes RW Darmstadt"},"content":{"rendered":"<h3>Mit 2:1 (1:1) gewann der SC Dortelweil in der Verbandsliga S\u00fcd gegen den Tabellendritten SKV Rot-Wei\u00df Darmstadt und versetzte den Aufstiegsambitionen der G\u00e4ste einen herben D\u00e4mpfer.<\/h3>\n<figure id=\"attachment_8794\" aria-describedby=\"caption-attachment-8794\" style=\"width: 989px\" class=\"wp-caption alignnone\"><img loading=\"lazy\" decoding=\"async\" class=\"wp-image-8794 size-full\" src=\"http:\/\/insideamateurfussball-ffm.de\/wp-content\/uploads\/2023\/05\/guelti-sportlischeleiter-dortelw.jpg\" alt=\"\" width=\"989\" height=\"692\" srcset=\"https:\/\/insideamateurfussball-ffm.de\/wp-content\/uploads\/2023\/05\/guelti-sportlischeleiter-dortelw.jpg 989w, https:\/\/insideamateurfussball-ffm.de\/wp-content\/uploads\/2023\/05\/guelti-sportlischeleiter-dortelw-300x210.jpg 300w, https:\/\/insideamateurfussball-ffm.de\/wp-content\/uploads\/2023\/05\/guelti-sportlischeleiter-dortelw-768x537.jpg 768w\" sizes=\"auto, (max-width: 989px) 100vw, 989px\" \/><figcaption id=\"caption-attachment-8794\" class=\"wp-caption-text\">Trainer G\u00fcltekin Cagritekin links und der Sportliche Leiter Hans Wrage haben gut lachen. Foto: Archiv Mithat G\u00fcrser.\u00a0\u00a0<\/figcaption><\/figure>\n<h3>SC Dortelweil &#8211; SKV Rot-Wei\u00df Darmstadt 2:1 (1:1)<\/h3>\n<p><img loading=\"lazy\" decoding=\"async\" class=\"alignnone size-full wp-image-598\" src=\"http:\/\/insideamateurfussball-ffm.de\/wp-content\/uploads\/2022\/06\/Dortelweil.jpg\" alt=\"\" width=\"80\" height=\"80\" \/><img loading=\"lazy\" decoding=\"async\" class=\"alignnone size-full wp-image-328\" src=\"http:\/\/insideamateurfussball-ffm.de\/wp-content\/uploads\/2022\/05\/RWDA.png\" alt=\"\" width=\"76\" height=\"80\" \/><\/p>\n<p>Per Foulelfmeter waren die G\u00e4ste durch Patrick Bohn in F\u00fchrung gegangen (17.). Dortelweils Torh\u00fcter Yannick R\u00fchl Darmstadts Spielmacher Emin Aykir von den Beinen geholt. Eine Kette mehrerer kleiner Abwehrfehler erm\u00f6glichte den Hausherren den Ausgleich durch Shahram Hasemi (23.). In der Folge gab es wenige klare Aktionen von beiden Teams und viele Nickligkeiten. Nach dem Seitenwechsel sorgte Tugay Kuzpinari mit einem Konter \u00fcber drei Stationen f\u00fcr das 2:1 (58.). Darmstadt blieb danach vor allem \u00fcber den schnellen Emin Aykir am Dr\u00fccker. Die Gastgeber blieben aber taktisch variabel und verdienten sich den Sieg mit einer guten Leistung.<\/p>\n<h3><span style=\"text-decoration: underline;\">Schiedsrichter: Felix Krauser (FC Eddersheim). Zuschauer: 120.\u00a0<\/span><\/h3>\n<h3><span style=\"text-decoration: underline;\">Tore: 0:1 Patrick Bohn (17.\/Foulelfmeter), 1:1 Shahram Hashemi (23.), 2:1 Tugay Kuzpinar (58.).<\/span><\/h3>\n","protected":false},"excerpt":{"rendered":"<p>Mit 2:1 (1:1) gewann der SC Dortelweil in der Verbandsliga S\u00fcd gegen den Tabellendritten SKV Rot-Wei\u00df Darmstadt und versetzte den Aufstiegsambitionen der G\u00e4ste einen herben D\u00e4mpfer. SC Dortelweil &#8211; SKV Rot-Wei\u00df Darmstadt 2:1 (1:1) Per Foulelfmeter waren die G\u00e4ste durch Patrick Bohn in F\u00fchrung gegangen (17.). Dortelweils Torh\u00fcter Yannick R\u00fchl Darmstadts Spielmacher Emin Aykir von [&hellip;]<\/p>\n","protected":false},"author":1,"featured_media":8794,"comment_status":"open","ping_status":"open","sticky":true,"template":"","format":"standard","meta":{"footnotes":""},"categories":[10],"tags":[],"class_list":["post-18487","post","type-post","status-publish","format-standard","has-post-thumbnail","hentry","category-verbandsliga-sued"],"_links":{"self":[{"href":"https:\/\/insideamateurfussball-ffm.de\/index.php?rest_route=\/wp\/v2\/posts\/18487","targetHints":{"allow":["GET"]}}],"collection":[{"href":"https:\/\/insideamateurfussball-ffm.de\/index.php?rest_route=\/wp\/v2\/posts"}],"about":[{"href":"https:\/\/insideamateurfussball-ffm.de\/index.php?rest_route=\/wp\/v2\/types\/post"}],"author":[{"embeddable":true,"href":"https:\/\/insideamateurfussball-ffm.de\/index.php?rest_route=\/wp\/v2\/users\/1"}],"replies":[{"embeddable":true,"href":"https:\/\/insideamateurfussball-ffm.de\/index.php?rest_route=%2Fwp%2Fv2%2Fcomments&post=18487"}],"version-history":[{"count":1,"href":"https:\/\/insideamateurfussball-ffm.de\/index.php?rest_route=\/wp\/v2\/posts\/18487\/revisions"}],"predecessor-version":[{"id":18488,"href":"https:\/\/insideamateurfussball-ffm.de\/index.php?rest_route=\/wp\/v2\/posts\/18487\/revisions\/18488"}],"wp:featuredmedia":[{"embeddable":true,"href":"https:\/\/insideamateurfussball-ffm.de\/index.php?rest_route=\/wp\/v2\/media\/8794"}],"wp:attachment":[{"href":"https:\/\/insideamateurfussball-ffm.de\/index.php?rest_route=%2Fwp%2Fv2%2Fmedia&parent=18487"}],"wp:term":[{"taxonomy":"category","embeddable":true,"href":"https:\/\/insideamateurfussball-ffm.de\/index.php?rest_route=%2Fwp%2Fv2%2Fcategories&post=18487"},{"taxonomy":"post_tag","embeddable":true,"href":"https:\/\/insideamateurfussball-ffm.de\/index.php?rest_route=%2Fwp%2Fv2%2Ftags&post=18487"}],"curies":[{"name":"wp","href":"https:\/\/api.w.org\/{rel}","templated":true}]}}