{"id":18483,"date":"2024-04-29T03:41:00","date_gmt":"2024-04-29T01:41:00","guid":{"rendered":"https:\/\/insideamateurfussball-ffm.de\/?p=18483"},"modified":"2024-04-29T21:02:25","modified_gmt":"2024-04-29T19:02:25","slug":"zeilsheim-bleibt-im-formtief","status":"publish","type":"post","link":"https:\/\/insideamateurfussball-ffm.de\/?p=18483","title":{"rendered":"Zeilsheim bleibt im Formtief"},"content":{"rendered":"<h3>Der SV Zeilsheim bleibt in der Verbandsliga Mitte im Formtief und dadurch weiter Mittelma\u00df auf Rang neun. Gegen den Siebten, die Sportfreunde\/Blau-Gelb Marburg, setzte es eine 1:3-Heimniederlage.<\/h3>\n<figure id=\"attachment_18484\" aria-describedby=\"caption-attachment-18484\" style=\"width: 893px\" class=\"wp-caption alignnone\"><img loading=\"lazy\" decoding=\"async\" class=\"wp-image-18484 size-full\" src=\"http:\/\/insideamateurfussball-ffm.de\/wp-content\/uploads\/2024\/04\/27a-Marijan-Petrovic-sorgte-mit-seiner-Einwechselung-fuer-Schwung.jpg\" alt=\"\" width=\"893\" height=\"749\" srcset=\"https:\/\/insideamateurfussball-ffm.de\/wp-content\/uploads\/2024\/04\/27a-Marijan-Petrovic-sorgte-mit-seiner-Einwechselung-fuer-Schwung.jpg 893w, https:\/\/insideamateurfussball-ffm.de\/wp-content\/uploads\/2024\/04\/27a-Marijan-Petrovic-sorgte-mit-seiner-Einwechselung-fuer-Schwung-300x252.jpg 300w, https:\/\/insideamateurfussball-ffm.de\/wp-content\/uploads\/2024\/04\/27a-Marijan-Petrovic-sorgte-mit-seiner-Einwechselung-fuer-Schwung-768x644.jpg 768w\" sizes=\"auto, (max-width: 893px) 100vw, 893px\" \/><figcaption id=\"caption-attachment-18484\" class=\"wp-caption-text\">Marijan Petrovic am Ball &#8211; nach seiner Einwechslung sorgte der Zeilsheimer f\u00fcr Schwung. Foto: Peter Strauch.\u00a0\u00a0<\/figcaption><\/figure>\n<h3>SV Zeilsheim &#8211; Sportfreunde\/Blau-Gelb Marburg 1:3 (0:1)<\/h3>\n<p><img loading=\"lazy\" decoding=\"async\" class=\"alignnone size-full wp-image-1153\" src=\"http:\/\/insideamateurfussball-ffm.de\/wp-content\/uploads\/2022\/07\/SVZe.jpg\" alt=\"\" width=\"68\" height=\"80\" \/><img loading=\"lazy\" decoding=\"async\" class=\"alignnone size-full wp-image-2395\" src=\"http:\/\/insideamateurfussball-ffm.de\/wp-content\/uploads\/2022\/09\/SFBG.jpg\" alt=\"\" width=\"80\" height=\"80\" \/><\/p>\n<p>F\u00fcr den SV Zeilsheim gab es in der Partie gegen die SF\/BG Marburg, an deren Ende eine 1:3-Niederlage stand, wenig zu holen. Das Hinspiel bei der SF\/BG Marburg hatte der SV Zeilsheim noch mit 4:2 gewonnen. Der SV geriet schon in der 8. Minute in R\u00fcckstand, als Sascha Huhn aus abseitsverd\u00e4chtiger Position das 1:0 f\u00fcr die G\u00e4ste erzielte.<\/p>\n<p>Leroy Ennin (30.) aus der Drehung und Nicklas Dillitz (39.), nach Vorarbeit von Emanuel Ogunnibi, scheiterten im weiteren Verlauf des Spiels an Marburgs Schlussmann Florian Eidam. Wiederum Huhn baute die F\u00fchrung f\u00fcr die Mittelhessen (48.) aus. Aus 18 m traf er genau unter die Latte.<\/p>\n<h3><span style=\"text-decoration: underline;\">Dillitz und G\u00fcrsoy haben Ausgleich auf dem Fu\u00df<\/span><\/h3>\n<p>Jetzt wachten die Zeilsheimer auf und erspielten gute Torchancen. Nach Flanke von Andre Schneider stand Laurin Vogt in der Mitte goldrichtig und verk\u00fcrzte auf 1:2 (70.). In der Folge hatten Dillitz und Samed G\u00fcrsoy den Ausgleich auf dem Fu\u00df, doch Marburg verteidigte engagiert und brachte immer wieder einen Fu\u00df dazwischen.<\/p>\n<p>Am Ende kam es wie es kommen musste. Mit einem Konter \u00fcber Huhn und dem Tor von Jason Barth (87.) wurde die 1:3-Niederlage des SV besiegelt. Am kommenden Sonntag reisen die Gr\u00fcn-Wei\u00dfen zum Tabellenf\u00fchrer nach Steinbach bei Herborn und m\u00fcssen sich steigern, um nicht erneut unter die R\u00e4der zu kommen.<\/p>\n<h3><span style=\"text-decoration: underline;\">Schiedsrichter: Lasse Braun (FC Fortuna Frankfurt). Tore: 0:1, 0:2 Sascha Huhn (8.\/48.), 1:2 Laurin Vogt (70.), 1:3 Jason Barth (87.).<\/span><\/h3>\n","protected":false},"excerpt":{"rendered":"<p>Der SV Zeilsheim bleibt in der Verbandsliga Mitte im Formtief und dadurch weiter Mittelma\u00df auf Rang neun. Gegen den Siebten, die Sportfreunde\/Blau-Gelb Marburg, setzte es eine 1:3-Heimniederlage. SV Zeilsheim &#8211; Sportfreunde\/Blau-Gelb Marburg 1:3 (0:1) F\u00fcr den SV Zeilsheim gab es in der Partie gegen die SF\/BG Marburg, an deren Ende eine 1:3-Niederlage stand, wenig zu [&hellip;]<\/p>\n","protected":false},"author":1,"featured_media":18484,"comment_status":"open","ping_status":"open","sticky":true,"template":"","format":"standard","meta":{"footnotes":""},"categories":[32],"tags":[],"class_list":["post-18483","post","type-post","status-publish","format-standard","has-post-thumbnail","hentry","category-verbandsliga-mitte"],"_links":{"self":[{"href":"https:\/\/insideamateurfussball-ffm.de\/index.php?rest_route=\/wp\/v2\/posts\/18483","targetHints":{"allow":["GET"]}}],"collection":[{"href":"https:\/\/insideamateurfussball-ffm.de\/index.php?rest_route=\/wp\/v2\/posts"}],"about":[{"href":"https:\/\/insideamateurfussball-ffm.de\/index.php?rest_route=\/wp\/v2\/types\/post"}],"author":[{"embeddable":true,"href":"https:\/\/insideamateurfussball-ffm.de\/index.php?rest_route=\/wp\/v2\/users\/1"}],"replies":[{"embeddable":true,"href":"https:\/\/insideamateurfussball-ffm.de\/index.php?rest_route=%2Fwp%2Fv2%2Fcomments&post=18483"}],"version-history":[{"count":1,"href":"https:\/\/insideamateurfussball-ffm.de\/index.php?rest_route=\/wp\/v2\/posts\/18483\/revisions"}],"predecessor-version":[{"id":18485,"href":"https:\/\/insideamateurfussball-ffm.de\/index.php?rest_route=\/wp\/v2\/posts\/18483\/revisions\/18485"}],"wp:featuredmedia":[{"embeddable":true,"href":"https:\/\/insideamateurfussball-ffm.de\/index.php?rest_route=\/wp\/v2\/media\/18484"}],"wp:attachment":[{"href":"https:\/\/insideamateurfussball-ffm.de\/index.php?rest_route=%2Fwp%2Fv2%2Fmedia&parent=18483"}],"wp:term":[{"taxonomy":"category","embeddable":true,"href":"https:\/\/insideamateurfussball-ffm.de\/index.php?rest_route=%2Fwp%2Fv2%2Fcategories&post=18483"},{"taxonomy":"post_tag","embeddable":true,"href":"https:\/\/insideamateurfussball-ffm.de\/index.php?rest_route=%2Fwp%2Fv2%2Ftags&post=18483"}],"curies":[{"name":"wp","href":"https:\/\/api.w.org\/{rel}","templated":true}]}}