{"id":18480,"date":"2024-04-29T18:14:30","date_gmt":"2024-04-29T16:14:30","guid":{"rendered":"https:\/\/insideamateurfussball-ffm.de\/?p=18480"},"modified":"2024-04-29T18:14:30","modified_gmt":"2024-04-29T16:14:30","slug":"fechenheim-mit-arbeitssieg-in-fauerbach","status":"publish","type":"post","link":"https:\/\/insideamateurfussball-ffm.de\/?p=18480","title":{"rendered":"Fechenheim mit Arbeitssieg in Fauerbach"},"content":{"rendered":"<h4>Die Spvgg. 03 Fechenheim siegte m\u00fchsam 4:1 beim Tabellenletzten FC Olympia Fauerbach und erreichte damit als Neunter einen einstelligen Tabellenplatz, der Abstand zum Relegationsplatz betr\u00e4gt nunmehr schon 7 Punkte.<\/h4>\n<figure id=\"attachment_18067\" aria-describedby=\"caption-attachment-18067\" style=\"width: 945px\" class=\"wp-caption alignnone\"><img loading=\"lazy\" decoding=\"async\" class=\"wp-image-18067 size-full\" src=\"http:\/\/insideamateurfussball-ffm.de\/wp-content\/uploads\/2024\/04\/bos12.jpg\" alt=\"\" width=\"945\" height=\"697\" srcset=\"https:\/\/insideamateurfussball-ffm.de\/wp-content\/uploads\/2024\/04\/bos12.jpg 945w, https:\/\/insideamateurfussball-ffm.de\/wp-content\/uploads\/2024\/04\/bos12-300x221.jpg 300w, https:\/\/insideamateurfussball-ffm.de\/wp-content\/uploads\/2024\/04\/bos12-768x566.jpg 768w\" sizes=\"auto, (max-width: 945px) 100vw, 945px\" \/><figcaption id=\"caption-attachment-18067\" class=\"wp-caption-text\">Die Spvgg. Fechenheim (hier beim Spiel bei dem SV BKC Bosnien\/Herzegowina) kann nach ihrem Sieg in Fauerbach langsam die neue Saison planen. Foto: Archiv Mithat G\u00fcrser<\/figcaption><\/figure>\n<h4>FC Olympia Fauerbach &#8211; Spvgg. 03 Fechenheim 1:4 (1:1)<\/h4>\n<p><img loading=\"lazy\" decoding=\"async\" class=\"alignnone size-full wp-image-10172\" src=\"http:\/\/insideamateurfussball-ffm.de\/wp-content\/uploads\/2023\/06\/fauerbach.png\" alt=\"\" width=\"80\" height=\"74\" \/><img loading=\"lazy\" decoding=\"async\" class=\"alignnone size-full wp-image-603\" src=\"http:\/\/insideamateurfussball-ffm.de\/wp-content\/uploads\/2022\/06\/Fech03.jpg\" alt=\"\" width=\"52\" height=\"80\" \/><\/p>\n<p>Nach dem Sieg gegen den FV Bad Vilbel konnten die Fechenheimer nachlegen und besiegten den Tabellenletzten FC Olympia Fauerbach am Ende noch klar mit 4:1. Die mit nur 13 Spielern nach Fauerbach angerfeisten G\u00e4ste taten sich aber schwer gegen den 17. der Tabelle, bis zur Pause entwickelte sich nach den Worten von Fechenheims 2.Vositzenden Yasser Bassal \u201eein Spiel auf Augenh\u00f6he\u201c. Die G\u00e4ste waren schon ein wenig \u00fcberrascht \u00fcber die Leistung der Gastgeber, die die erste Halbzeit ausgeglichen gestalten konnten, obwohl auch sie unter einigen Ausf\u00e4llen zu leiden hatten. Das fr\u00fche 1:0 f\u00fcr die G\u00e4ste durch Kennedy Ogbonnaya in der 9.Minute konnte Fauerbach durch Dominique Ware in der 25.Minute ausgleichen, und zur Pause stand es leistungsgerecht 1:1.<\/p>\n<p>In der zweiten Halbzeit gingen die Fechenheimer durch ein sch\u00f6nes Tor von Kaleab Eyassu mit 2:1 in F\u00fchrung, danach ging den Gastgebern etwas die Luft aus und nach dem 3:1 durch Roberto Martins Pereira in der 58.Minute war auch die Motivation weg bei Fauerbach, was Yasser Bassal konstatierte: \u201edie Mannschaft hat das am Ende sauber heruntergespielt\u201c. Den Schlusspunkt zum 4:1 setzte erneut Roberto Martins Pereira mit seinem zweiten Tor in der 84.Minute.<\/p>\n<p>Mit jetzt 7 Punkten Vorsprung auf K\u00f6nigstein und den Relegationsplatz kann Fechenheim die neue Saison in der Gruppenliga langsam planen, nach Aussagen von Yasser Bassal stehen auch schon einige Neuzug\u00e4nge fest. Der Abgang von Thomas Schmidt Isermann zum FC Karben wurde vom neuen Verein bereits bekanntgegeben. Am n\u00e4chsten Wochenende fordern die Fechenheimer den neuen Tabellenf\u00fchrer SKV Beienheim heraus.<\/p>\n<h4>Schiedsrichter: Tobias Titze (FV Steinau). Zuschauer: 50.<\/h4>\n<h4>Tore: 0:1 Kennedy Ogbonnaya (9.), 1:1 Dominique Ware (25.), 1:2 Kaleab Eyassu (50.), 1:3 Roberto Martins Pereira (58.), 1:4 Roberto Martins Pereira (84.)<\/h4>\n","protected":false},"excerpt":{"rendered":"<p>Die Spvgg. 03 Fechenheim siegte m\u00fchsam 4:1 beim Tabellenletzten FC Olympia Fauerbach und erreichte damit als Neunter einen einstelligen Tabellenplatz, der Abstand zum Relegationsplatz betr\u00e4gt nunmehr schon 7 Punkte. FC Olympia Fauerbach &#8211; Spvgg. 03 Fechenheim 1:4 (1:1) Nach dem Sieg gegen den FV Bad Vilbel konnten die Fechenheimer nachlegen und besiegten den Tabellenletzten FC [&hellip;]<\/p>\n","protected":false},"author":3,"featured_media":18067,"comment_status":"open","ping_status":"open","sticky":true,"template":"","format":"standard","meta":{"footnotes":""},"categories":[13],"tags":[],"class_list":["post-18480","post","type-post","status-publish","format-standard","has-post-thumbnail","hentry","category-gruppenliga-frankfurt-west"],"_links":{"self":[{"href":"https:\/\/insideamateurfussball-ffm.de\/index.php?rest_route=\/wp\/v2\/posts\/18480","targetHints":{"allow":["GET"]}}],"collection":[{"href":"https:\/\/insideamateurfussball-ffm.de\/index.php?rest_route=\/wp\/v2\/posts"}],"about":[{"href":"https:\/\/insideamateurfussball-ffm.de\/index.php?rest_route=\/wp\/v2\/types\/post"}],"author":[{"embeddable":true,"href":"https:\/\/insideamateurfussball-ffm.de\/index.php?rest_route=\/wp\/v2\/users\/3"}],"replies":[{"embeddable":true,"href":"https:\/\/insideamateurfussball-ffm.de\/index.php?rest_route=%2Fwp%2Fv2%2Fcomments&post=18480"}],"version-history":[{"count":2,"href":"https:\/\/insideamateurfussball-ffm.de\/index.php?rest_route=\/wp\/v2\/posts\/18480\/revisions"}],"predecessor-version":[{"id":18482,"href":"https:\/\/insideamateurfussball-ffm.de\/index.php?rest_route=\/wp\/v2\/posts\/18480\/revisions\/18482"}],"wp:featuredmedia":[{"embeddable":true,"href":"https:\/\/insideamateurfussball-ffm.de\/index.php?rest_route=\/wp\/v2\/media\/18067"}],"wp:attachment":[{"href":"https:\/\/insideamateurfussball-ffm.de\/index.php?rest_route=%2Fwp%2Fv2%2Fmedia&parent=18480"}],"wp:term":[{"taxonomy":"category","embeddable":true,"href":"https:\/\/insideamateurfussball-ffm.de\/index.php?rest_route=%2Fwp%2Fv2%2Fcategories&post=18480"},{"taxonomy":"post_tag","embeddable":true,"href":"https:\/\/insideamateurfussball-ffm.de\/index.php?rest_route=%2Fwp%2Fv2%2Ftags&post=18480"}],"curies":[{"name":"wp","href":"https:\/\/api.w.org\/{rel}","templated":true}]}}