{"id":18469,"date":"2024-04-29T14:12:25","date_gmt":"2024-04-29T12:12:25","guid":{"rendered":"https:\/\/insideamateurfussball-ffm.de\/?p=18469"},"modified":"2024-04-29T14:12:25","modified_gmt":"2024-04-29T12:12:25","slug":"seckbach-schlaegt-auch-oberrad","status":"publish","type":"post","link":"https:\/\/insideamateurfussball-ffm.de\/?p=18469","title":{"rendered":"Seckbach schl\u00e4gt auch Oberrad"},"content":{"rendered":"<h4>Die FG Seckbach konnte ihren dritten Sieg in Folge feiern, im Stadtduell gegen die Spvgg. 05 Oberrad behielt man mit 5:2 die Oberhand und konnte drei weitere wichtige Punkte im Kampf gegen den Abstieg holen.<\/h4>\n<figure id=\"attachment_15242\" aria-describedby=\"caption-attachment-15242\" style=\"width: 1024px\" class=\"wp-caption alignnone\"><img loading=\"lazy\" decoding=\"async\" class=\"wp-image-15242 size-full\" src=\"http:\/\/insideamateurfussball-ffm.de\/wp-content\/uploads\/2023\/11\/seckbachbeienheim01.jpg\" alt=\"\" width=\"1024\" height=\"768\" srcset=\"https:\/\/insideamateurfussball-ffm.de\/wp-content\/uploads\/2023\/11\/seckbachbeienheim01.jpg 1024w, https:\/\/insideamateurfussball-ffm.de\/wp-content\/uploads\/2023\/11\/seckbachbeienheim01-300x225.jpg 300w, https:\/\/insideamateurfussball-ffm.de\/wp-content\/uploads\/2023\/11\/seckbachbeienheim01-768x576.jpg 768w\" sizes=\"auto, (max-width: 1024px) 100vw, 1024px\" \/><figcaption id=\"caption-attachment-15242\" class=\"wp-caption-text\">Wie hier nach dem Sieg gegen Beienheim konnte die FG Seckbach auch nach dem Sie gegen die Spvgg. Oberrad jubeln. Foto: Archiv Seckbach<\/figcaption><\/figure>\n<h4>FG Seckbach &#8211; Spvgg. 05 Oberrad 5:2 (1:0)<\/h4>\n<p><img loading=\"lazy\" decoding=\"async\" class=\"alignnone size-full wp-image-544\" src=\"http:\/\/insideamateurfussball-ffm.de\/wp-content\/uploads\/2022\/06\/Seckbach.jpg\" alt=\"\" width=\"80\" height=\"80\" \/><img loading=\"lazy\" decoding=\"async\" class=\"alignnone size-full wp-image-137\" src=\"http:\/\/insideamateurfussball-ffm.de\/wp-content\/uploads\/2022\/05\/Oberrad05.jpg\" alt=\"\" width=\"79\" height=\"80\" \/><\/p>\n<p>Nach zwei Siegen in Folge gegen Gronau und K\u00f6nigstein folgte im Stadtduell gegen die Spvgg. Oberrad ein weiterer wichtiger Dreier, womit der Abstand zum Relegationsrang 13 auf 5 Punkte ausgebaut wurde. Oberrad dagegen konnte nach dem Sieg letzte Woche gegen Kalbach nicht \u00fcberzeugen. Die FG Seckbach begann nach Aussagen von Spielertrainer Manuel May die Partie wieder \u201esehr konzentriert\u201c und kn\u00fcpfte nahtlos an die Vorstellung in K\u00f6nigstein an. In der 2.Minute war es Benedict Linzenmeier, der fr\u00fch die F\u00fchrung f\u00fcr Seckbach erzielen konnte. Erstmals in diesem Jahr wurde auf dem Rasenplatz gespielt, was f\u00fcr beide Mannschaften etwas ungewohnt war.<\/p>\n<p>Nach den Aussagen von Oberrads Trainer Gabriel Bernstein hat seine Mannschaft \u201enicht ins Spiel gefunden und zu keinem Zeitpunkt Druck aufbauen k\u00f6nnen\u201c. \u00a0Das setzte sich auch in der zweiten Halbzeit fort, die deutlich ereignisreicher war. Milad Wardak war es vorbehalten, in der 55.Minute auf 2:0 zu erh\u00f6hen. Die Spvgg 05 Oberrad kam noch einmal ins Spiel zur\u00fcck, als Masse Bell Bell in der 71.Minute einen Foulelfmeter zum 1:2 verwandelte, doch postwendend erzielte erneut Milad Wardak das 3:1 (73.Minute). danach erhielt der Oberr\u00e4der Ali Wardak nach einem Zweikampf mit Florian Schuberth eine gelb-rote Karte, weil er bei einem Laufduell seinen Arm ausgestreckt hatte. Trainer Bernstein beschuldigte Schuberth dabei einer Unsportlichkeit, weil dieser aus seiner Sicht mehr aus der Sache gemacht hat als n\u00f6tig gewesen w\u00e4re. In Unterzahl kassierte Oberrad dann durch den 31.Saisontreffer von Florian Schuberth in der 82.Minute das 1:4, ehe Fabian Scholtes in der 85.Minute noch einmal auf 2:4 verk\u00fcrzen konnte. Den Schlusspunkt zum wichtigen Sieg f\u00fcr Seckbach setzte dann Luis Rodriguez Melendo mit dem Treffer zum 5:2.<\/p>\n<p>Trainer Bernstein zum Spiel: \u201eder Sieg geht in Ordnung, Gl\u00fcckwunsch an Seckbach. Seckbach hat sehr gut gespielt und h\u00e4tte auch h\u00f6her gewinnen k\u00f6nnen.\u201c Auch Manuel May sah einen \u201everdienten Sieg\u201c seiner Mannschaft: \u201ees war eine sehr konzentrierte und reife Leistung, wichtig sind jetzt die 5 Punkte Vorsprung auf K\u00f6nigstein, wir wollen beim T\u00fcrkischen SV m\u00f6glichst nachlegen.\u201c<\/p>\n<p>W\u00e4hrend die Seckbacher also am n\u00e4chsten Wochenende zum T\u00fcrkischen SV Bad Nauheim reisen, empf\u00e4ngt die Spvgg. Oberrad den SV BKC Bosnien\/Herzegowina.<\/p>\n<h4>Schiedsrichter: Wolfgang Geipel (TuS Nordenstadt). Zuschauer: 120.<\/h4>\n<h4>Tore: 1:0 Benedict Linzenmeier (23.), 2:0 Milad Wardak (55.), 2:1 Masse Bell Bell (71., Elfmeter), 3:1 Milad Wardak (73.), 4:1 Florian Schuberth (82.), 4:2 Fabian Scholtes (85.), 5:2 Luis Rodriguez Melendo (90.)<\/h4>\n","protected":false},"excerpt":{"rendered":"<p>Die FG Seckbach konnte ihren dritten Sieg in Folge feiern, im Stadtduell gegen die Spvgg. 05 Oberrad behielt man mit 5:2 die Oberhand und konnte drei weitere wichtige Punkte im Kampf gegen den Abstieg holen. FG Seckbach &#8211; Spvgg. 05 Oberrad 5:2 (1:0) Nach zwei Siegen in Folge gegen Gronau und K\u00f6nigstein folgte im Stadtduell [&hellip;]<\/p>\n","protected":false},"author":3,"featured_media":15242,"comment_status":"open","ping_status":"open","sticky":true,"template":"","format":"standard","meta":{"footnotes":""},"categories":[13],"tags":[],"class_list":["post-18469","post","type-post","status-publish","format-standard","has-post-thumbnail","hentry","category-gruppenliga-frankfurt-west"],"_links":{"self":[{"href":"https:\/\/insideamateurfussball-ffm.de\/index.php?rest_route=\/wp\/v2\/posts\/18469","targetHints":{"allow":["GET"]}}],"collection":[{"href":"https:\/\/insideamateurfussball-ffm.de\/index.php?rest_route=\/wp\/v2\/posts"}],"about":[{"href":"https:\/\/insideamateurfussball-ffm.de\/index.php?rest_route=\/wp\/v2\/types\/post"}],"author":[{"embeddable":true,"href":"https:\/\/insideamateurfussball-ffm.de\/index.php?rest_route=\/wp\/v2\/users\/3"}],"replies":[{"embeddable":true,"href":"https:\/\/insideamateurfussball-ffm.de\/index.php?rest_route=%2Fwp%2Fv2%2Fcomments&post=18469"}],"version-history":[{"count":2,"href":"https:\/\/insideamateurfussball-ffm.de\/index.php?rest_route=\/wp\/v2\/posts\/18469\/revisions"}],"predecessor-version":[{"id":18471,"href":"https:\/\/insideamateurfussball-ffm.de\/index.php?rest_route=\/wp\/v2\/posts\/18469\/revisions\/18471"}],"wp:featuredmedia":[{"embeddable":true,"href":"https:\/\/insideamateurfussball-ffm.de\/index.php?rest_route=\/wp\/v2\/media\/15242"}],"wp:attachment":[{"href":"https:\/\/insideamateurfussball-ffm.de\/index.php?rest_route=%2Fwp%2Fv2%2Fmedia&parent=18469"}],"wp:term":[{"taxonomy":"category","embeddable":true,"href":"https:\/\/insideamateurfussball-ffm.de\/index.php?rest_route=%2Fwp%2Fv2%2Fcategories&post=18469"},{"taxonomy":"post_tag","embeddable":true,"href":"https:\/\/insideamateurfussball-ffm.de\/index.php?rest_route=%2Fwp%2Fv2%2Ftags&post=18469"}],"curies":[{"name":"wp","href":"https:\/\/api.w.org\/{rel}","templated":true}]}}