{"id":18465,"date":"2024-04-29T13:40:42","date_gmt":"2024-04-29T11:40:42","guid":{"rendered":"https:\/\/insideamateurfussball-ffm.de\/?p=18465"},"modified":"2024-04-29T16:15:59","modified_gmt":"2024-04-29T14:15:59","slug":"kalbach-bleibt-im-aufstiegsrennen","status":"publish","type":"post","link":"https:\/\/insideamateurfussball-ffm.de\/?p=18465","title":{"rendered":"Kalbach bleibt im Aufstiegsrennen"},"content":{"rendered":"<h4>Nach der Niederlage in Oberrad kehrte der FC Kalbach in die Erfolgsspur zur\u00fcck. Nach dem 3:0 gegen den T\u00fcrkischen SV Bad Nauheim bleiben die Frankfurter mit 4 Punkten R\u00fcckstand auf Platz 1 und 2 im Aufstiegsrennen aussichtsreich.<\/h4>\n<figure id=\"attachment_17550\" aria-describedby=\"caption-attachment-17550\" style=\"width: 2016px\" class=\"wp-caption alignnone\"><img loading=\"lazy\" decoding=\"async\" class=\"wp-image-17550 size-full\" src=\"http:\/\/insideamateurfussball-ffm.de\/wp-content\/uploads\/2024\/03\/kalbachfechenheim15.jpg\" alt=\"\" width=\"2016\" height=\"1512\" srcset=\"https:\/\/insideamateurfussball-ffm.de\/wp-content\/uploads\/2024\/03\/kalbachfechenheim15.jpg 2016w, https:\/\/insideamateurfussball-ffm.de\/wp-content\/uploads\/2024\/03\/kalbachfechenheim15-300x225.jpg 300w\" sizes=\"auto, (max-width: 2016px) 100vw, 2016px\" \/><figcaption id=\"caption-attachment-17550\" class=\"wp-caption-text\">Kalbachs Kapit\u00e4n Oliver Pauls (hier vor dem Spiel gegen Fechenheim) erzielte nach einer einstudierten Eckball-Variante das wichtige 1.0. Foto: Archiv MZ<\/figcaption><\/figure>\n<h4>FC Kalbach &#8211; T\u00fcrk. SV Bad Nauheim 3:0 (1:0)<\/h4>\n<p><img loading=\"lazy\" decoding=\"async\" class=\"alignnone size-full wp-image-16\" src=\"http:\/\/insideamateurfussball-ffm.de\/wp-content\/uploads\/2021\/11\/kalbach-wappen.jpg\" alt=\"\" width=\"80\" height=\"80\" \/><img loading=\"lazy\" decoding=\"async\" class=\"alignnone  wp-image-15227\" src=\"http:\/\/insideamateurfussball-ffm.de\/wp-content\/uploads\/2023\/11\/logo-tuerkischersv.jpeg\" alt=\"\" width=\"71\" height=\"80\" \/><\/p>\n<p>Die Niederlage letzte Woche in Oberrad war nicht eingeplant und war nach den Worten von Kalbachs Co-Trainer Lukas H\u00f6ll \u201eschmerzhaft\u201c, um an der Tabellenspitze dranzubleiben musste gegen den T\u00fcrkischen SV Bad Nauheim, mittlerweile mit 4 Punkten R\u00fcckstand auf Platz 7 liegend, unbedingt ein Sieg her. Es wurde von Anfang an ein intensives Spiel mit vereinzelten Torchancen, Co-trainer H\u00f6ll sah dann, dass \u00a0seine Mannschaft \u201emit zunehmender Spieldauer das Spiel unter Kontrolle bekam\u201c. Und nach einer einstudierten Eckball-Variante erzielte Oliver Pauls bereits in der 11.Minute die F\u00fchrung f\u00fcr die Gastgeber. Trotz einiger Chancen auf beiden Seiten blieb es dabei bis zur Halbzeitpause.<\/p>\n<p>Die Kalbacher Mannschaft wollte in der zweiten Halbzeit so weitermachen und Fabio Pinta da Silva erzielte schon in der 53.Minute das 2:0, direkt danach schw\u00e4chten sich die G\u00e4ste selbst, Johannes Tatchouop erhielt wegen Meckerns die gelb-rote Karte. Die \u00dcberzahl nutzte dann Torj\u00e4ger Achraf Gara Ali aus, der in der 64.Minute mit seinem 42.Saisontor das 3:0 erzielte. Der T\u00fcrkische Sv Bad Nauheim stemmte sich in Unterzahl noch einmal gegen die Niederlage, doch au\u00dfer einer Gro\u00dfchance, bei der Kalbachs Torh\u00fcter Fabian Lanthaler den Ball an die Latte lenken konnte, gelang ihnen nichts mehr und es blieb beim 3.0. Lukas H\u00f6ll: \u201eder Sieg geht in Ordnung.\u201c Zum Aufstiegsrennen sagte er: \u201ewir bleiben jetzt erst einmal oben dran, m\u00fcssen aber erst unsere eigenen Spiele absolvieren, bevor wir auf die Ergebnisse der anderen Mannschaften schauen k\u00f6nnen.\u201c Der Abstand von 4 Punkten nach oben bleibt, allerdings jetzt auf beide Mannschaften aus Beienheim und Neu-Anspach.<\/p>\n<p>N\u00e4chste Woche ist Kalbach zu Gast bei der SG Ober-Erlenbach, die sich noch im Abstiegskampf befindet und sicher alles versuchen wird, den Favoriten aus Frankfurt zu bezwingen. Vorher steht allerdings noch das Halbfinale im Kreispokal an, am Mittwoch reisen die Kalbacher zum Kreisoberligisten FC Kosova, der wie letztes Jahr das Halbfinale erreicht hat.<\/p>\n<h4>Schiedsrichter: Christian Vogel (TuS Kernel). Zuschauer: 150.<\/h4>\n<h4>Tore: 1:0 Oliver Pauls (11.), 2:0 Fabio Pinto da Silva (53.), 3:0 Achraf Gara Ali (64.)<\/h4>\n","protected":false},"excerpt":{"rendered":"<p>Nach der Niederlage in Oberrad kehrte der FC Kalbach in die Erfolgsspur zur\u00fcck. Nach dem 3:0 gegen den T\u00fcrkischen SV Bad Nauheim bleiben die Frankfurter mit 4 Punkten R\u00fcckstand auf Platz 1 und 2 im Aufstiegsrennen aussichtsreich. FC Kalbach &#8211; T\u00fcrk. SV Bad Nauheim 3:0 (1:0) Die Niederlage letzte Woche in Oberrad war nicht eingeplant [&hellip;]<\/p>\n","protected":false},"author":3,"featured_media":17550,"comment_status":"open","ping_status":"open","sticky":true,"template":"","format":"standard","meta":{"footnotes":""},"categories":[13],"tags":[],"class_list":["post-18465","post","type-post","status-publish","format-standard","has-post-thumbnail","hentry","category-gruppenliga-frankfurt-west"],"_links":{"self":[{"href":"https:\/\/insideamateurfussball-ffm.de\/index.php?rest_route=\/wp\/v2\/posts\/18465","targetHints":{"allow":["GET"]}}],"collection":[{"href":"https:\/\/insideamateurfussball-ffm.de\/index.php?rest_route=\/wp\/v2\/posts"}],"about":[{"href":"https:\/\/insideamateurfussball-ffm.de\/index.php?rest_route=\/wp\/v2\/types\/post"}],"author":[{"embeddable":true,"href":"https:\/\/insideamateurfussball-ffm.de\/index.php?rest_route=\/wp\/v2\/users\/3"}],"replies":[{"embeddable":true,"href":"https:\/\/insideamateurfussball-ffm.de\/index.php?rest_route=%2Fwp%2Fv2%2Fcomments&post=18465"}],"version-history":[{"count":5,"href":"https:\/\/insideamateurfussball-ffm.de\/index.php?rest_route=\/wp\/v2\/posts\/18465\/revisions"}],"predecessor-version":[{"id":18475,"href":"https:\/\/insideamateurfussball-ffm.de\/index.php?rest_route=\/wp\/v2\/posts\/18465\/revisions\/18475"}],"wp:featuredmedia":[{"embeddable":true,"href":"https:\/\/insideamateurfussball-ffm.de\/index.php?rest_route=\/wp\/v2\/media\/17550"}],"wp:attachment":[{"href":"https:\/\/insideamateurfussball-ffm.de\/index.php?rest_route=%2Fwp%2Fv2%2Fmedia&parent=18465"}],"wp:term":[{"taxonomy":"category","embeddable":true,"href":"https:\/\/insideamateurfussball-ffm.de\/index.php?rest_route=%2Fwp%2Fv2%2Fcategories&post=18465"},{"taxonomy":"post_tag","embeddable":true,"href":"https:\/\/insideamateurfussball-ffm.de\/index.php?rest_route=%2Fwp%2Fv2%2Ftags&post=18465"}],"curies":[{"name":"wp","href":"https:\/\/api.w.org\/{rel}","templated":true}]}}