{"id":18462,"date":"2024-04-29T12:32:28","date_gmt":"2024-04-29T10:32:28","guid":{"rendered":"https:\/\/insideamateurfussball-ffm.de\/?p=18462"},"modified":"2024-04-29T12:32:28","modified_gmt":"2024-04-29T10:32:28","slug":"4-rote-karten-fuer-tempo-in-beienheim","status":"publish","type":"post","link":"https:\/\/insideamateurfussball-ffm.de\/?p=18462","title":{"rendered":"4 rote Karten f\u00fcr Tempo in Beienheim"},"content":{"rendered":"<h4>Der FC Tempo verlor durch ein Tor in der 90.Minute mit 1:2 beimneuen Tabellenf\u00fchrer SKV Beienheim, f\u00fchlte sich vom Schiedsrichter aufgrund der 4 roten Karten gegen die Frankfurter aber benachteiligt.<\/h4>\n<figure id=\"attachment_11423\" aria-describedby=\"caption-attachment-11423\" style=\"width: 1299px\" class=\"wp-caption alignnone\"><img loading=\"lazy\" decoding=\"async\" class=\"wp-image-11423 size-full\" src=\"http:\/\/insideamateurfussball-ffm.de\/wp-content\/uploads\/2023\/08\/bosn4.jpg\" alt=\"\" width=\"1299\" height=\"822\" srcset=\"https:\/\/insideamateurfussball-ffm.de\/wp-content\/uploads\/2023\/08\/bosn4.jpg 1299w, https:\/\/insideamateurfussball-ffm.de\/wp-content\/uploads\/2023\/08\/bosn4-300x190.jpg 300w, https:\/\/insideamateurfussball-ffm.de\/wp-content\/uploads\/2023\/08\/bosn4-1024x648.jpg 1024w, https:\/\/insideamateurfussball-ffm.de\/wp-content\/uploads\/2023\/08\/bosn4-768x486.jpg 768w\" sizes=\"auto, (max-width: 1299px) 100vw, 1299px\" \/><figcaption id=\"caption-attachment-11423\" class=\"wp-caption-text\">Die Mannschaft des SKV Beienheim (hier bei einem Spiel der Hinrunde) konnte am Ende gl\u00fccklich 2:1 gegen den FC Tempo siegen. Foto: Archiv Mithat G\u00fcrser<\/figcaption><\/figure>\n<h4>SKV Beienheim &#8211; FC Tempo 2:1 (0:0)<\/h4>\n<p><img loading=\"lazy\" decoding=\"async\" class=\"alignnone size-full wp-image-545\" src=\"http:\/\/insideamateurfussball-ffm.de\/wp-content\/uploads\/2022\/06\/SKV-Beienh.jpg\" alt=\"\" width=\"79\" height=\"80\" \/><img loading=\"lazy\" decoding=\"async\" class=\"alignnone size-full wp-image-31\" src=\"http:\/\/insideamateurfussball-ffm.de\/wp-content\/uploads\/2021\/11\/Tempo.jpg\" alt=\"\" width=\"80\" height=\"80\" \/><\/p>\n<p>Der FC Tempo musste zum Tabellenzweiten aus Beienheim und wollte dort m\u00f6glichst weitere Punkte im Kampf gegen den Relegationsplatz holen, Am Ende aber standen sie mit leeren H\u00e4nden da und mit Personalsorgen f\u00fcr das n\u00e4chste Spiel. Nach den Worten ihres Sportlichen Leiters Zoran Marcetic war der FC Tempo \u201e\u00fcber 90 Minuten die bessere Mannschaft\u201c und lie\u00df \u201enur eine Chance des Gegners\u201c zu.<\/p>\n<p>In der ersten Halbzeit passierte nicht allzu viel auf dem Platz in Beienheim, der FC Tempo hielt den favorisierten Gastgeber von seinem eigenen Tor fern. In der zweiten Halbzeit ging der Au\u00dfenseiter aus Frankfurt dann sogar in F\u00fchrung, Filip Susic erzielte in der 48.Minute das 1:0 f\u00fcr die G\u00e4ste. Beienheim wurde dann st\u00e4rker und versuchte, das Spiel zu drehen, in der 77.Minute erhielten sie vom Schiedsrichter einen Handelfmeter zugesprochen, den Goalgetter Steffen M\u00fcnk mit seinem 25.Saisontor zum 1:1 verwandelte. In der 90.Minute kam dann die Entscheidung, nachdem Milos Cvetkovic seine zweite gelbe Karte bekam und mit gelb-rot vom Platz musste, verwandelte Cristian-Vasile Bodea den Freisto\u00df mit einem abgef\u00e4lschten Schuss zum 2:1, danach eskalierte das Spiel. Der Schiedsrichter, der vorher schon 5 gelbe Karten f\u00fcr den FC Tempo und eine gegen Beienheim gezeigt hatte, z\u00fcckte in der Nachspielzeit, die aufgrund zahlreicher Diskussionen \u00fcber 10 Minuten dauerte, noch drei rote Karten f\u00fcr die Frankfurter, die sich benachteiligt f\u00fchlten.<\/p>\n<p>Erst erhielt Dejan Matejivic den roten Karten (90.+4), dann gab es nach einer Unterbrechung mit vielen Diskussionen noch rot f\u00fcr den Torh\u00fcter Dalibor Mikuljevic wegen T\u00e4tlichkeit (90.+8) und f\u00fcr den Ersatztorh\u00fcter Andrija Mandic wegen Beleidigung, f\u00fcr die letzte Minute musste dann Feldspieler Tomislav Stekovic ins Tor. Marcetic: \u201edie Entscheidung des Schiedsrichters zum Freisto\u00df, der zum Siegtor f\u00fchrte, war eine 50:50-Entscheidung, danach ist alles eskaliert und bei den Spielern sind die Sicherungen durchgedreht\u201c.<\/p>\n<p>Der FC Tempo verlor damit nicht nur dieses Spiel, sondern auch 4 Spieler, steht nach diesem Spieltag auf Platz 11 mit 5 Punkten Vorsprung vor dem Relegationsplatz, den derzeit der 1.FC-TSG K\u00f6nigstein belegt, gegen den der FC Tempo ein ausgeglichenes direktes Duell, aber ein um 19 Tore besseres Torverh\u00e4ltnis hat. Am n\u00e4chsten Samstag empfangen die Frankfurter dann mit einer arg dezimierten Mannschaft den FSV Friedrichsdorf.<\/p>\n<h4>Schiedsrichter: Luca Perna (FC Dietzenbach). Zuschauer: 100.<\/h4>\n<h4>Tore: 0:1 Filip Susic (48.), 1:1 Steffen M\u00fcnk (77., Elfmeter), 2:1 Cristian-Vasile Bodea (90.)<\/h4>\n","protected":false},"excerpt":{"rendered":"<p>Der FC Tempo verlor durch ein Tor in der 90.Minute mit 1:2 beimneuen Tabellenf\u00fchrer SKV Beienheim, f\u00fchlte sich vom Schiedsrichter aufgrund der 4 roten Karten gegen die Frankfurter aber benachteiligt. SKV Beienheim &#8211; FC Tempo 2:1 (0:0) Der FC Tempo musste zum Tabellenzweiten aus Beienheim und wollte dort m\u00f6glichst weitere Punkte im Kampf gegen den [&hellip;]<\/p>\n","protected":false},"author":3,"featured_media":11423,"comment_status":"open","ping_status":"open","sticky":true,"template":"","format":"standard","meta":{"footnotes":""},"categories":[13],"tags":[],"class_list":["post-18462","post","type-post","status-publish","format-standard","has-post-thumbnail","hentry","category-gruppenliga-frankfurt-west"],"_links":{"self":[{"href":"https:\/\/insideamateurfussball-ffm.de\/index.php?rest_route=\/wp\/v2\/posts\/18462","targetHints":{"allow":["GET"]}}],"collection":[{"href":"https:\/\/insideamateurfussball-ffm.de\/index.php?rest_route=\/wp\/v2\/posts"}],"about":[{"href":"https:\/\/insideamateurfussball-ffm.de\/index.php?rest_route=\/wp\/v2\/types\/post"}],"author":[{"embeddable":true,"href":"https:\/\/insideamateurfussball-ffm.de\/index.php?rest_route=\/wp\/v2\/users\/3"}],"replies":[{"embeddable":true,"href":"https:\/\/insideamateurfussball-ffm.de\/index.php?rest_route=%2Fwp%2Fv2%2Fcomments&post=18462"}],"version-history":[{"count":2,"href":"https:\/\/insideamateurfussball-ffm.de\/index.php?rest_route=\/wp\/v2\/posts\/18462\/revisions"}],"predecessor-version":[{"id":18464,"href":"https:\/\/insideamateurfussball-ffm.de\/index.php?rest_route=\/wp\/v2\/posts\/18462\/revisions\/18464"}],"wp:featuredmedia":[{"embeddable":true,"href":"https:\/\/insideamateurfussball-ffm.de\/index.php?rest_route=\/wp\/v2\/media\/11423"}],"wp:attachment":[{"href":"https:\/\/insideamateurfussball-ffm.de\/index.php?rest_route=%2Fwp%2Fv2%2Fmedia&parent=18462"}],"wp:term":[{"taxonomy":"category","embeddable":true,"href":"https:\/\/insideamateurfussball-ffm.de\/index.php?rest_route=%2Fwp%2Fv2%2Fcategories&post=18462"},{"taxonomy":"post_tag","embeddable":true,"href":"https:\/\/insideamateurfussball-ffm.de\/index.php?rest_route=%2Fwp%2Fv2%2Ftags&post=18462"}],"curies":[{"name":"wp","href":"https:\/\/api.w.org\/{rel}","templated":true}]}}