{"id":18379,"date":"2024-04-23T17:16:21","date_gmt":"2024-04-23T15:16:21","guid":{"rendered":"https:\/\/insideamateurfussball-ffm.de\/?p=18379"},"modified":"2024-04-23T17:16:21","modified_gmt":"2024-04-23T15:16:21","slug":"westend-verlaesst-nach-43-die-abstiegszone","status":"publish","type":"post","link":"https:\/\/insideamateurfussball-ffm.de\/?p=18379","title":{"rendered":"Westend verl\u00e4sst nach 4:3 die Abstiegszone"},"content":{"rendered":"<h5><span style=\"font-size: 16px;\">Die SG Westend konnte mit dem dritten Sieg in Folge den Bereich der abstiegsrelevanten Pl\u00e4tze verlassen. Durch das 4:3 (1:1) gegen den Tabellendritten FC Croatia landete der ehemalige Gruppenligist den achten Saisonsieg und sprang auf den rettenden 15. Platz. Bei den G\u00e4sten, die nun keine Chance mehr auf Rang zwei haben, begann der neue Trainer Karlo Luketic seine Amtszeit mit einer Niederlage, der achten Croatias in dieser Saison.\u00a0<\/span><\/h5>\n<figure id=\"attachment_18380\" aria-describedby=\"caption-attachment-18380\" style=\"width: 653px\" class=\"wp-caption alignleft\"><img loading=\"lazy\" decoding=\"async\" class=\"wp-image-18380\" src=\"http:\/\/insideamateurfussball-ffm.de\/wp-content\/uploads\/2024\/04\/west2-6-1024x709.jpg\" alt=\"\" width=\"653\" height=\"452\" srcset=\"https:\/\/insideamateurfussball-ffm.de\/wp-content\/uploads\/2024\/04\/west2-6-1024x709.jpg 1024w, https:\/\/insideamateurfussball-ffm.de\/wp-content\/uploads\/2024\/04\/west2-6-300x208.jpg 300w, https:\/\/insideamateurfussball-ffm.de\/wp-content\/uploads\/2024\/04\/west2-6-768x532.jpg 768w, https:\/\/insideamateurfussball-ffm.de\/wp-content\/uploads\/2024\/04\/west2-6.jpg 1063w\" sizes=\"auto, (max-width: 653px) 100vw, 653px\" \/><figcaption id=\"caption-attachment-18380\" class=\"wp-caption-text\">Daniel Tesfaldet hat mit der SG Westend wieder gute Karten auf den Klassenerhalt. Foto: Archiv Mithat G\u00fcrser.\u00a0\u00a0<\/figcaption><\/figure>\n<h5><span style=\"font-size: 16px;\">SG Westend &#8211; FC Croatia 4:3 (1:1)<\/span><\/h5>\n<p><img loading=\"lazy\" decoding=\"async\" class=\"alignnone size-full wp-image-611\" src=\"http:\/\/insideamateurfussball-ffm.de\/wp-content\/uploads\/2022\/06\/Westend.png\" alt=\"\" width=\"69\" height=\"80\" \/><img loading=\"lazy\" decoding=\"async\" class=\"alignnone size-full wp-image-29\" src=\"http:\/\/insideamateurfussball-ffm.de\/wp-content\/uploads\/2021\/11\/croatia.jpg\" alt=\"\" width=\"63\" height=\"80\" \/><\/p>\n<p><span style=\"font-size: 16px;\">Im Hinspiel war Westend gegen den seinerzeitigen Tabellenf\u00fchrer nicht angetreten, im R\u00fcckspiel mussten bedingungslos drei Punkte her, da das Team von Trainer Vait Arslanoski n\u00e4chsten Sonntag spielfrei ist und danach nur noch drei Saisonspiele anstehen, um den Abstieg in die Kreisliga A noch abwenden zu k\u00f6nnen. <\/span><\/p>\n<p><span style=\"font-size: 16px;\">\u00dcberschattet wurde die Partie jedoch von einem medizinischen Notfall, da ein Zuschauer kollabierte und mit dem Rettungshubschrauber ins Krankenhaus gebracht wurde und dieses mittlerweile wieder verlassen\u00a0 Zum Zeitpunkt der Unterbrechung hatten die Gastgeber bereits durch einen Foulelfmeter von Kapit\u00e4n Mirsen Mehmedovic mit 1:0 gef\u00fchrt (11.). &#8222;Wir haben das Spiel sehr gut angefangen und komplett dominiert und sind durch den Elfmeter verdient in F\u00fchrung gegangen&#8220;, sagte Pr\u00e4sident Esad Golos.<\/span><\/p>\n<ul>\n<li><strong><span style=\"font-size: 16px;\">Westend warf alles nach vorne und wurde mit dem 4:3 belohnt<\/span><\/strong><\/li>\n<\/ul>\n<p><span style=\"font-size: 16px;\">Nach der Unterbrechung von 20 Minuten ging es weiter und die G\u00e4ste kamen nach einem Konter, den Ante Strljic abschloss, zum Ausgleich (40.). Nach dem Seitenwechsel traf erneut Strljic f\u00fcr die G\u00e4ste (60.), der wieder einen Konter verwertete. Zuvor hatten die Gastgeber einige klare Torchancen vergeben. Sadat Izberovic gelang dann der Ausgleich (67.), jedoch brachte der eingewechselte Tomislav Zovko die G\u00e4ste wieder nach vorne (77.). Westend warf nun alles nach vorne, Alen Tahirovic traf mit einem strammen Schuss zum 3:3 (80.). Und kurz danach markierte Zakaria Akaouch den Siegtreffer (82.) und belohnte Westend laut Golos f\u00fcr das &#8222;sehr gute Spiel. Im gro\u00dfen und ganzen waren wir \u00fcber die volle Spieldistanz die bessere und bestimmendere Mannschaft. Wir haben noch f\u00fcnf, sechs hundertprozentige Chancen liegen lassen. Die Mannschaft ist gelaufen und hat Charakter gezeigt und die R\u00fcckschl\u00e4ge weggesteckt. F\u00fcr unsere gute Arbeit sind wir mit dem 4:3-Sieg gegen eine starke Croatia belohnt worden.&#8220; <\/span><\/p>\n<p><span style=\"font-size: 16px;\">Auch Trainer Vait Arslanoski war zufrieden: &#8222;Die Jungs haben gro\u00dfe Moral gezeigt und waren klar die bessere Mannschaft. Der Schiedsrichter war etwas kleinlich und hat uns einen hundertprozentigen Elfmeter nicht gegeben. Alen Tahirovic war mit Abstand der beste Spieler, ihm konnte Fanuel Kaleab den R\u00fccken frei halten. Stanislav Konta, der Sportliche Leiter der Croatia, sagte: &#8222;Das war ein schwieriges Spiel auf dem Rasenplatz, aber die Jungs haben alles gegeben und die Niederlage war ungl\u00fccklich, da wir beim Stande von 2:3 einen Konter besser ausspielen m\u00fcssen und dann zwei Minuten sp\u00e4ter ein Tor kassieren, der durch Abseitsstellung fiel. In allem war das Spiel von unserer Seite gut.&#8220; Croatia erwartet am kommenden Sonntag die noch abstiegsbedrohte Concordia Eschersheim (15 Uhr), Westend ist spielfrei.\u00a0 \u00a0<\/span><\/p>\n<ul>\n<li><span style=\"font-size: 16px;\"><strong><span style=\"font-size: 16px;\">Schiedsrichter: Baghdad Chikar (SV Fl\u00f6rsheim). Zuschauer: 80. <\/span><\/strong><\/span><\/li>\n<li><span style=\"font-size: 16px;\"><strong>Tore: 1:0 Mirsen Mehmedovic (11.\/Foulelfmeter), 1:1, 1:2 Ante Strljic (40.\/60.), 2:2 Sadat Izberovic (67.), 2:3 Tomislav Zovko (77.), 3:3 Alen Tahirovic (80.), 4:3 Zakaria Akaouch (82.). <\/strong>\u00a0<\/span><\/li>\n<\/ul>\n","protected":false},"excerpt":{"rendered":"<p>Die SG Westend konnte mit dem dritten Sieg in Folge den Bereich der abstiegsrelevanten Pl\u00e4tze verlassen. Durch das 4:3 (1:1) gegen den Tabellendritten FC Croatia landete der ehemalige Gruppenligist den achten Saisonsieg und sprang auf den rettenden 15. Platz. Bei den G\u00e4sten, die nun keine Chance mehr auf Rang zwei haben, begann der neue Trainer [&hellip;]<\/p>\n","protected":false},"author":1,"featured_media":18380,"comment_status":"open","ping_status":"open","sticky":true,"template":"","format":"standard","meta":{"footnotes":""},"categories":[2],"tags":[],"class_list":["post-18379","post","type-post","status-publish","format-standard","has-post-thumbnail","hentry","category-kreisoberliga-frankfurt"],"_links":{"self":[{"href":"https:\/\/insideamateurfussball-ffm.de\/index.php?rest_route=\/wp\/v2\/posts\/18379","targetHints":{"allow":["GET"]}}],"collection":[{"href":"https:\/\/insideamateurfussball-ffm.de\/index.php?rest_route=\/wp\/v2\/posts"}],"about":[{"href":"https:\/\/insideamateurfussball-ffm.de\/index.php?rest_route=\/wp\/v2\/types\/post"}],"author":[{"embeddable":true,"href":"https:\/\/insideamateurfussball-ffm.de\/index.php?rest_route=\/wp\/v2\/users\/1"}],"replies":[{"embeddable":true,"href":"https:\/\/insideamateurfussball-ffm.de\/index.php?rest_route=%2Fwp%2Fv2%2Fcomments&post=18379"}],"version-history":[{"count":1,"href":"https:\/\/insideamateurfussball-ffm.de\/index.php?rest_route=\/wp\/v2\/posts\/18379\/revisions"}],"predecessor-version":[{"id":18381,"href":"https:\/\/insideamateurfussball-ffm.de\/index.php?rest_route=\/wp\/v2\/posts\/18379\/revisions\/18381"}],"wp:featuredmedia":[{"embeddable":true,"href":"https:\/\/insideamateurfussball-ffm.de\/index.php?rest_route=\/wp\/v2\/media\/18380"}],"wp:attachment":[{"href":"https:\/\/insideamateurfussball-ffm.de\/index.php?rest_route=%2Fwp%2Fv2%2Fmedia&parent=18379"}],"wp:term":[{"taxonomy":"category","embeddable":true,"href":"https:\/\/insideamateurfussball-ffm.de\/index.php?rest_route=%2Fwp%2Fv2%2Fcategories&post=18379"},{"taxonomy":"post_tag","embeddable":true,"href":"https:\/\/insideamateurfussball-ffm.de\/index.php?rest_route=%2Fwp%2Fv2%2Ftags&post=18379"}],"curies":[{"name":"wp","href":"https:\/\/api.w.org\/{rel}","templated":true}]}}