{"id":18373,"date":"2024-04-22T22:10:57","date_gmt":"2024-04-22T20:10:57","guid":{"rendered":"https:\/\/insideamateurfussball-ffm.de\/?p=18373"},"modified":"2024-04-22T22:10:57","modified_gmt":"2024-04-22T20:10:57","slug":"germania-94-erster-sieg-seit-18-februar","status":"publish","type":"post","link":"https:\/\/insideamateurfussball-ffm.de\/?p=18373","title":{"rendered":"Germania 94: Erster Sieg seit 18. Februar"},"content":{"rendered":"<h5><span style=\"font-size: 16px;\">Nach sechs Spielen ohne Sieg fand der VfL Germania 94 wieder in die Erfolgsspur und gewann bei der abstiegsbedrohten SG Bornheim\/Gr\u00fcn-Wei\u00df II mit 2:1. W\u00e4hrend der Zug Richtung Aufstieg f\u00fcr den starken Aufsteiger schon abgefahren ist, haben die Bornheimer im Kampf um den Klassenerhalt nur noch einen Punkt Vorsprung auf die Abstiegsrelegation und drei auf den Abstiegsplatz.\u00a0<\/span><\/h5>\n<figure id=\"attachment_18374\" aria-describedby=\"caption-attachment-18374\" style=\"width: 150px\" class=\"wp-caption alignleft\"><img loading=\"lazy\" decoding=\"async\" class=\"wp-image-18374 size-thumbnail\" src=\"http:\/\/insideamateurfussball-ffm.de\/wp-content\/uploads\/2024\/04\/DSC_8624-1-150x150.jpg\" alt=\"\" width=\"150\" height=\"150\" \/><figcaption id=\"caption-attachment-18374\" class=\"wp-caption-text\">Germania 94-Kapit\u00e4n Sunny Sallan. Foto: Archiv J\u00f6rg Schulz.\u00a0\u00a0<\/figcaption><\/figure>\n<h5><span style=\"font-size: 16px;\">SG Bornheim\/Gr\u00fcn-Wei\u00df II &#8211; VfL Germania 94 1:2 (1:0)<\/span><\/h5>\n<p><img loading=\"lazy\" decoding=\"async\" class=\"alignnone size-full wp-image-119\" src=\"http:\/\/insideamateurfussball-ffm.de\/wp-content\/uploads\/2022\/05\/Bornheim.jpg\" alt=\"\" width=\"80\" height=\"80\" \/><img loading=\"lazy\" decoding=\"async\" class=\"alignnone size-full wp-image-11577\" src=\"http:\/\/insideamateurfussball-ffm.de\/wp-content\/uploads\/2023\/08\/Germania-94.jpg\" alt=\"\" width=\"80\" height=\"80\" \/><\/p>\n<p><span style=\"font-size: 16px;\">&#8222;Jetzt wirds eng, es ist f\u00fcnf vor zw\u00f6lf, was die Tabellensituation angeht&#8220;, lautete der Einstiegskommentar von Mario Koch aus dem &#8222;Bernemer&#8220; Trainerteam, der ohne seinen im Urlaub weilenden Mitstreiter Lucas Milbredt coachte. &#8222;Wir m\u00fcssen in den letzten vier Spielen viel kaltsch\u00e4uziger auf dem Platz sein, vor allem \u00fcber die kompletten 90 Minuten&#8220;, sagte Koch nach der zw\u00f6lften Saisonniederlage. Damit haben die Bornheimer deutlich weniger oft verloren als die Konkurrenten im Abstiegskampf, kein Team in der Liga spielte aber so oft unentschieden wie die SGB II: zehnmal. <\/span><\/p>\n<p><span style=\"font-size: 16px;\">Zun\u00e4chst hatten die Gastgeber durch den St\u00fcrmer Christian Leutbecher zur Pause gef\u00fchrt (11.). &#8222;Was aktuell Spiel f\u00fcr Spiel der Trend ist: Wir bekommen Lob wie gut die technische Qualit\u00e4t ist und wie gut wir den Ball laufen lassen k\u00f6nnen, aber stehen am Ende mit leeren H\u00e4nden da. Nach der F\u00fchrung h\u00e4tten wir nachlegen k\u00f6nnen, statt die Chancen in Massen liegen zu lassen&#8220;, kritisierte Koch. Denn nach dem Seitenwechsel nahmen sich die Hausherren eine dreimin\u00fctige Auszeit und lie\u00dfen zun\u00e4chst den Ausgleich der Germania mit Asmir Hajdarovics Kopfball (49.) zu, dann unterlief Julius von Kymmel ein Eigentor (52.) und Bornheim lief fortan diesem R\u00fcckstand hinterher.<\/span><\/p>\n<ul>\n<li><strong><span style=\"font-size: 16px;\">&#8222;Wir waren uns dann in der Kabine einig, dass wir auf so einem kleinen Platz auf Kurzpass umstellen mussten&#8220; (Germania-Trainer Hasan Basci)<\/span><\/strong><\/li>\n<\/ul>\n<p><span style=\"font-size: 16px;\">Trotz gen\u00fcgend Chancen zum Ausgleich reichte es nicht mehr um punkten zu k\u00f6nnen. &#8222;Nur wenn wir in Defensive und Offensive kaltschn\u00e4uziger werden, wird es reichen, um genug Mannschaften hinter uns zu lassen&#8220;, prophezeite Koch. G\u00e4stecoach Hasan Basci kommentierte den ersten Germania-Sieg seit dem 18. Februar so: &#8222;Nach ausgeglichener Anfangsphase sind wir nach elf Minuten in Folge eines Einwurfs in R\u00fcckstand geraten. Wir hatten die eine oder andere Gelegenheit, sind aber mit 0:1-R\u00fcckstand in die Kabine gegangen, da wir die erste Halbzeit es meistens mit langen B\u00e4llen versucht haben. Wir waren uns dann in der Kabine einig, dass wir auf so einem kleinen Platz auf Kurzpass umstellen mussten. Wir man es vom Ergebnis sehen kann, haben wir alles richtig gemacht, nach d\u00fcsteren Wochen haben wir endlich wieder gewonnen. Ich begl\u00fcckw\u00fcnsche die Mannschaft f\u00fcr den Sieg.&#8220; <\/span><\/p>\n<p><span style=\"font-size: 16px;\">Am n\u00e4chsten Sonntag muss Bornheim II zum Spitzenreiter TSKV T\u00fcrkg\u00fcc\u00fc (15 Uhr). Zeitgleich erwartet Germania 94 den Mitaufsteiger SV Griesheim Tarik.\u00a0 \u00a0<\/span><\/p>\n<ul>\n<li><span style=\"font-size: 16px;\"><strong>Schiedsrichter: Maurice Gotta (Germania Ober-Roden). Zuschauer: 50. <\/strong><\/span><\/li>\n<li><span style=\"font-size: 16px;\"><strong>Tore: 1:0 Christian Leutbecher (11.), 1:1 Asmir Hajdarovic (49.), 1.2 Julius von Kymmel (52.\/Eigentor). <\/strong>\u00a0<\/span><\/li>\n<\/ul>\n","protected":false},"excerpt":{"rendered":"<p>Nach sechs Spielen ohne Sieg fand der VfL Germania 94 wieder in die Erfolgsspur und gewann bei der abstiegsbedrohten SG Bornheim\/Gr\u00fcn-Wei\u00df II mit 2:1. W\u00e4hrend der Zug Richtung Aufstieg f\u00fcr den starken Aufsteiger schon abgefahren ist, haben die Bornheimer im Kampf um den Klassenerhalt nur noch einen Punkt Vorsprung auf die Abstiegsrelegation und drei auf [&hellip;]<\/p>\n","protected":false},"author":1,"featured_media":18374,"comment_status":"open","ping_status":"open","sticky":true,"template":"","format":"standard","meta":{"footnotes":""},"categories":[2],"tags":[],"class_list":["post-18373","post","type-post","status-publish","format-standard","has-post-thumbnail","hentry","category-kreisoberliga-frankfurt"],"_links":{"self":[{"href":"https:\/\/insideamateurfussball-ffm.de\/index.php?rest_route=\/wp\/v2\/posts\/18373","targetHints":{"allow":["GET"]}}],"collection":[{"href":"https:\/\/insideamateurfussball-ffm.de\/index.php?rest_route=\/wp\/v2\/posts"}],"about":[{"href":"https:\/\/insideamateurfussball-ffm.de\/index.php?rest_route=\/wp\/v2\/types\/post"}],"author":[{"embeddable":true,"href":"https:\/\/insideamateurfussball-ffm.de\/index.php?rest_route=\/wp\/v2\/users\/1"}],"replies":[{"embeddable":true,"href":"https:\/\/insideamateurfussball-ffm.de\/index.php?rest_route=%2Fwp%2Fv2%2Fcomments&post=18373"}],"version-history":[{"count":1,"href":"https:\/\/insideamateurfussball-ffm.de\/index.php?rest_route=\/wp\/v2\/posts\/18373\/revisions"}],"predecessor-version":[{"id":18375,"href":"https:\/\/insideamateurfussball-ffm.de\/index.php?rest_route=\/wp\/v2\/posts\/18373\/revisions\/18375"}],"wp:featuredmedia":[{"embeddable":true,"href":"https:\/\/insideamateurfussball-ffm.de\/index.php?rest_route=\/wp\/v2\/media\/18374"}],"wp:attachment":[{"href":"https:\/\/insideamateurfussball-ffm.de\/index.php?rest_route=%2Fwp%2Fv2%2Fmedia&parent=18373"}],"wp:term":[{"taxonomy":"category","embeddable":true,"href":"https:\/\/insideamateurfussball-ffm.de\/index.php?rest_route=%2Fwp%2Fv2%2Fcategories&post=18373"},{"taxonomy":"post_tag","embeddable":true,"href":"https:\/\/insideamateurfussball-ffm.de\/index.php?rest_route=%2Fwp%2Fv2%2Ftags&post=18373"}],"curies":[{"name":"wp","href":"https:\/\/api.w.org\/{rel}","templated":true}]}}