{"id":18367,"date":"2024-04-22T10:00:00","date_gmt":"2024-04-22T08:00:00","guid":{"rendered":"https:\/\/insideamateurfussball-ffm.de\/?p=18367"},"modified":"2024-04-22T20:57:58","modified_gmt":"2024-04-22T18:57:58","slug":"dortelweil-20-dank-oliver-steffen","status":"publish","type":"post","link":"https:\/\/insideamateurfussball-ffm.de\/?p=18367","title":{"rendered":"Dortelweil: 2:0 dank Oliver Steffen"},"content":{"rendered":"<h5><span style=\"font-size: 16px;\">Der SC Dortelweil kehrte mit einem 2:0-Ausw\u00e4rtssieg von der weiten Fahrt in den Odenwald zu Eintracht Wald-Michelbach zur\u00fcck und konnte den H\u00f6henflug des Tabellenvierten nach neun ungeschlagenen Spielen vorerst stoppen. Mit 42 gesammelten Punkten festigten die Dortelweiler den siebten Tabellenrang.\u00a0<\/span><\/h5>\n<figure id=\"attachment_18368\" aria-describedby=\"caption-attachment-18368\" style=\"width: 652px\" class=\"wp-caption alignleft\"><img loading=\"lazy\" decoding=\"async\" class=\"wp-image-18368\" src=\"http:\/\/insideamateurfussball-ffm.de\/wp-content\/uploads\/2024\/04\/SCDORTELWEIL-1024x768.jpg\" alt=\"\" width=\"652\" height=\"489\" srcset=\"https:\/\/insideamateurfussball-ffm.de\/wp-content\/uploads\/2024\/04\/SCDORTELWEIL-1024x768.jpg 1024w, https:\/\/insideamateurfussball-ffm.de\/wp-content\/uploads\/2024\/04\/SCDORTELWEIL-300x225.jpg 300w, https:\/\/insideamateurfussball-ffm.de\/wp-content\/uploads\/2024\/04\/SCDORTELWEIL-768x576.jpg 768w, https:\/\/insideamateurfussball-ffm.de\/wp-content\/uploads\/2024\/04\/SCDORTELWEIL-1536x1152.jpg 1536w, https:\/\/insideamateurfussball-ffm.de\/wp-content\/uploads\/2024\/04\/SCDORTELWEIL.jpg 2048w\" sizes=\"auto, (max-width: 652px) 100vw, 652px\" \/><figcaption id=\"caption-attachment-18368\" class=\"wp-caption-text\">Die Fu\u00dfballer des SC Dortelweil spielen auf Rang sieben eine solide Runde. Foto: PA.\u00a0\u00a0<\/figcaption><\/figure>\n<h5><span style=\"font-size: 16px;\">Eintracht Wald-Michelbach &#8211; SC Dortelweil 0:2 (0:1)<\/span><\/h5>\n<p><img loading=\"lazy\" decoding=\"async\" class=\"alignnone size-full wp-image-140\" src=\"http:\/\/insideamateurfussball-ffm.de\/wp-content\/uploads\/2022\/05\/ETW.jpg\" alt=\"\" width=\"79\" height=\"80\" \/><img loading=\"lazy\" decoding=\"async\" class=\"alignnone size-full wp-image-598\" src=\"http:\/\/insideamateurfussball-ffm.de\/wp-content\/uploads\/2022\/06\/Dortelweil.jpg\" alt=\"\" width=\"80\" height=\"80\" \/><\/p>\n<p><span style=\"font-size: 16px;\">Mit viel Disziplin wurden im Rudi-W\u00fcnzer-Stadion die R\u00e4ume eng gemacht sowie gut gegen den Ball gearbeitet. <\/span><\/p>\n<p><span style=\"font-size: 16px;\">Zudem wurden gute Angriffe nach vorne getragen. Shahram Hashemi hatte die F\u00fchrung mit seinem Pfostenschuss schon auf dem Fu\u00df (11.).<\/span><\/p>\n<ul>\n<li><strong><span style=\"font-size: 16px;\">Trotz optischer \u00dcberlegenheit fanden die Gastgeber kein Mittel<\/span><\/strong><\/li>\n<\/ul>\n<p><span style=\"font-size: 16px;\">Auf der anderen Seite musste SCD-Keeper Yannick R\u00fchl gegen Daniel Sachs kl\u00e4ren und einen Distanzschuss von Michel Klinger entsch\u00e4rfen. Mann des Tages war aber der Dortelweiler Oliver Steffen. Er erzielte beide Tore der G\u00e4ste, das erste mit einem Diagonalschuss ins lange Eck (28.). Nach dem Seitenwechsel war erneut Oliver Steffen zur Stelle und traf auf Vorarbeit von Hashemi und Adrijan Aslimoski zum 2:0 (48.). <\/span><\/p>\n<p><span style=\"font-size: 16px;\">Trotz optischer \u00dcberlegenheit fanden die Gastgeber kein Mittel, um die kompakte Abwehr der G\u00e4ste auszuhebeln, die sogar noch weitere Chancen mit Maurice Reininger und Marvin Strenger vergaben. N\u00e4chsten Sonntag erwartet Dortelweil den Tabellenzeiten SKV Rot-Wei\u00df Darmstadt (15.30 Uhr).<\/span><\/p>\n<ul>\n<li><span style=\"font-size: 16px;\"><strong>Schiedsrichter: Paul-Ioan Barbu (SV Germania Steinheim). Zuschauer: 120.<\/strong><\/span><\/li>\n<li><span style=\"font-size: 16px;\"><strong>Tore: 0:1, 0:2 Oliver Steffen (28.\/48.).<\/strong>\u00a0\u00a0<\/span><\/li>\n<\/ul>\n","protected":false},"excerpt":{"rendered":"<p>Der SC Dortelweil kehrte mit einem 2:0-Ausw\u00e4rtssieg von der weiten Fahrt in den Odenwald zu Eintracht Wald-Michelbach zur\u00fcck und konnte den H\u00f6henflug des Tabellenvierten nach neun ungeschlagenen Spielen vorerst stoppen. Mit 42 gesammelten Punkten festigten die Dortelweiler den siebten Tabellenrang.\u00a0 Eintracht Wald-Michelbach &#8211; SC Dortelweil 0:2 (0:1) Mit viel Disziplin wurden im Rudi-W\u00fcnzer-Stadion die R\u00e4ume [&hellip;]<\/p>\n","protected":false},"author":1,"featured_media":18368,"comment_status":"open","ping_status":"open","sticky":true,"template":"","format":"standard","meta":{"footnotes":""},"categories":[10],"tags":[],"class_list":["post-18367","post","type-post","status-publish","format-standard","has-post-thumbnail","hentry","category-verbandsliga-sued"],"_links":{"self":[{"href":"https:\/\/insideamateurfussball-ffm.de\/index.php?rest_route=\/wp\/v2\/posts\/18367","targetHints":{"allow":["GET"]}}],"collection":[{"href":"https:\/\/insideamateurfussball-ffm.de\/index.php?rest_route=\/wp\/v2\/posts"}],"about":[{"href":"https:\/\/insideamateurfussball-ffm.de\/index.php?rest_route=\/wp\/v2\/types\/post"}],"author":[{"embeddable":true,"href":"https:\/\/insideamateurfussball-ffm.de\/index.php?rest_route=\/wp\/v2\/users\/1"}],"replies":[{"embeddable":true,"href":"https:\/\/insideamateurfussball-ffm.de\/index.php?rest_route=%2Fwp%2Fv2%2Fcomments&post=18367"}],"version-history":[{"count":1,"href":"https:\/\/insideamateurfussball-ffm.de\/index.php?rest_route=\/wp\/v2\/posts\/18367\/revisions"}],"predecessor-version":[{"id":18369,"href":"https:\/\/insideamateurfussball-ffm.de\/index.php?rest_route=\/wp\/v2\/posts\/18367\/revisions\/18369"}],"wp:featuredmedia":[{"embeddable":true,"href":"https:\/\/insideamateurfussball-ffm.de\/index.php?rest_route=\/wp\/v2\/media\/18368"}],"wp:attachment":[{"href":"https:\/\/insideamateurfussball-ffm.de\/index.php?rest_route=%2Fwp%2Fv2%2Fmedia&parent=18367"}],"wp:term":[{"taxonomy":"category","embeddable":true,"href":"https:\/\/insideamateurfussball-ffm.de\/index.php?rest_route=%2Fwp%2Fv2%2Fcategories&post=18367"},{"taxonomy":"post_tag","embeddable":true,"href":"https:\/\/insideamateurfussball-ffm.de\/index.php?rest_route=%2Fwp%2Fv2%2Ftags&post=18367"}],"curies":[{"name":"wp","href":"https:\/\/api.w.org\/{rel}","templated":true}]}}