{"id":18364,"date":"2024-04-22T17:40:53","date_gmt":"2024-04-22T15:40:53","guid":{"rendered":"https:\/\/insideamateurfussball-ffm.de\/?p=18364"},"modified":"2024-04-22T17:40:53","modified_gmt":"2024-04-22T15:40:53","slug":"seckbach-51-beim-direkten-konkurrenten-koenigstein","status":"publish","type":"post","link":"https:\/\/insideamateurfussball-ffm.de\/?p=18364","title":{"rendered":"Seckbach 5:1 beim direkten Konkurrenten K\u00f6nigstein"},"content":{"rendered":"<h4>Die FG Seckbach konnten den Relegationsplatz verlassen, mit einem klaren 5:1-Sieg beim 1.FC-TSG K\u00f6nigstein konnte man den Gegner in der Tabelle \u00fcberholen, der jetzt den unbeliebten Platz 13 belegt.<\/h4>\n<figure id=\"attachment_18043\" aria-describedby=\"caption-attachment-18043\" style=\"width: 2016px\" class=\"wp-caption alignnone\"><img loading=\"lazy\" decoding=\"async\" class=\"wp-image-18043 size-full\" src=\"http:\/\/insideamateurfussball-ffm.de\/wp-content\/uploads\/2024\/04\/seckbachgronau02.jpg\" alt=\"\" width=\"2016\" height=\"1512\" srcset=\"https:\/\/insideamateurfussball-ffm.de\/wp-content\/uploads\/2024\/04\/seckbachgronau02.jpg 2016w, https:\/\/insideamateurfussball-ffm.de\/wp-content\/uploads\/2024\/04\/seckbachgronau02-300x225.jpg 300w, https:\/\/insideamateurfussball-ffm.de\/wp-content\/uploads\/2024\/04\/seckbachgronau02-1024x768.jpg 1024w, https:\/\/insideamateurfussball-ffm.de\/wp-content\/uploads\/2024\/04\/seckbachgronau02-768x576.jpg 768w, https:\/\/insideamateurfussball-ffm.de\/wp-content\/uploads\/2024\/04\/seckbachgronau02-1536x1152.jpg 1536w\" sizes=\"auto, (max-width: 2016px) 100vw, 2016px\" \/><figcaption id=\"caption-attachment-18043\" class=\"wp-caption-text\">Florian Schuberth mit der Nummer 5 (hier im Spiel gegen Gronau) hat mit seinen zwei Toren gegen K\u00f6nigstein bereits 30.Saisontore erzielt. Foto: Archiv MZ<\/figcaption><\/figure>\n<h4>1.FC-TSG K\u00f6nigstein &#8211; FG Seckbach 1:5 (0:1)<\/h4>\n<p><img loading=\"lazy\" decoding=\"async\" class=\"alignnone size-full wp-image-1396\" src=\"http:\/\/insideamateurfussball-ffm.de\/wp-content\/uploads\/2022\/07\/koenigstein.png\" alt=\"\" width=\"80\" height=\"72\" \/><img loading=\"lazy\" decoding=\"async\" class=\"alignnone size-full wp-image-544\" src=\"http:\/\/insideamateurfussball-ffm.de\/wp-content\/uploads\/2022\/06\/Seckbach.jpg\" alt=\"\" width=\"80\" height=\"80\" \/><\/p>\n<p>Die FG Seckbach reiste nach dem 6:0 gegen den SV Gronau selbstbewusst zum Konkurrenten in dem Wissen, dass man den Relegationsrang bei einem Sieg an den Gegner 1.FC-TSG K\u00f6nigstein \u00fcbergeben konnte. Seckbachs Spielertrainer Manuel May, der diesmal nur auf der Bank sa\u00df, forderte von seiner Mannschaft von Anfang an eine konzentrierte Leistung. Und seine Mannschaft setzte die Forderung ihres Trainers in die Tat um und zeigte \u00fcber 90 Minuten eine sehr gute Leistung. Es dauerte bis zur 34.Minute, bis Milad Wardak das 1:0 f\u00fcr die G\u00e4ste aus Seckbach erzielen konnte und seine Mannschaft f\u00fcr das gute Spiel belohnte. Mit diesem Stand ging es auch in die Pause.<\/p>\n<p>In der zweiten Halbzeit dominierte Seckbach weiter und nach einer guten Stunde fielen dann weitere Tore aus der \u00dcberlegenheit. Benedict Linzenmeier war es vorbehalten, mit seinem Treffer zum 2:0 in der 67.Minute die Mannschaft weiter zu beruhigen, ehe Goalgetter Florian Schuberth in der 76.Minute das 3:0 folgen lie\u00df. Nach dem zweiten Tor durch Benedict Linzenmeier in der 81.Minute zum 4:0 kamen die K\u00f6nigsteiner in der 88.Minute zum Anschlusstreffer zum 1:4 durch ein Tor von Alessio casale. Den Schlusspunkt setzte erneut Florian Schuberth, der mit dem 5:1 per Elfmeter in der zweiten Minute der Nachspielzeit bereits sein 30.Saisontor erzielte.<\/p>\n<p>Mit jetzt 41 Punkten sprang Seckbach auf Platz 12 mit zwei Punkten Vorsprung vor K\u00f6nigstein, gegen die man auch das direkte Duell gewonnen hat. Am n\u00e4chsten Wochenende erwarten die Seckbacher im Stadtduell dann die Spvgg. 05 Oberrad.<\/p>\n<h4>Schiedsrichter: YannicK Mondani (1.FC Kiedrich). Zuschauer: 30.<\/h4>\n<h4>Tore: 0:1 Milad Wardak (34.), 0:2 Benedict Linzenmeier (67,), 0:3 Florian Schuberth (76.), 0:4 Benedict Linzenmeier (81.). 1:4 Alessio Casale (88.), 1:5 Florian Schuberth (90.+2, Elfmeter)<\/h4>\n","protected":false},"excerpt":{"rendered":"<p>Die FG Seckbach konnten den Relegationsplatz verlassen, mit einem klaren 5:1-Sieg beim 1.FC-TSG K\u00f6nigstein konnte man den Gegner in der Tabelle \u00fcberholen, der jetzt den unbeliebten Platz 13 belegt. 1.FC-TSG K\u00f6nigstein &#8211; FG Seckbach 1:5 (0:1) Die FG Seckbach reiste nach dem 6:0 gegen den SV Gronau selbstbewusst zum Konkurrenten in dem Wissen, dass man [&hellip;]<\/p>\n","protected":false},"author":3,"featured_media":18043,"comment_status":"open","ping_status":"open","sticky":true,"template":"","format":"standard","meta":{"footnotes":""},"categories":[13],"tags":[],"class_list":["post-18364","post","type-post","status-publish","format-standard","has-post-thumbnail","hentry","category-gruppenliga-frankfurt-west"],"_links":{"self":[{"href":"https:\/\/insideamateurfussball-ffm.de\/index.php?rest_route=\/wp\/v2\/posts\/18364","targetHints":{"allow":["GET"]}}],"collection":[{"href":"https:\/\/insideamateurfussball-ffm.de\/index.php?rest_route=\/wp\/v2\/posts"}],"about":[{"href":"https:\/\/insideamateurfussball-ffm.de\/index.php?rest_route=\/wp\/v2\/types\/post"}],"author":[{"embeddable":true,"href":"https:\/\/insideamateurfussball-ffm.de\/index.php?rest_route=\/wp\/v2\/users\/3"}],"replies":[{"embeddable":true,"href":"https:\/\/insideamateurfussball-ffm.de\/index.php?rest_route=%2Fwp%2Fv2%2Fcomments&post=18364"}],"version-history":[{"count":2,"href":"https:\/\/insideamateurfussball-ffm.de\/index.php?rest_route=\/wp\/v2\/posts\/18364\/revisions"}],"predecessor-version":[{"id":18366,"href":"https:\/\/insideamateurfussball-ffm.de\/index.php?rest_route=\/wp\/v2\/posts\/18364\/revisions\/18366"}],"wp:featuredmedia":[{"embeddable":true,"href":"https:\/\/insideamateurfussball-ffm.de\/index.php?rest_route=\/wp\/v2\/media\/18043"}],"wp:attachment":[{"href":"https:\/\/insideamateurfussball-ffm.de\/index.php?rest_route=%2Fwp%2Fv2%2Fmedia&parent=18364"}],"wp:term":[{"taxonomy":"category","embeddable":true,"href":"https:\/\/insideamateurfussball-ffm.de\/index.php?rest_route=%2Fwp%2Fv2%2Fcategories&post=18364"},{"taxonomy":"post_tag","embeddable":true,"href":"https:\/\/insideamateurfussball-ffm.de\/index.php?rest_route=%2Fwp%2Fv2%2Ftags&post=18364"}],"curies":[{"name":"wp","href":"https:\/\/api.w.org\/{rel}","templated":true}]}}