{"id":18334,"date":"2024-04-22T12:53:49","date_gmt":"2024-04-22T10:53:49","guid":{"rendered":"https:\/\/insideamateurfussball-ffm.de\/?p=18334"},"modified":"2024-04-22T12:53:49","modified_gmt":"2024-04-22T10:53:49","slug":"speuzer-erster-absteiger-aus-der-verbandsliga-sued","status":"publish","type":"post","link":"https:\/\/insideamateurfussball-ffm.de\/?p=18334","title":{"rendered":"Speuzer erster Absteiger aus der Verbandsliga S\u00fcd"},"content":{"rendered":"<h4>Was sich schon lange andeutete: die FFV Sportfreunde 04 sind nach einem erneut schwachen Spiel und einem 0:4 gegen die zweite Mannschaft von RW Walldorf auch rechnerisch nicht mehr zu retten und stehen 6 Spieltage vor Schluss als erster Absteiger aus der Verbandsliga S\u00fcd fest.<\/h4>\n<figure id=\"attachment_18017\" aria-describedby=\"caption-attachment-18017\" style=\"width: 2560px\" class=\"wp-caption alignnone\"><img loading=\"lazy\" decoding=\"async\" class=\"wp-image-18017 size-full\" src=\"http:\/\/insideamateurfussball-ffm.de\/wp-content\/uploads\/2024\/04\/RW-WalldII-SGB_240414-67-scaled.jpg\" alt=\"\" width=\"2560\" height=\"1707\" srcset=\"https:\/\/insideamateurfussball-ffm.de\/wp-content\/uploads\/2024\/04\/RW-WalldII-SGB_240414-67-scaled.jpg 2560w, https:\/\/insideamateurfussball-ffm.de\/wp-content\/uploads\/2024\/04\/RW-WalldII-SGB_240414-67-300x200.jpg 300w, https:\/\/insideamateurfussball-ffm.de\/wp-content\/uploads\/2024\/04\/RW-WalldII-SGB_240414-67-1024x683.jpg 1024w, https:\/\/insideamateurfussball-ffm.de\/wp-content\/uploads\/2024\/04\/RW-WalldII-SGB_240414-67-768x512.jpg 768w, https:\/\/insideamateurfussball-ffm.de\/wp-content\/uploads\/2024\/04\/RW-WalldII-SGB_240414-67-1536x1024.jpg 1536w, https:\/\/insideamateurfussball-ffm.de\/wp-content\/uploads\/2024\/04\/RW-WalldII-SGB_240414-67-2048x1365.jpg 2048w\" sizes=\"auto, (max-width: 2560px) 100vw, 2560px\" \/><figcaption id=\"caption-attachment-18017\" class=\"wp-caption-text\">Die zweite Mannschaft von RW Walldorf kam zu einem leichten Sieg bei den Speuzern. Foto: Archiv Andre Sturmeit<\/figcaption><\/figure>\n<h4>FFV Sportfreunde 04 &#8211; RW Walldorf II 0:4 (0:2)<\/h4>\n<p><img loading=\"lazy\" decoding=\"async\" class=\"alignnone size-full wp-image-141\" src=\"http:\/\/insideamateurfussball-ffm.de\/wp-content\/uploads\/2022\/05\/Speuzer.jpg\" alt=\"\" width=\"80\" height=\"80\" \/><img loading=\"lazy\" decoding=\"async\" class=\"alignnone size-full wp-image-1074\" src=\"http:\/\/insideamateurfussball-ffm.de\/wp-content\/uploads\/2022\/07\/Walldorf.jpg\" alt=\"\" width=\"80\" height=\"80\" \/><\/p>\n<p>Auch gegen die zweite Mannschaft von RW Walldorf zeigten die Sportfreunde nach Aussagen ihres Trainers Ramzi Kallel eine \u201esehr schwache Leistung\u201c. Was sich schon durch die ganze Saison hinzog, ist man offensiv einfach zu torungef\u00e4hrlich, 19 Tore in 27 Spielen sprechen da B\u00e4nde. Und in der Abwehr f\u00e4ngt man sich aufgrund einer hohen Anzahl von individuellen Fehlern sehr viele Gegentore, mittlerweile sind es bereits 91. F\u00fcr Trainer Kallel war das Spiel nach 12 Minuten gegessen, nach Gegentoren in der 11. und 12. Minute durch Farid Affo und Jannis Hartmann f\u00fchrte Walldorf schnell mit 2:0. Kallel: \u201ewir sind keine Mannschaft, die nach einem R\u00fcckstand noch zur\u00fcckkommt, dazu fehlt uns vorne einfach die Qualit\u00e4t\u201c.<\/p>\n<p>Und die G\u00e4ste aus Walldorf brauchten nicht viel f\u00fcr das Spiel zu tun, die Speuzer erspielten sich auch in der zweiten Halbzeit keine Torchancen und Walldorf schoss durch Rays Iraqi in der 56.Minute und Daniel Armadzic in der 85.Minute noch zwei weitere Tore zum 4:0-Endstand. Dem Wunsch des Trainers, die Saison mit Anstand zu Ende zu spielen kommt die Mannschaft nicht nach, Trainer Kallel fand den Auftritt \u201echarakterlos\u201c. F\u00fcnf Spiele haben die Sportfreunde noch in der Verbandsliga zu absolvieren, am n\u00e4chsten Wochenende steht das Spiel bei Germania Ober-Roden auf dem Plan.<\/p>\n<h4>Schiedsrichter: Simon Henninger (TuS Hornau). Zuschauer: 50.<\/h4>\n<h4>Tore: 0:1 Farid Affo (11.), 0:2 Jannis Hartmann (12.), 0:3 Rays Iraqi (56.), 0:4 Daniel Armadzic (85.)<\/h4>\n","protected":false},"excerpt":{"rendered":"<p>Was sich schon lange andeutete: die FFV Sportfreunde 04 sind nach einem erneut schwachen Spiel und einem 0:4 gegen die zweite Mannschaft von RW Walldorf auch rechnerisch nicht mehr zu retten und stehen 6 Spieltage vor Schluss als erster Absteiger aus der Verbandsliga S\u00fcd fest. FFV Sportfreunde 04 &#8211; RW Walldorf II 0:4 (0:2) Auch [&hellip;]<\/p>\n","protected":false},"author":3,"featured_media":18017,"comment_status":"open","ping_status":"open","sticky":true,"template":"","format":"standard","meta":{"footnotes":""},"categories":[10],"tags":[],"class_list":["post-18334","post","type-post","status-publish","format-standard","has-post-thumbnail","hentry","category-verbandsliga-sued"],"_links":{"self":[{"href":"https:\/\/insideamateurfussball-ffm.de\/index.php?rest_route=\/wp\/v2\/posts\/18334","targetHints":{"allow":["GET"]}}],"collection":[{"href":"https:\/\/insideamateurfussball-ffm.de\/index.php?rest_route=\/wp\/v2\/posts"}],"about":[{"href":"https:\/\/insideamateurfussball-ffm.de\/index.php?rest_route=\/wp\/v2\/types\/post"}],"author":[{"embeddable":true,"href":"https:\/\/insideamateurfussball-ffm.de\/index.php?rest_route=\/wp\/v2\/users\/3"}],"replies":[{"embeddable":true,"href":"https:\/\/insideamateurfussball-ffm.de\/index.php?rest_route=%2Fwp%2Fv2%2Fcomments&post=18334"}],"version-history":[{"count":3,"href":"https:\/\/insideamateurfussball-ffm.de\/index.php?rest_route=\/wp\/v2\/posts\/18334\/revisions"}],"predecessor-version":[{"id":18337,"href":"https:\/\/insideamateurfussball-ffm.de\/index.php?rest_route=\/wp\/v2\/posts\/18334\/revisions\/18337"}],"wp:featuredmedia":[{"embeddable":true,"href":"https:\/\/insideamateurfussball-ffm.de\/index.php?rest_route=\/wp\/v2\/media\/18017"}],"wp:attachment":[{"href":"https:\/\/insideamateurfussball-ffm.de\/index.php?rest_route=%2Fwp%2Fv2%2Fmedia&parent=18334"}],"wp:term":[{"taxonomy":"category","embeddable":true,"href":"https:\/\/insideamateurfussball-ffm.de\/index.php?rest_route=%2Fwp%2Fv2%2Fcategories&post=18334"},{"taxonomy":"post_tag","embeddable":true,"href":"https:\/\/insideamateurfussball-ffm.de\/index.php?rest_route=%2Fwp%2Fv2%2Ftags&post=18334"}],"curies":[{"name":"wp","href":"https:\/\/api.w.org\/{rel}","templated":true}]}}