{"id":18313,"date":"2024-04-22T17:10:28","date_gmt":"2024-04-22T15:10:28","guid":{"rendered":"https:\/\/insideamateurfussball-ffm.de\/?p=18313"},"modified":"2024-04-22T17:10:28","modified_gmt":"2024-04-22T15:10:28","slug":"fechenheim-mit-knappem-sieg-gegen-bad-vilbel","status":"publish","type":"post","link":"https:\/\/insideamateurfussball-ffm.de\/?p=18313","title":{"rendered":"Fechenheim mit knappem Sieg gegen Bad Vilbel"},"content":{"rendered":"<h4>Im Kampf gegen den Abstieg konnte die Spvgg. 03 Fechenheim drei wichtige Punkte einfahren, gegen den FV Bad Vilbel rettete Torwart Armin Buchholz den knappen 1:0-Erfolg, der Abstand zum Relegationsplatz wurde auf 4 Punkte vergr\u00f6\u00dfert.<\/h4>\n<figure id=\"attachment_18279\" aria-describedby=\"caption-attachment-18279\" style=\"width: 2560px\" class=\"wp-caption alignnone\"><img loading=\"lazy\" decoding=\"async\" class=\"wp-image-18279 size-full\" src=\"http:\/\/insideamateurfussball-ffm.de\/wp-content\/uploads\/2024\/04\/IMG_0006-scaled.jpg\" alt=\"\" width=\"2560\" height=\"1707\" srcset=\"https:\/\/insideamateurfussball-ffm.de\/wp-content\/uploads\/2024\/04\/IMG_0006-scaled.jpg 2560w, https:\/\/insideamateurfussball-ffm.de\/wp-content\/uploads\/2024\/04\/IMG_0006-300x200.jpg 300w, https:\/\/insideamateurfussball-ffm.de\/wp-content\/uploads\/2024\/04\/IMG_0006-1024x683.jpg 1024w, https:\/\/insideamateurfussball-ffm.de\/wp-content\/uploads\/2024\/04\/IMG_0006-768x512.jpg 768w, https:\/\/insideamateurfussball-ffm.de\/wp-content\/uploads\/2024\/04\/IMG_0006-1536x1024.jpg 1536w, https:\/\/insideamateurfussball-ffm.de\/wp-content\/uploads\/2024\/04\/IMG_0006-2048x1365.jpg 2048w\" sizes=\"auto, (max-width: 2560px) 100vw, 2560px\" \/><figcaption id=\"caption-attachment-18279\" class=\"wp-caption-text\">Fechenheims Kapit\u00e4n Ouassim Ouass und Bad Vilbels Kapit\u00e4n Dominik Budic bei der Platzwahl. Foto: Jan Werner<\/figcaption><\/figure>\n<h4>Spvgg. 03 Fechenheim &#8211; FV Bad Vilbel 1:0 (1:0)<\/h4>\n<p><img loading=\"lazy\" decoding=\"async\" class=\"alignnone size-full wp-image-603\" src=\"http:\/\/insideamateurfussball-ffm.de\/wp-content\/uploads\/2022\/06\/Fech03.jpg\" alt=\"\" width=\"52\" height=\"80\" \/><img loading=\"lazy\" decoding=\"async\" class=\"alignnone size-full wp-image-146\" src=\"http:\/\/insideamateurfussball-ffm.de\/wp-content\/uploads\/2022\/05\/FV-Bad-Vilbel.jpg\" alt=\"\" width=\"80\" height=\"80\" \/><\/p>\n<p>Die Spvgg. 03 Fechenheim kam gegen den abstiegsgef\u00e4hrdeten FV Bad Vilbel gut ins Spiel und dominierte die erste Viertelstunde, h\u00e4tte aus 2\/3 guten Chancen mehr als das 1:0 machen k\u00f6nnen, das Thomas Schmidt Isermann in der 13.Minute erzielte. Nach einem langen Ball \u00fcber die Abwehr der G\u00e4ste \u00fcberlupfte Isermann den gegnerischen Torwart Max Schwuchow und erzielte das Tor des Tages. Nach diesem Tor stellte die Heimmannschaft nach den Worten von Pr\u00e4sident Reinhold Schmidt \u201edas Spielen ein\u201c. Schmidt dazu: \u201enach der ersten Viertelstunde haben wir aufgeh\u00f6rt, Fu\u00dfball zu spielen. Es war ein ganz schwaches Spiel mit vielen Fehlern auf beiden Seiten.\u201c<\/p>\n<p>In der zweiten Halbzeit kam Bad Vilbel mehr auf, aber mehrmals rettete Fechenheims Torwart Armin Buchholz und sorgte daf\u00fcr, dass die gegen den Abstieg wichtigen drei Punkte in Fechenheim blieben. Der Schiedsrichter zog seine strenge Linie durch und zeigte in einem fairen Spiel 12 gelbe Karten, was zu zwei gelb-roten Karten f\u00fchrte. In der 56.Minute erwischte es den Fechenheimer Yassin Benjilali, wodurch der FV Bad Vilbel st\u00e4rker aufkam. In der 88.Minute musste auch Bad Vilbels Kapit\u00e4n Dominik Budic den Platz mit gelb-rot verlassen und sorgte f\u00fcr zahlenm\u00e4\u00dfigen Gleichstand der Spieler auf dem Platz.<\/p>\n<p>Reinhold Schmidt: \u201ewir sind froh und gl\u00fccklich \u00fcber die drei Punkte, aber wir h\u00e4tten mehr machen m\u00fcssen.\u201c W\u00e4hrend Fechenheim jetzt 4 Punkte Vorsprung auf den Relegationsplatz hat, steht der FV Bad Vilbel als Tabellensechzehnter mit dem R\u00fccken zur Wand, man hofft noch auf den Klassenerhalt von RW Frankfurt in der Verbandsliga, dann k\u00f6nnte der noch erreichbare 14.Platz zur Relegation reichen, ansonsten droht der dritte Abstieg in Folge.<\/p>\n<p>Fechenheim muss am n\u00e4chsten Wochenende zum Tabellenletzten FC Olympia Fauerbach und hofft auf drei weitere Punkte, w\u00e4hrend der FV Bad Vilbel bereits am Freitag im Stadtderby auf den FC Gronau trifft.<\/p>\n<h4>Schiedsrichter: Ricco Wiegand (Grasellenbach). Zuschauer: 60.<\/h4>\n<h4>Tore: 1:0 Thomas Schmidt Isermann (13.)<\/h4>\n<blockquote>\n<h4>Die Fotos aus Fechenheim stellte uns Jan Werner zur Verf\u00fcgung.<\/h4>\n<\/blockquote>\n\n\n<figure class=\"wp-block-image size-large\"><img loading=\"lazy\" decoding=\"async\" width=\"1024\" height=\"683\" src=\"http:\/\/insideamateurfussball-ffm.de\/wp-content\/uploads\/2024\/04\/IMG_0002-1024x683.jpg\" alt=\"\" class=\"wp-image-18277\" srcset=\"https:\/\/insideamateurfussball-ffm.de\/wp-content\/uploads\/2024\/04\/IMG_0002-1024x683.jpg 1024w, https:\/\/insideamateurfussball-ffm.de\/wp-content\/uploads\/2024\/04\/IMG_0002-300x200.jpg 300w, https:\/\/insideamateurfussball-ffm.de\/wp-content\/uploads\/2024\/04\/IMG_0002-768x512.jpg 768w, https:\/\/insideamateurfussball-ffm.de\/wp-content\/uploads\/2024\/04\/IMG_0002-1536x1024.jpg 1536w, https:\/\/insideamateurfussball-ffm.de\/wp-content\/uploads\/2024\/04\/IMG_0002-2048x1365.jpg 2048w\" sizes=\"auto, (max-width: 1024px) 100vw, 1024px\" \/><\/figure>\n\n\n\n<figure class=\"wp-block-image size-large\"><img loading=\"lazy\" decoding=\"async\" width=\"1024\" height=\"683\" src=\"http:\/\/insideamateurfussball-ffm.de\/wp-content\/uploads\/2024\/04\/IMG_0004-1024x683.jpg\" alt=\"\" class=\"wp-image-18278\" srcset=\"https:\/\/insideamateurfussball-ffm.de\/wp-content\/uploads\/2024\/04\/IMG_0004-1024x683.jpg 1024w, https:\/\/insideamateurfussball-ffm.de\/wp-content\/uploads\/2024\/04\/IMG_0004-300x200.jpg 300w, https:\/\/insideamateurfussball-ffm.de\/wp-content\/uploads\/2024\/04\/IMG_0004-768x512.jpg 768w, https:\/\/insideamateurfussball-ffm.de\/wp-content\/uploads\/2024\/04\/IMG_0004-1536x1024.jpg 1536w, https:\/\/insideamateurfussball-ffm.de\/wp-content\/uploads\/2024\/04\/IMG_0004-2048x1365.jpg 2048w\" sizes=\"auto, (max-width: 1024px) 100vw, 1024px\" \/><\/figure>\n\n\n\n<figure class=\"wp-block-image size-large\"><img loading=\"lazy\" decoding=\"async\" width=\"1024\" height=\"683\" src=\"http:\/\/insideamateurfussball-ffm.de\/wp-content\/uploads\/2024\/04\/IMG_0017-1024x683.jpg\" alt=\"\" class=\"wp-image-18280\" srcset=\"https:\/\/insideamateurfussball-ffm.de\/wp-content\/uploads\/2024\/04\/IMG_0017-1024x683.jpg 1024w, https:\/\/insideamateurfussball-ffm.de\/wp-content\/uploads\/2024\/04\/IMG_0017-300x200.jpg 300w, https:\/\/insideamateurfussball-ffm.de\/wp-content\/uploads\/2024\/04\/IMG_0017-768x512.jpg 768w, https:\/\/insideamateurfussball-ffm.de\/wp-content\/uploads\/2024\/04\/IMG_0017-1536x1024.jpg 1536w, https:\/\/insideamateurfussball-ffm.de\/wp-content\/uploads\/2024\/04\/IMG_0017-2048x1365.jpg 2048w\" sizes=\"auto, (max-width: 1024px) 100vw, 1024px\" \/><\/figure>\n\n\n\n<figure class=\"wp-block-image size-large\"><img loading=\"lazy\" decoding=\"async\" width=\"1024\" height=\"683\" src=\"http:\/\/insideamateurfussball-ffm.de\/wp-content\/uploads\/2024\/04\/IMG_0023-1024x683.jpg\" alt=\"\" class=\"wp-image-18281\" srcset=\"https:\/\/insideamateurfussball-ffm.de\/wp-content\/uploads\/2024\/04\/IMG_0023-1024x683.jpg 1024w, https:\/\/insideamateurfussball-ffm.de\/wp-content\/uploads\/2024\/04\/IMG_0023-300x200.jpg 300w, https:\/\/insideamateurfussball-ffm.de\/wp-content\/uploads\/2024\/04\/IMG_0023-768x512.jpg 768w, https:\/\/insideamateurfussball-ffm.de\/wp-content\/uploads\/2024\/04\/IMG_0023-1536x1024.jpg 1536w, https:\/\/insideamateurfussball-ffm.de\/wp-content\/uploads\/2024\/04\/IMG_0023-2048x1365.jpg 2048w\" sizes=\"auto, (max-width: 1024px) 100vw, 1024px\" \/><\/figure>\n\n\n\n<figure class=\"wp-block-image size-large\"><img loading=\"lazy\" decoding=\"async\" width=\"1024\" height=\"683\" src=\"http:\/\/insideamateurfussball-ffm.de\/wp-content\/uploads\/2024\/04\/IMG_0024-1024x683.jpg\" alt=\"\" class=\"wp-image-18282\" srcset=\"https:\/\/insideamateurfussball-ffm.de\/wp-content\/uploads\/2024\/04\/IMG_0024-1024x683.jpg 1024w, https:\/\/insideamateurfussball-ffm.de\/wp-content\/uploads\/2024\/04\/IMG_0024-300x200.jpg 300w, https:\/\/insideamateurfussball-ffm.de\/wp-content\/uploads\/2024\/04\/IMG_0024-768x512.jpg 768w, https:\/\/insideamateurfussball-ffm.de\/wp-content\/uploads\/2024\/04\/IMG_0024-1536x1024.jpg 1536w, https:\/\/insideamateurfussball-ffm.de\/wp-content\/uploads\/2024\/04\/IMG_0024-2048x1365.jpg 2048w\" sizes=\"auto, (max-width: 1024px) 100vw, 1024px\" \/><\/figure>\n\n\n\n<figure class=\"wp-block-image size-large\"><img loading=\"lazy\" decoding=\"async\" width=\"1024\" height=\"683\" src=\"http:\/\/insideamateurfussball-ffm.de\/wp-content\/uploads\/2024\/04\/IMG_0025-1024x683.jpg\" alt=\"\" class=\"wp-image-18283\" srcset=\"https:\/\/insideamateurfussball-ffm.de\/wp-content\/uploads\/2024\/04\/IMG_0025-1024x683.jpg 1024w, https:\/\/insideamateurfussball-ffm.de\/wp-content\/uploads\/2024\/04\/IMG_0025-300x200.jpg 300w, https:\/\/insideamateurfussball-ffm.de\/wp-content\/uploads\/2024\/04\/IMG_0025-768x512.jpg 768w, https:\/\/insideamateurfussball-ffm.de\/wp-content\/uploads\/2024\/04\/IMG_0025-1536x1024.jpg 1536w, https:\/\/insideamateurfussball-ffm.de\/wp-content\/uploads\/2024\/04\/IMG_0025-2048x1365.jpg 2048w\" sizes=\"auto, (max-width: 1024px) 100vw, 1024px\" \/><\/figure>\n\n\n\n<figure class=\"wp-block-image size-large\"><img loading=\"lazy\" decoding=\"async\" width=\"1024\" height=\"683\" src=\"http:\/\/insideamateurfussball-ffm.de\/wp-content\/uploads\/2024\/04\/IMG_0033-1024x683.jpg\" alt=\"\" class=\"wp-image-18284\" srcset=\"https:\/\/insideamateurfussball-ffm.de\/wp-content\/uploads\/2024\/04\/IMG_0033-1024x683.jpg 1024w, https:\/\/insideamateurfussball-ffm.de\/wp-content\/uploads\/2024\/04\/IMG_0033-300x200.jpg 300w, https:\/\/insideamateurfussball-ffm.de\/wp-content\/uploads\/2024\/04\/IMG_0033-768x512.jpg 768w, https:\/\/insideamateurfussball-ffm.de\/wp-content\/uploads\/2024\/04\/IMG_0033-1536x1024.jpg 1536w, https:\/\/insideamateurfussball-ffm.de\/wp-content\/uploads\/2024\/04\/IMG_0033-2048x1365.jpg 2048w\" sizes=\"auto, (max-width: 1024px) 100vw, 1024px\" \/><\/figure>\n\n\n\n<figure class=\"wp-block-image size-large\"><img loading=\"lazy\" decoding=\"async\" width=\"1024\" height=\"683\" src=\"http:\/\/insideamateurfussball-ffm.de\/wp-content\/uploads\/2024\/04\/IMG_0044-1024x683.jpg\" alt=\"\" class=\"wp-image-18285\" srcset=\"https:\/\/insideamateurfussball-ffm.de\/wp-content\/uploads\/2024\/04\/IMG_0044-1024x683.jpg 1024w, https:\/\/insideamateurfussball-ffm.de\/wp-content\/uploads\/2024\/04\/IMG_0044-300x200.jpg 300w, https:\/\/insideamateurfussball-ffm.de\/wp-content\/uploads\/2024\/04\/IMG_0044-768x512.jpg 768w, https:\/\/insideamateurfussball-ffm.de\/wp-content\/uploads\/2024\/04\/IMG_0044-1536x1024.jpg 1536w, https:\/\/insideamateurfussball-ffm.de\/wp-content\/uploads\/2024\/04\/IMG_0044-2048x1365.jpg 2048w\" sizes=\"auto, (max-width: 1024px) 100vw, 1024px\" \/><\/figure>\n\n\n\n<figure class=\"wp-block-image size-large\"><img loading=\"lazy\" decoding=\"async\" width=\"1024\" height=\"683\" src=\"http:\/\/insideamateurfussball-ffm.de\/wp-content\/uploads\/2024\/04\/IMG_0062-1024x683.jpg\" alt=\"\" class=\"wp-image-18286\" srcset=\"https:\/\/insideamateurfussball-ffm.de\/wp-content\/uploads\/2024\/04\/IMG_0062-1024x683.jpg 1024w, https:\/\/insideamateurfussball-ffm.de\/wp-content\/uploads\/2024\/04\/IMG_0062-300x200.jpg 300w, https:\/\/insideamateurfussball-ffm.de\/wp-content\/uploads\/2024\/04\/IMG_0062-768x512.jpg 768w, https:\/\/insideamateurfussball-ffm.de\/wp-content\/uploads\/2024\/04\/IMG_0062-1536x1024.jpg 1536w, https:\/\/insideamateurfussball-ffm.de\/wp-content\/uploads\/2024\/04\/IMG_0062-2048x1365.jpg 2048w\" sizes=\"auto, (max-width: 1024px) 100vw, 1024px\" \/><\/figure>\n\n\n\n<figure class=\"wp-block-image size-large\"><img loading=\"lazy\" decoding=\"async\" width=\"1024\" height=\"683\" src=\"http:\/\/insideamateurfussball-ffm.de\/wp-content\/uploads\/2024\/04\/IMG_0063-1024x683.jpg\" alt=\"\" class=\"wp-image-18287\" srcset=\"https:\/\/insideamateurfussball-ffm.de\/wp-content\/uploads\/2024\/04\/IMG_0063-1024x683.jpg 1024w, https:\/\/insideamateurfussball-ffm.de\/wp-content\/uploads\/2024\/04\/IMG_0063-300x200.jpg 300w, https:\/\/insideamateurfussball-ffm.de\/wp-content\/uploads\/2024\/04\/IMG_0063-768x512.jpg 768w, https:\/\/insideamateurfussball-ffm.de\/wp-content\/uploads\/2024\/04\/IMG_0063-1536x1024.jpg 1536w, https:\/\/insideamateurfussball-ffm.de\/wp-content\/uploads\/2024\/04\/IMG_0063-2048x1365.jpg 2048w\" sizes=\"auto, (max-width: 1024px) 100vw, 1024px\" \/><\/figure>\n\n\n\n<figure class=\"wp-block-image size-large\"><img loading=\"lazy\" decoding=\"async\" width=\"1024\" height=\"683\" src=\"http:\/\/insideamateurfussball-ffm.de\/wp-content\/uploads\/2024\/04\/IMG_0057-1024x683.jpg\" alt=\"\" class=\"wp-image-18288\" srcset=\"https:\/\/insideamateurfussball-ffm.de\/wp-content\/uploads\/2024\/04\/IMG_0057-1024x683.jpg 1024w, https:\/\/insideamateurfussball-ffm.de\/wp-content\/uploads\/2024\/04\/IMG_0057-300x200.jpg 300w, https:\/\/insideamateurfussball-ffm.de\/wp-content\/uploads\/2024\/04\/IMG_0057-768x512.jpg 768w, https:\/\/insideamateurfussball-ffm.de\/wp-content\/uploads\/2024\/04\/IMG_0057-1536x1024.jpg 1536w, https:\/\/insideamateurfussball-ffm.de\/wp-content\/uploads\/2024\/04\/IMG_0057-2048x1365.jpg 2048w\" sizes=\"auto, (max-width: 1024px) 100vw, 1024px\" \/><\/figure>\n","protected":false},"excerpt":{"rendered":"<p>Im Kampf gegen den Abstieg konnte die Spvgg. 03 Fechenheim drei wichtige Punkte einfahren, gegen den FV Bad Vilbel rettete Torwart Armin Buchholz den knappen 1:0-Erfolg, der Abstand zum Relegationsplatz wurde auf 4 Punkte vergr\u00f6\u00dfert. Spvgg. 03 Fechenheim &#8211; FV Bad Vilbel 1:0 (1:0) Die Spvgg. 03 Fechenheim kam gegen den abstiegsgef\u00e4hrdeten FV Bad Vilbel [&hellip;]<\/p>\n","protected":false},"author":3,"featured_media":18279,"comment_status":"open","ping_status":"open","sticky":true,"template":"","format":"standard","meta":{"footnotes":""},"categories":[13],"tags":[],"class_list":["post-18313","post","type-post","status-publish","format-standard","has-post-thumbnail","hentry","category-gruppenliga-frankfurt-west"],"_links":{"self":[{"href":"https:\/\/insideamateurfussball-ffm.de\/index.php?rest_route=\/wp\/v2\/posts\/18313","targetHints":{"allow":["GET"]}}],"collection":[{"href":"https:\/\/insideamateurfussball-ffm.de\/index.php?rest_route=\/wp\/v2\/posts"}],"about":[{"href":"https:\/\/insideamateurfussball-ffm.de\/index.php?rest_route=\/wp\/v2\/types\/post"}],"author":[{"embeddable":true,"href":"https:\/\/insideamateurfussball-ffm.de\/index.php?rest_route=\/wp\/v2\/users\/3"}],"replies":[{"embeddable":true,"href":"https:\/\/insideamateurfussball-ffm.de\/index.php?rest_route=%2Fwp%2Fv2%2Fcomments&post=18313"}],"version-history":[{"count":3,"href":"https:\/\/insideamateurfussball-ffm.de\/index.php?rest_route=\/wp\/v2\/posts\/18313\/revisions"}],"predecessor-version":[{"id":18363,"href":"https:\/\/insideamateurfussball-ffm.de\/index.php?rest_route=\/wp\/v2\/posts\/18313\/revisions\/18363"}],"wp:featuredmedia":[{"embeddable":true,"href":"https:\/\/insideamateurfussball-ffm.de\/index.php?rest_route=\/wp\/v2\/media\/18279"}],"wp:attachment":[{"href":"https:\/\/insideamateurfussball-ffm.de\/index.php?rest_route=%2Fwp%2Fv2%2Fmedia&parent=18313"}],"wp:term":[{"taxonomy":"category","embeddable":true,"href":"https:\/\/insideamateurfussball-ffm.de\/index.php?rest_route=%2Fwp%2Fv2%2Fcategories&post=18313"},{"taxonomy":"post_tag","embeddable":true,"href":"https:\/\/insideamateurfussball-ffm.de\/index.php?rest_route=%2Fwp%2Fv2%2Ftags&post=18313"}],"curies":[{"name":"wp","href":"https:\/\/api.w.org\/{rel}","templated":true}]}}