{"id":18290,"date":"2024-04-21T22:30:27","date_gmt":"2024-04-21T20:30:27","guid":{"rendered":"https:\/\/insideamateurfussball-ffm.de\/?p=18290"},"modified":"2024-04-21T22:31:31","modified_gmt":"2024-04-21T20:31:31","slug":"karlo-luketic-neuer-trainer-beim-fc-croatia","status":"publish","type":"post","link":"https:\/\/insideamateurfussball-ffm.de\/?p=18290","title":{"rendered":"Karlo Luketic neuer Trainer beim FC Croatia"},"content":{"rendered":"<h5><span style=\"font-size: 16px;\">Mit dem neuen Trainer Karlo Luketic unterlag der FC Croatia bei der abstiegsbedrohten SG Westend mit 3:4 (gesonderter Spielbericht folgt).\u00a0<\/span><\/h5>\n<figure id=\"attachment_18291\" aria-describedby=\"caption-attachment-18291\" style=\"width: 649px\" class=\"wp-caption alignleft\"><img loading=\"lazy\" decoding=\"async\" class=\"wp-image-18291\" src=\"http:\/\/insideamateurfussball-ffm.de\/wp-content\/uploads\/2024\/04\/Luketic-768x1024.jpg\" alt=\"\" width=\"649\" height=\"865\" srcset=\"https:\/\/insideamateurfussball-ffm.de\/wp-content\/uploads\/2024\/04\/Luketic-768x1024.jpg 768w, https:\/\/insideamateurfussball-ffm.de\/wp-content\/uploads\/2024\/04\/Luketic-225x300.jpg 225w, https:\/\/insideamateurfussball-ffm.de\/wp-content\/uploads\/2024\/04\/Luketic-1152x1536.jpg 1152w, https:\/\/insideamateurfussball-ffm.de\/wp-content\/uploads\/2024\/04\/Luketic.jpg 1200w\" sizes=\"auto, (max-width: 649px) 100vw, 649px\" \/><figcaption id=\"caption-attachment-18291\" class=\"wp-caption-text\">Croatias neuer Trainer Karlo Luketic. Foto: Stanislav Konta.<\/figcaption><\/figure>\n<p><img loading=\"lazy\" decoding=\"async\" class=\"alignnone size-full wp-image-29\" src=\"http:\/\/insideamateurfussball-ffm.de\/wp-content\/uploads\/2021\/11\/croatia.jpg\" alt=\"\" width=\"63\" height=\"80\" \/><\/p>\n<p><span style=\"font-size: 16px;\">Mit Karlo Luketic pr\u00e4sentierte der Tabellendritte FC Croatia vor der Ausw\u00e4rtspartie bei der SG Westend schon den vierten Trainer in der laufenden Saison. Der 36-j\u00e4hrige \u00fcbernimmt mit sofortiger Wirkung das Amt des in der Vorwoche entlassenen Andreas Anicic, dem vom Vorstand der lustlose Auftritt bei der 1:6-Niederlage vor zwei Wochen beim SV Griesheim Tarik zur Last gelegt worden war.<\/span><\/p>\n<p><span style=\"font-size: 16px;\">Zuvor hatte sich der bis Februar noch gesperrte, zwischenzeitlich entlassene und zur\u00fcckgeholte Ex-Profi Michael Anicic aus privaten Gr\u00fcnden verabschiedet. <\/span><\/p>\n<p><span style=\"font-size: 16px;\">Bis Dezember stand zudem G\u00f6khan Simsek an der Seitenlinie. Nachdem s\u00e4mtliche Aufstiegshoffnungen verspielt wurden, plant der Verein mit dem 36-j\u00e4hrigen Sportwissenschaftler, der als Athletik-Trainer und f\u00fcr den kroatischen Verband als Auswahltrainer mit Sichtungsaufgaben in Deutschland arbeitet, f\u00fcr die kommende Runde. &#8222;Ich kenne viele kroatische Fu\u00dfballer, die f\u00fcr den FC Croatia in Betracht kommen&#8220;, verweist Luketic auf sein breites Netzwerk.<\/span><\/p>\n","protected":false},"excerpt":{"rendered":"<p>Mit dem neuen Trainer Karlo Luketic unterlag der FC Croatia bei der abstiegsbedrohten SG Westend mit 3:4 (gesonderter Spielbericht folgt).\u00a0 Mit Karlo Luketic pr\u00e4sentierte der Tabellendritte FC Croatia vor der Ausw\u00e4rtspartie bei der SG Westend schon den vierten Trainer in der laufenden Saison. Der 36-j\u00e4hrige \u00fcbernimmt mit sofortiger Wirkung das Amt des in der Vorwoche [&hellip;]<\/p>\n","protected":false},"author":1,"featured_media":18291,"comment_status":"open","ping_status":"open","sticky":true,"template":"","format":"standard","meta":{"footnotes":""},"categories":[2],"tags":[],"class_list":["post-18290","post","type-post","status-publish","format-standard","has-post-thumbnail","hentry","category-kreisoberliga-frankfurt"],"_links":{"self":[{"href":"https:\/\/insideamateurfussball-ffm.de\/index.php?rest_route=\/wp\/v2\/posts\/18290","targetHints":{"allow":["GET"]}}],"collection":[{"href":"https:\/\/insideamateurfussball-ffm.de\/index.php?rest_route=\/wp\/v2\/posts"}],"about":[{"href":"https:\/\/insideamateurfussball-ffm.de\/index.php?rest_route=\/wp\/v2\/types\/post"}],"author":[{"embeddable":true,"href":"https:\/\/insideamateurfussball-ffm.de\/index.php?rest_route=\/wp\/v2\/users\/1"}],"replies":[{"embeddable":true,"href":"https:\/\/insideamateurfussball-ffm.de\/index.php?rest_route=%2Fwp%2Fv2%2Fcomments&post=18290"}],"version-history":[{"count":2,"href":"https:\/\/insideamateurfussball-ffm.de\/index.php?rest_route=\/wp\/v2\/posts\/18290\/revisions"}],"predecessor-version":[{"id":18293,"href":"https:\/\/insideamateurfussball-ffm.de\/index.php?rest_route=\/wp\/v2\/posts\/18290\/revisions\/18293"}],"wp:featuredmedia":[{"embeddable":true,"href":"https:\/\/insideamateurfussball-ffm.de\/index.php?rest_route=\/wp\/v2\/media\/18291"}],"wp:attachment":[{"href":"https:\/\/insideamateurfussball-ffm.de\/index.php?rest_route=%2Fwp%2Fv2%2Fmedia&parent=18290"}],"wp:term":[{"taxonomy":"category","embeddable":true,"href":"https:\/\/insideamateurfussball-ffm.de\/index.php?rest_route=%2Fwp%2Fv2%2Fcategories&post=18290"},{"taxonomy":"post_tag","embeddable":true,"href":"https:\/\/insideamateurfussball-ffm.de\/index.php?rest_route=%2Fwp%2Fv2%2Ftags&post=18290"}],"curies":[{"name":"wp","href":"https:\/\/api.w.org\/{rel}","templated":true}]}}