{"id":18273,"date":"2024-04-19T15:26:00","date_gmt":"2024-04-19T13:26:00","guid":{"rendered":"https:\/\/insideamateurfussball-ffm.de\/?p=18273"},"modified":"2024-04-19T15:26:00","modified_gmt":"2024-04-19T13:26:00","slug":"bosnier-streichen-drei-punkte-kampflos-ein","status":"publish","type":"post","link":"https:\/\/insideamateurfussball-ffm.de\/?p=18273","title":{"rendered":"Bosnier streichen drei Punkte kampflos ein"},"content":{"rendered":"<h5><span style=\"font-size: 16px;\">Die f\u00fcr den Freitagabend geplante Partie der Gruppenliga Frankfurt West zwischen Absteiger SV Gronau und dem SV Bosnien\/Herzegowina findet nicht statt. Die Gastgeber treten aus Personalmangel nicht an. Das Spiel wird mit 3:0 f\u00fcr die G\u00e4ste gewertet.\u00a0<\/span><\/h5>\n<figure id=\"attachment_18274\" aria-describedby=\"caption-attachment-18274\" style=\"width: 150px\" class=\"wp-caption alignleft\"><img loading=\"lazy\" decoding=\"async\" class=\"wp-image-18274 size-thumbnail\" src=\"http:\/\/insideamateurfussball-ffm.de\/wp-content\/uploads\/2024\/04\/bos5-11-150x150.jpg\" alt=\"\" width=\"150\" height=\"150\" \/><figcaption id=\"caption-attachment-18274\" class=\"wp-caption-text\">Bosnien-Trainer Amir Mustafic. Foto: Mithat G\u00fcrser.\u00a0<\/figcaption><\/figure>\n<h5><span style=\"font-size: 16px;\">SV Gronau &#8211; SV Bosnien\/Herzegowina 0:3 kampflos<\/span><\/h5>\n<p><img loading=\"lazy\" decoding=\"async\" class=\"alignnone size-full wp-image-699\" src=\"http:\/\/insideamateurfussball-ffm.de\/wp-content\/uploads\/2022\/06\/Gronau.jpg\" alt=\"\" width=\"80\" height=\"80\" \/><img loading=\"lazy\" decoding=\"async\" class=\"alignnone size-full wp-image-139\" src=\"http:\/\/insideamateurfussball-ffm.de\/wp-content\/uploads\/2022\/05\/Bosnien.jpg\" alt=\"\" width=\"79\" height=\"80\" \/><\/p>\n<p><span style=\"font-size: 16px;\">Der SV Bosnien\/Herzegowina h\u00e4tte die Favoritenrolle angenommen, die Funktion\u00e4re der G\u00e4ste vermuteten aber schon gestern Abend die Absage seitens der Bad Vilbeler Vorst\u00e4dter. Das Team des zur Winterpause gekommenen Trainers Amir Mustafic ist im neuen Jahr damit weiter ungeschlagen und rechnet sich als Tabellenvierter bei jetzt &#8211; zumindest bis Sonntag &#8211; nur noch zwei Punkten R\u00fcckstand noch Chancen auf die Teilnahme an der Relegation zur Verbandsliga S\u00fcd aus. <\/span><\/p>\n<p><span style=\"font-size: 16px;\">Aufsteiger Gronau steht hingegen im Fall von f\u00fcnf Direktabsteigern neben Schlusslicht Olympia Fauerbach als Absteiger fest.<\/span><\/p>\n<ul>\n<li><strong><span style=\"font-size: 16px;\">&#8222;Wir h\u00e4tten gerne gespielt&#8220; (Bosniens Sportlicher Leiter Asmir Husanovic)<\/span><\/strong><\/li>\n<\/ul>\n<p><span style=\"font-size: 16px;\">Mit 128 Gegentoren &#8211; mit dem 0:3 am gr\u00fcnen Tisch sind es 131 &#8211; hat der Bad Vilbeler Vorstadtclub als einziges Team eine dreistellige Anzahl vorzuweisen, zuletzt gab es f\u00fcr das Team des fr\u00fcher bei den Bosniern als Spieler und Trainer aktiven Husein Velagic 17 Niederlagen in Folge. <\/span><\/p>\n<p><span style=\"font-size: 16px;\">Kurios: Der letzte Sieg gelang den Gronauern mit 4:3 im Hinspiel an der Ackermannwiese. &#8222;Da waren wir stark ersatzgeschw\u00e4cht. Durch die Absage des R\u00fcckspiels kommen wir jetzt leider aus dem Rhythmus. Wir h\u00e4tten gerne gespielt&#8220;, so der Sportliche Leiter Asmir Husanovic.<\/span><\/p>\n","protected":false},"excerpt":{"rendered":"<p>Die f\u00fcr den Freitagabend geplante Partie der Gruppenliga Frankfurt West zwischen Absteiger SV Gronau und dem SV Bosnien\/Herzegowina findet nicht statt. Die Gastgeber treten aus Personalmangel nicht an. Das Spiel wird mit 3:0 f\u00fcr die G\u00e4ste gewertet.\u00a0 SV Gronau &#8211; SV Bosnien\/Herzegowina 0:3 kampflos Der SV Bosnien\/Herzegowina h\u00e4tte die Favoritenrolle angenommen, die Funktion\u00e4re der G\u00e4ste [&hellip;]<\/p>\n","protected":false},"author":1,"featured_media":18274,"comment_status":"open","ping_status":"open","sticky":true,"template":"","format":"standard","meta":{"footnotes":""},"categories":[13],"tags":[],"class_list":["post-18273","post","type-post","status-publish","format-standard","has-post-thumbnail","hentry","category-gruppenliga-frankfurt-west"],"_links":{"self":[{"href":"https:\/\/insideamateurfussball-ffm.de\/index.php?rest_route=\/wp\/v2\/posts\/18273","targetHints":{"allow":["GET"]}}],"collection":[{"href":"https:\/\/insideamateurfussball-ffm.de\/index.php?rest_route=\/wp\/v2\/posts"}],"about":[{"href":"https:\/\/insideamateurfussball-ffm.de\/index.php?rest_route=\/wp\/v2\/types\/post"}],"author":[{"embeddable":true,"href":"https:\/\/insideamateurfussball-ffm.de\/index.php?rest_route=\/wp\/v2\/users\/1"}],"replies":[{"embeddable":true,"href":"https:\/\/insideamateurfussball-ffm.de\/index.php?rest_route=%2Fwp%2Fv2%2Fcomments&post=18273"}],"version-history":[{"count":1,"href":"https:\/\/insideamateurfussball-ffm.de\/index.php?rest_route=\/wp\/v2\/posts\/18273\/revisions"}],"predecessor-version":[{"id":18275,"href":"https:\/\/insideamateurfussball-ffm.de\/index.php?rest_route=\/wp\/v2\/posts\/18273\/revisions\/18275"}],"wp:featuredmedia":[{"embeddable":true,"href":"https:\/\/insideamateurfussball-ffm.de\/index.php?rest_route=\/wp\/v2\/media\/18274"}],"wp:attachment":[{"href":"https:\/\/insideamateurfussball-ffm.de\/index.php?rest_route=%2Fwp%2Fv2%2Fmedia&parent=18273"}],"wp:term":[{"taxonomy":"category","embeddable":true,"href":"https:\/\/insideamateurfussball-ffm.de\/index.php?rest_route=%2Fwp%2Fv2%2Fcategories&post=18273"},{"taxonomy":"post_tag","embeddable":true,"href":"https:\/\/insideamateurfussball-ffm.de\/index.php?rest_route=%2Fwp%2Fv2%2Ftags&post=18273"}],"curies":[{"name":"wp","href":"https:\/\/api.w.org\/{rel}","templated":true}]}}