{"id":18164,"date":"2024-04-16T15:23:10","date_gmt":"2024-04-16T13:23:10","guid":{"rendered":"https:\/\/insideamateurfussball-ffm.de\/?p=18164"},"modified":"2024-04-16T15:23:10","modified_gmt":"2024-04-16T13:23:10","slug":"viktoria-preussen-klarer-sieger-in-roedelheim","status":"publish","type":"post","link":"https:\/\/insideamateurfussball-ffm.de\/?p=18164","title":{"rendered":"Viktoria Preu\u00dfen klarer Sieger in R\u00f6delheim"},"content":{"rendered":"<h3>Der SV Viktoria Preu\u00dfen bleibt mit dem 6:2-Sieg beim neuen Schlusslicht R\u00f6delheimer FC am Spitzenreiter TSKV T\u00fcrkg\u00fcc\u00fc dran und sichert gleichzeitig den zweiten Platz ab, der ja zur Teilnahme an der Aufstiegsrunde zur Gruppenliga Frankfurt West berechtigt. Die R\u00f6delheimer haben im engen Abstiegskampf der Kreisoberliga dennoch weiter gute Chancen, noch die Klasse zu halten.<\/h3>\n<figure id=\"attachment_18165\" aria-describedby=\"caption-attachment-18165\" style=\"width: 640px\" class=\"wp-caption alignright\"><img loading=\"lazy\" decoding=\"async\" class=\"wp-image-18165 size-large\" src=\"http:\/\/insideamateurfussball-ffm.de\/wp-content\/uploads\/2024\/04\/Roe-preu-1024x650.jpg\" alt=\"\" width=\"640\" height=\"406\" srcset=\"https:\/\/insideamateurfussball-ffm.de\/wp-content\/uploads\/2024\/04\/Roe-preu-1024x650.jpg 1024w, https:\/\/insideamateurfussball-ffm.de\/wp-content\/uploads\/2024\/04\/Roe-preu-300x190.jpg 300w, https:\/\/insideamateurfussball-ffm.de\/wp-content\/uploads\/2024\/04\/Roe-preu-768x487.jpg 768w, https:\/\/insideamateurfussball-ffm.de\/wp-content\/uploads\/2024\/04\/Roe-preu-1536x974.jpg 1536w, https:\/\/insideamateurfussball-ffm.de\/wp-content\/uploads\/2024\/04\/Roe-preu.jpg 2048w\" sizes=\"auto, (max-width: 640px) 100vw, 640px\" \/><figcaption id=\"caption-attachment-18165\" class=\"wp-caption-text\">&#8222;Preu\u00dfen&#8220; und R\u00f6delheimer begr\u00fc\u00dfen das Publikum. Foto: Dago Reinprecht.\u00a0\u00a0<\/figcaption><\/figure>\n<h3>1. R\u00f6delheimer FC 02 &#8211; SV Viktoria Preu\u00dfen 2:6 (0:2)<\/h3>\n<p><img loading=\"lazy\" decoding=\"async\" class=\"alignnone size-full wp-image-932\" src=\"http:\/\/insideamateurfussball-ffm.de\/wp-content\/uploads\/2022\/06\/Roedelheim.jpg\" alt=\"\" width=\"80\" height=\"73\" \/><img loading=\"lazy\" decoding=\"async\" class=\"alignnone size-full wp-image-12\" src=\"http:\/\/insideamateurfussball-ffm.de\/wp-content\/uploads\/2021\/11\/preussen.jpg\" alt=\"\" width=\"72\" height=\"80\" \/><\/p>\n<p>Aus Sicht vom RFC-Pressesprecher Volker Flauaus &#8222;bezog der Club\u00a0eine verdiente Niederlage gegen den starken Tabellenzweiten und befindet sich nach dem Sieg von Westend auf dem letzten Tabellenplatz wieder.&#8220;<\/p>\n<p>Die Preu\u00dfen waren fast \u00fcber die gesamte Spielzeit die wesentlich reifere Mannschaft. Ballsicher und konsequenter bei der Chancenverwertung. &#8222;In der ersten Halbzeit hatten wir auch drei gute Chancen, doch Enno Lang, Paskal Marinic und Mathias Przerwok hatten kein Abschlussgl\u00fcck&#8220;, schilderte Flauaus.<\/p>\n<h3><span style=\"text-decoration: underline;\">&#8222;Die Tore zum 0:2 und 0:3 haben uns das Genick gebrochen, dann auch noch zwei klare Abseitstore bei den Treffern zum 1:4 und 1:5.&#8220; (RFC-Pressesprecher Volker Flauaus)<\/span><\/h3>\n<p>Der Aufstiegsaspirant ging durch Golagetter Cherano Willef\u00fchr in F\u00fchrung (26.). Kurz vor und kurz nach dem Seitenwechsel legten die G\u00e4ste mit Isaiah Adu (45.) und Oskar Copik nach (50.). &#8222;Die Tore zum 0:2 und 0:3 haben uns das Genick gebrochen, dann auch noch zwei klare Abseitstore bei den Treffern zum 1:4 und 1:5. Danach schaukelten die Preu\u00dfen das Spiel zu Ende, wir haben trotzdem Reaktion gezeigt und noch zwei eigene Treffer erzielt&#8220;, berichtete Flauaus. R\u00f6delheim verk\u00fcrzte mit Adam Zazoua (53.), aber Cherano stellte mit Saisontreffer Nummer 31postwendend den alten Abstand wieder her (55.). Sedek Bangura erh\u00f6hte (61.), ehe RFC-St\u00fcrmer Enno Lang noch mal verk\u00fcrzte (72.).<\/p>\n<p>Den Schlusspunkt setzte Khalil Jiab Boukraa f\u00fcr die G\u00e4ste (90.). F\u00fcr das Schlusslicht steht am Sonntag das wichtige Gastspiel beim sich im freien Fall befindenden Nachbarn FV Hausen an (15 Uhr). Mit nur einem Punkt weniger w\u00fcrde der Club an den Lila-Wei\u00dfen mit einem Sieg vorbeiziehen. Preu\u00dfen-Trainer Artur Rissling sagte zum 19. Saisonsieg: &#8222;Hausaufgaben erledigt mit einem hochverdienten Sieg und sch\u00f6nen Toren.&#8220; F\u00fcr Sonntag erwartet der Coach beim Rangsechsten FC Kosova &#8222;ein schweres Spiel, da versuchen wir dran zu bleiben an T\u00fcrkg\u00fcc\u00fc f\u00fcr den Endspurt der letzten f\u00fcnf Spiele.&#8220;<\/p>\n<h3><span style=\"text-decoration: underline;\">Schiedsrichter: Stefan Gei\u00df (FC Lorbach). Zuschauer: 70. <\/span><\/h3>\n<h3><span style=\"text-decoration: underline;\">Tore: 0:1 Cherano Willef\u00fchr (26.), 0:2 Isaiah Adu (45.), 0:3 Oskar Copik (50.), 1:3 Adam Zazoua (53.), 1:4 Cherano Willef\u00fchr (55.), 1:5 Sedek Bangura (61.), 2:5 Enno Lang (72.), 2:5 Khalil Jiab Boukraa (90.).<\/span><\/h3>\n","protected":false},"excerpt":{"rendered":"<p>Der SV Viktoria Preu\u00dfen bleibt mit dem 6:2-Sieg beim neuen Schlusslicht R\u00f6delheimer FC am Spitzenreiter TSKV T\u00fcrkg\u00fcc\u00fc dran und sichert gleichzeitig den zweiten Platz ab, der ja zur Teilnahme an der Aufstiegsrunde zur Gruppenliga Frankfurt West berechtigt. Die R\u00f6delheimer haben im engen Abstiegskampf der Kreisoberliga dennoch weiter gute Chancen, noch die Klasse zu halten. 1. [&hellip;]<\/p>\n","protected":false},"author":1,"featured_media":18165,"comment_status":"open","ping_status":"open","sticky":true,"template":"","format":"standard","meta":{"footnotes":""},"categories":[2],"tags":[],"class_list":["post-18164","post","type-post","status-publish","format-standard","has-post-thumbnail","hentry","category-kreisoberliga-frankfurt"],"_links":{"self":[{"href":"https:\/\/insideamateurfussball-ffm.de\/index.php?rest_route=\/wp\/v2\/posts\/18164","targetHints":{"allow":["GET"]}}],"collection":[{"href":"https:\/\/insideamateurfussball-ffm.de\/index.php?rest_route=\/wp\/v2\/posts"}],"about":[{"href":"https:\/\/insideamateurfussball-ffm.de\/index.php?rest_route=\/wp\/v2\/types\/post"}],"author":[{"embeddable":true,"href":"https:\/\/insideamateurfussball-ffm.de\/index.php?rest_route=\/wp\/v2\/users\/1"}],"replies":[{"embeddable":true,"href":"https:\/\/insideamateurfussball-ffm.de\/index.php?rest_route=%2Fwp%2Fv2%2Fcomments&post=18164"}],"version-history":[{"count":1,"href":"https:\/\/insideamateurfussball-ffm.de\/index.php?rest_route=\/wp\/v2\/posts\/18164\/revisions"}],"predecessor-version":[{"id":18166,"href":"https:\/\/insideamateurfussball-ffm.de\/index.php?rest_route=\/wp\/v2\/posts\/18164\/revisions\/18166"}],"wp:featuredmedia":[{"embeddable":true,"href":"https:\/\/insideamateurfussball-ffm.de\/index.php?rest_route=\/wp\/v2\/media\/18165"}],"wp:attachment":[{"href":"https:\/\/insideamateurfussball-ffm.de\/index.php?rest_route=%2Fwp%2Fv2%2Fmedia&parent=18164"}],"wp:term":[{"taxonomy":"category","embeddable":true,"href":"https:\/\/insideamateurfussball-ffm.de\/index.php?rest_route=%2Fwp%2Fv2%2Fcategories&post=18164"},{"taxonomy":"post_tag","embeddable":true,"href":"https:\/\/insideamateurfussball-ffm.de\/index.php?rest_route=%2Fwp%2Fv2%2Ftags&post=18164"}],"curies":[{"name":"wp","href":"https:\/\/api.w.org\/{rel}","templated":true}]}}