{"id":18071,"date":"2024-04-15T11:00:00","date_gmt":"2024-04-15T09:00:00","guid":{"rendered":"https:\/\/insideamateurfussball-ffm.de\/?p=18071"},"modified":"2024-04-15T19:56:28","modified_gmt":"2024-04-15T17:56:28","slug":"zeilsheim-fehlt-gegen-hadamar-das-spielglueck","status":"publish","type":"post","link":"https:\/\/insideamateurfussball-ffm.de\/?p=18071","title":{"rendered":"Zeilsheim fehlt gegen Hadamar das Spielgl\u00fcck"},"content":{"rendered":"<h3>Der SV Zeilsheim unterlag in der Verbandsliga Mitte dem Hessenliga-Absteiger SV Rot-Wei\u00df Hadamar mit 1:2 (0:1) und fiel in der Tabelle auf Rang neun zur\u00fcck.<\/h3>\n<figure id=\"attachment_18072\" aria-describedby=\"caption-attachment-18072\" style=\"width: 533px\" class=\"wp-caption alignnone\"><img loading=\"lazy\" decoding=\"async\" class=\"wp-image-18072 size-full\" src=\"http:\/\/insideamateurfussball-ffm.de\/wp-content\/uploads\/2024\/04\/25a-Samed-Guersoy-sein-Anschlusstreffer-kam-zu-spaet.jpg\" alt=\"\" width=\"533\" height=\"749\" srcset=\"https:\/\/insideamateurfussball-ffm.de\/wp-content\/uploads\/2024\/04\/25a-Samed-Guersoy-sein-Anschlusstreffer-kam-zu-spaet.jpg 533w, https:\/\/insideamateurfussball-ffm.de\/wp-content\/uploads\/2024\/04\/25a-Samed-Guersoy-sein-Anschlusstreffer-kam-zu-spaet-213x300.jpg 213w\" sizes=\"auto, (max-width: 533px) 100vw, 533px\" \/><figcaption id=\"caption-attachment-18072\" class=\"wp-caption-text\">Der Zeilsheimer Torj\u00e4ger Abdussamed G\u00fcrsoy. Foto: Peter Strauch.<\/figcaption><\/figure>\n<h3><span style=\"font-size: 16px;\">SV Zeilsheim &#8211; SV Rot-Wei\u00df Hadamar 1:2 (0:1)<\/span><\/h3>\n<p><img loading=\"lazy\" decoding=\"async\" class=\"alignnone size-full wp-image-1153\" src=\"http:\/\/insideamateurfussball-ffm.de\/wp-content\/uploads\/2022\/07\/SVZe.jpg\" alt=\"\" width=\"68\" height=\"80\" \/><img loading=\"lazy\" decoding=\"async\" class=\"alignnone size-full wp-image-18074\" src=\"http:\/\/insideamateurfussball-ffm.de\/wp-content\/uploads\/2024\/04\/hadamar-w.png\" alt=\"\" width=\"80\" height=\"80\" \/><\/p>\n<div data-canvas-width=\"554.1653333333331\">Am Ende behielten die G\u00e4ste die Oberhand, weil sie ihre Chancen kaltschn\u00e4uzig nutzten, in Christopher Strauch einen b\u00e4renstarken Keeper zwischen den Pfosten und das &#8222;Spielgl\u00fcck auf ihrer Seite&#8220; hatten, wie der SV-Vorsitzende Peter Strauch erkannte. <span style=\"color: initial;\">Quasi mit dem Halbzeitpfiff eines intensiven Duells auf Augenh\u00f6he gingen die G\u00e4ste durch <\/span><span style=\"color: initial;\">Enis Halimi in Front. <\/span><\/div>\n<div data-canvas-width=\"554.1653333333331\"><\/div>\n<div data-canvas-width=\"554.1653333333331\"><span style=\"color: initial;\">Der eigentlich mit dem R\u00fccken zum Tor stand, sich dann aufdrehte und <\/span><span style=\"color: initial;\">den Ball in die Mitte gab. &#8222;Der Ball ist aus dem Nichts am langen Pfosten ins Eck gefallen&#8220;, <\/span><span style=\"color: initial;\"><span style=\"color: initial;\">sagte Strauch. <\/span><\/span><span style=\"color: initial;\">Nach der Halbzeit entsch\u00e4rfte sein Namensvetter im Tor der Rot-Wei\u00dfen einen Kopfball von <\/span><span style=\"color: initial;\">Laurin Vogt mit einer Glanzparade, ehe eine Viertelstunde vor Schluss Viktors Geraskins <\/span><span style=\"color: initial;\">nach einem Querpass nur noch den Fu\u00df hinhalten musste &#8211; 0:2.<\/span><\/div>\n<div data-canvas-width=\"597.3439999999999\"><\/div>\n<h3 data-canvas-width=\"597.3439999999999\"><span style=\"text-decoration: underline; font-size: 16px;\">Burgsolms kommt nach Zeilsheim <\/span><\/h3>\n<div data-canvas-width=\"554.1653333333331\">\n<div data-canvas-width=\"597.3439999999999\"><\/div>\n<div data-canvas-width=\"597.3439999999999\">Der Anschlusstreffer durch Samed G\u00fcrsoy in der Schlussminute (90.+4) kam zu sp\u00e4t, zuvor hatte der Zeilsheimer Goalgetter hauchd\u00fcnn \u00fcber das Tor gezielt (80.) oder war an weiteren starken Paraden von Strauch per Schuss aus 17 Metern (86.) oder per Seitfallzieher (89.) gescheitert.<\/div>\n<div data-canvas-width=\"597.3439999999999\"><\/div>\n<div data-canvas-width=\"597.3439999999999\">F\u00fcr Hadamar vergab Jerome Zey mit einem Lattenschuss die Chance aufs zwischenzeitliche 3:0 aus Hadamar-Sicht. Am n\u00e4chsten Sonntag kommt der FC Burgsolms nach Zeilsheim \u2013 Gelegenheit f\u00fcr den SV sich zu rehabilitieren.<\/div>\n<\/div>\n<div data-canvas-width=\"597.3439999999999\"><\/div>\n<h3 data-canvas-width=\"597.3439999999999\"><span style=\"text-decoration: underline;\">Schiedsrichter: Leonard Martin (VfB Ginsheim). Zuschauer: 50.\u00a0<\/span><\/h3>\n<h3 data-canvas-width=\"597.3439999999999\"><span style=\"text-decoration: underline;\"> Tore: 0:1 Enis Halimi (49.), 0:2 Viktors Geraskins (74.), 1:2 Abdussamed G\u00fcrsoy (90.\/+5).<\/span><\/h3>\n<div data-canvas-width=\"554.1653333333331\">\n<div data-canvas-width=\"601.3333333333329\"><\/div>\n<\/div>\n","protected":false},"excerpt":{"rendered":"<p>Der SV Zeilsheim unterlag in der Verbandsliga Mitte dem Hessenliga-Absteiger SV Rot-Wei\u00df Hadamar mit 1:2 (0:1) und fiel in der Tabelle auf Rang neun zur\u00fcck. SV Zeilsheim &#8211; SV Rot-Wei\u00df Hadamar 1:2 (0:1) Am Ende behielten die G\u00e4ste die Oberhand, weil sie ihre Chancen kaltschn\u00e4uzig nutzten, in Christopher Strauch einen b\u00e4renstarken Keeper zwischen den Pfosten [&hellip;]<\/p>\n","protected":false},"author":1,"featured_media":18072,"comment_status":"open","ping_status":"open","sticky":true,"template":"","format":"standard","meta":{"footnotes":""},"categories":[32],"tags":[],"class_list":["post-18071","post","type-post","status-publish","format-standard","has-post-thumbnail","hentry","category-verbandsliga-mitte"],"_links":{"self":[{"href":"https:\/\/insideamateurfussball-ffm.de\/index.php?rest_route=\/wp\/v2\/posts\/18071","targetHints":{"allow":["GET"]}}],"collection":[{"href":"https:\/\/insideamateurfussball-ffm.de\/index.php?rest_route=\/wp\/v2\/posts"}],"about":[{"href":"https:\/\/insideamateurfussball-ffm.de\/index.php?rest_route=\/wp\/v2\/types\/post"}],"author":[{"embeddable":true,"href":"https:\/\/insideamateurfussball-ffm.de\/index.php?rest_route=\/wp\/v2\/users\/1"}],"replies":[{"embeddable":true,"href":"https:\/\/insideamateurfussball-ffm.de\/index.php?rest_route=%2Fwp%2Fv2%2Fcomments&post=18071"}],"version-history":[{"count":1,"href":"https:\/\/insideamateurfussball-ffm.de\/index.php?rest_route=\/wp\/v2\/posts\/18071\/revisions"}],"predecessor-version":[{"id":18075,"href":"https:\/\/insideamateurfussball-ffm.de\/index.php?rest_route=\/wp\/v2\/posts\/18071\/revisions\/18075"}],"wp:featuredmedia":[{"embeddable":true,"href":"https:\/\/insideamateurfussball-ffm.de\/index.php?rest_route=\/wp\/v2\/media\/18072"}],"wp:attachment":[{"href":"https:\/\/insideamateurfussball-ffm.de\/index.php?rest_route=%2Fwp%2Fv2%2Fmedia&parent=18071"}],"wp:term":[{"taxonomy":"category","embeddable":true,"href":"https:\/\/insideamateurfussball-ffm.de\/index.php?rest_route=%2Fwp%2Fv2%2Fcategories&post=18071"},{"taxonomy":"post_tag","embeddable":true,"href":"https:\/\/insideamateurfussball-ffm.de\/index.php?rest_route=%2Fwp%2Fv2%2Ftags&post=18071"}],"curies":[{"name":"wp","href":"https:\/\/api.w.org\/{rel}","templated":true}]}}