{"id":18054,"date":"2024-04-15T18:09:54","date_gmt":"2024-04-15T16:09:54","guid":{"rendered":"https:\/\/insideamateurfussball-ffm.de\/?p=18054"},"modified":"2024-04-15T18:09:54","modified_gmt":"2024-04-15T16:09:54","slug":"bosnien-schickt-fechenheim-mit-61-nach-hause","status":"publish","type":"post","link":"https:\/\/insideamateurfussball-ffm.de\/?p=18054","title":{"rendered":"Bosnien schickt Fechenheim mit 6:1 nach Hause"},"content":{"rendered":"<h4>Der SV BKC Bosnien\/Herzegowina kam auch ohne seine zwei Topst\u00fcrmer Adis Hasecic und Secouba Diatta zu einem deutlichen 6:1-Sieg gegen die Spvgg. 03 Fechenheim, die weiterhin zittern muss, um nicht auf den Relegationsplatz zu rutschen.<\/h4>\n<figure id=\"attachment_18066\" aria-describedby=\"caption-attachment-18066\" style=\"width: 945px\" class=\"wp-caption alignnone\"><img loading=\"lazy\" decoding=\"async\" class=\"wp-image-18066 size-full\" src=\"http:\/\/insideamateurfussball-ffm.de\/wp-content\/uploads\/2024\/04\/bos11.jpg\" alt=\"\" width=\"945\" height=\"631\" srcset=\"https:\/\/insideamateurfussball-ffm.de\/wp-content\/uploads\/2024\/04\/bos11.jpg 945w, https:\/\/insideamateurfussball-ffm.de\/wp-content\/uploads\/2024\/04\/bos11-300x200.jpg 300w, https:\/\/insideamateurfussball-ffm.de\/wp-content\/uploads\/2024\/04\/bos11-768x513.jpg 768w\" sizes=\"auto, (max-width: 945px) 100vw, 945px\" \/><figcaption id=\"caption-attachment-18066\" class=\"wp-caption-text\">Hier bejubeln die Spieler vom SV BKC Bosnien\/Herzegowina einen ihrer sechs Treffer. Foto: Mithat G\u00fcrser<\/figcaption><\/figure>\n<h4>SV BKC Bosnien\/Herzegowina &#8211; Spvgg. 03 Fechenheim 6:1 (2:0)<\/h4>\n<p><img loading=\"lazy\" decoding=\"async\" class=\"alignnone size-full wp-image-139\" src=\"http:\/\/insideamateurfussball-ffm.de\/wp-content\/uploads\/2022\/05\/Bosnien.jpg\" alt=\"\" width=\"79\" height=\"80\" \/><img loading=\"lazy\" decoding=\"async\" class=\"alignnone size-full wp-image-603\" src=\"http:\/\/insideamateurfussball-ffm.de\/wp-content\/uploads\/2022\/06\/Fech03.jpg\" alt=\"\" width=\"52\" height=\"80\" \/><\/p>\n<p>Zwar musste der SV BKC Bosnien\/Herzegowina urlaubs- und verletzungsbedingt auf 7 Spieler verzichten, dennoch hatten sie keine M\u00fche, die Spvgg. 03 Fechenheim klar mit 6.1 in die Schranken zu verweisen. Bereits in der 8.Minute war es Dejan Misic, der das 1.0 f\u00fcr die Gastgeber erzielen konnte. Die Bosnier hatten nach den Worten ihres Sportlichen Leiters Asmir Husanovic \u201evon Anfang an alles im Griff\u201c gehabt und \u201eeine sehr gute Mannschaftsleistung\u201c abgeliefert. F\u00fcr Fechenheims Pr\u00e4sident Reinhold Schmidt war das \u201eein gebrauchter Tag, gef\u00fchlt ist jeder Schuss beim Gegner ein Treffer gewesen\u201c.<\/p>\n<p>Erneut Dejan Misic erzielte dann in der 36.Minute mit seinem zweiten Treffer das 2:0, mit dem es auch in die Pause ging. Auch nach der Pause waren die Gastgeber \u00fcberlegen und kamen in der 58.Minute durch ein Tor von Amir Grabovica zum 3:0. Ab der 67.Minute h\u00e4tte das Spiel noch einmal eine Wendung bekommen k\u00f6nnen, denn nach einer roten Karte gegen den Bosnier Linus Krakow erziele Ouassim Ouass postwendend den Anschlusstreffer zum 3:1. Doch mit dem n\u00e4chsten Konter erh\u00f6hten die Bosnier durch Nudzeim Imamovic auf 4:1 (70.Minute), danach sanken bei Fechenheims Spielern die K\u00f6pfe. Die Gastgeber nutzten das aus und kamen noch zu zwei weiteren Toren durch Selim Zuna in der 75. Minute und ein Eigentor von Fechenheims Torh\u00fcter Armin Buchholz in der 86.Minute. Husanovic sagte nach dem Spiel: \u201edas war ein auch in der H\u00f6he verdienter Sieg. Die Jungens, die sonst auf der Bank sitzen, haben ihre Chancen genutzt und unsere drei St\u00fcrmer haben getroffen.\u201c F\u00fcr Reinhold Schmidt hei\u00dft es, in die Zukunft zu schauen: \u201ewir m\u00fcssen in den n\u00e4chsten zwei Wochen die n\u00f6tigen Punkte holen.\u201c Gegner sind dann der FV Bad Vilbel und FC Olympia Fauerbach.<\/p>\n<p>F\u00fcr den SV BKC Bosnien\/Herzegowina geht es am n\u00e4chsten Freitag zum SV Gronau.<\/p>\n<h4>Schiedsrichter: Adil Challoui (SKG Rumpenheim). Zuschauer: 150.<\/h4>\n<h4>Tore: 1:0 Dejan Misic (8.), 2:0 Dejan Misic (36.), 3:0 Amir Grabovica (58.), 3.1 Ouassim Ouass (67.), 4.1 Nudzeim Imamovic (70.), 5:1 Selim Zuna (75.), 6:1 Armin Buchholz (86., Eigentor)<\/h4>\n<blockquote>\n<h4>Die Fotos kommen von Mthat G\u00fcrser, der auch am Sonntag unterwegs war.<\/h4>\n<\/blockquote>\n\n\n<figure class=\"wp-block-image size-full\"><img loading=\"lazy\" decoding=\"async\" width=\"945\" height=\"629\" src=\"http:\/\/insideamateurfussball-ffm.de\/wp-content\/uploads\/2024\/04\/bos1.jpg\" alt=\"\" class=\"wp-image-18056\" srcset=\"https:\/\/insideamateurfussball-ffm.de\/wp-content\/uploads\/2024\/04\/bos1.jpg 945w, https:\/\/insideamateurfussball-ffm.de\/wp-content\/uploads\/2024\/04\/bos1-300x200.jpg 300w, https:\/\/insideamateurfussball-ffm.de\/wp-content\/uploads\/2024\/04\/bos1-768x511.jpg 768w\" sizes=\"auto, (max-width: 945px) 100vw, 945px\" \/><\/figure>\n\n\n\n<figure class=\"wp-block-image size-full\"><img loading=\"lazy\" decoding=\"async\" width=\"945\" height=\"629\" src=\"http:\/\/insideamateurfussball-ffm.de\/wp-content\/uploads\/2024\/04\/bos2.jpg\" alt=\"\" class=\"wp-image-18057\" srcset=\"https:\/\/insideamateurfussball-ffm.de\/wp-content\/uploads\/2024\/04\/bos2.jpg 945w, https:\/\/insideamateurfussball-ffm.de\/wp-content\/uploads\/2024\/04\/bos2-300x200.jpg 300w, https:\/\/insideamateurfussball-ffm.de\/wp-content\/uploads\/2024\/04\/bos2-768x511.jpg 768w\" sizes=\"auto, (max-width: 945px) 100vw, 945px\" \/><\/figure>\n\n\n\n<figure class=\"wp-block-image size-full\"><img loading=\"lazy\" decoding=\"async\" width=\"945\" height=\"629\" src=\"http:\/\/insideamateurfussball-ffm.de\/wp-content\/uploads\/2024\/04\/bos3.jpg\" alt=\"\" class=\"wp-image-18058\" srcset=\"https:\/\/insideamateurfussball-ffm.de\/wp-content\/uploads\/2024\/04\/bos3.jpg 945w, https:\/\/insideamateurfussball-ffm.de\/wp-content\/uploads\/2024\/04\/bos3-300x200.jpg 300w, https:\/\/insideamateurfussball-ffm.de\/wp-content\/uploads\/2024\/04\/bos3-768x511.jpg 768w\" sizes=\"auto, (max-width: 945px) 100vw, 945px\" \/><\/figure>\n\n\n\n<figure class=\"wp-block-image size-full\"><img loading=\"lazy\" decoding=\"async\" width=\"945\" height=\"724\" src=\"http:\/\/insideamateurfussball-ffm.de\/wp-content\/uploads\/2024\/04\/bos4.jpg\" alt=\"\" class=\"wp-image-18059\" srcset=\"https:\/\/insideamateurfussball-ffm.de\/wp-content\/uploads\/2024\/04\/bos4.jpg 945w, https:\/\/insideamateurfussball-ffm.de\/wp-content\/uploads\/2024\/04\/bos4-300x230.jpg 300w, https:\/\/insideamateurfussball-ffm.de\/wp-content\/uploads\/2024\/04\/bos4-768x588.jpg 768w\" sizes=\"auto, (max-width: 945px) 100vw, 945px\" \/><\/figure>\n\n\n\n<figure class=\"wp-block-image size-full\"><img loading=\"lazy\" decoding=\"async\" width=\"945\" height=\"629\" src=\"http:\/\/insideamateurfussball-ffm.de\/wp-content\/uploads\/2024\/04\/bos5.jpg\" alt=\"\" class=\"wp-image-18060\" srcset=\"https:\/\/insideamateurfussball-ffm.de\/wp-content\/uploads\/2024\/04\/bos5.jpg 945w, https:\/\/insideamateurfussball-ffm.de\/wp-content\/uploads\/2024\/04\/bos5-300x200.jpg 300w, https:\/\/insideamateurfussball-ffm.de\/wp-content\/uploads\/2024\/04\/bos5-768x511.jpg 768w\" sizes=\"auto, (max-width: 945px) 100vw, 945px\" \/><\/figure>\n\n\n\n<figure class=\"wp-block-image size-full\"><img loading=\"lazy\" decoding=\"async\" width=\"945\" height=\"629\" src=\"http:\/\/insideamateurfussball-ffm.de\/wp-content\/uploads\/2024\/04\/bos7.jpg\" alt=\"\" class=\"wp-image-18062\" srcset=\"https:\/\/insideamateurfussball-ffm.de\/wp-content\/uploads\/2024\/04\/bos7.jpg 945w, https:\/\/insideamateurfussball-ffm.de\/wp-content\/uploads\/2024\/04\/bos7-300x200.jpg 300w, https:\/\/insideamateurfussball-ffm.de\/wp-content\/uploads\/2024\/04\/bos7-768x511.jpg 768w\" sizes=\"auto, (max-width: 945px) 100vw, 945px\" \/><\/figure>\n\n\n\n<figure class=\"wp-block-image size-full\"><img loading=\"lazy\" decoding=\"async\" width=\"945\" height=\"669\" src=\"http:\/\/insideamateurfussball-ffm.de\/wp-content\/uploads\/2024\/04\/bos8.jpg\" alt=\"\" class=\"wp-image-18063\" srcset=\"https:\/\/insideamateurfussball-ffm.de\/wp-content\/uploads\/2024\/04\/bos8.jpg 945w, https:\/\/insideamateurfussball-ffm.de\/wp-content\/uploads\/2024\/04\/bos8-300x212.jpg 300w, https:\/\/insideamateurfussball-ffm.de\/wp-content\/uploads\/2024\/04\/bos8-768x544.jpg 768w\" sizes=\"auto, (max-width: 945px) 100vw, 945px\" \/><\/figure>\n\n\n\n<figure class=\"wp-block-image size-full\"><img loading=\"lazy\" decoding=\"async\" width=\"886\" height=\"590\" src=\"http:\/\/insideamateurfussball-ffm.de\/wp-content\/uploads\/2024\/04\/bos9.jpg\" alt=\"\" class=\"wp-image-18064\" srcset=\"https:\/\/insideamateurfussball-ffm.de\/wp-content\/uploads\/2024\/04\/bos9.jpg 886w, https:\/\/insideamateurfussball-ffm.de\/wp-content\/uploads\/2024\/04\/bos9-300x200.jpg 300w, https:\/\/insideamateurfussball-ffm.de\/wp-content\/uploads\/2024\/04\/bos9-768x511.jpg 768w\" sizes=\"auto, (max-width: 886px) 100vw, 886px\" \/><\/figure>\n\n\n\n<figure class=\"wp-block-image size-full\"><img loading=\"lazy\" decoding=\"async\" width=\"945\" height=\"629\" src=\"http:\/\/insideamateurfussball-ffm.de\/wp-content\/uploads\/2024\/04\/bos10.jpg\" alt=\"\" class=\"wp-image-18065\" srcset=\"https:\/\/insideamateurfussball-ffm.de\/wp-content\/uploads\/2024\/04\/bos10.jpg 945w, https:\/\/insideamateurfussball-ffm.de\/wp-content\/uploads\/2024\/04\/bos10-300x200.jpg 300w, https:\/\/insideamateurfussball-ffm.de\/wp-content\/uploads\/2024\/04\/bos10-768x511.jpg 768w\" sizes=\"auto, (max-width: 945px) 100vw, 945px\" \/><\/figure>\n\n\n\n<figure class=\"wp-block-image size-full\"><img loading=\"lazy\" decoding=\"async\" width=\"945\" height=\"697\" src=\"http:\/\/insideamateurfussball-ffm.de\/wp-content\/uploads\/2024\/04\/bos12.jpg\" alt=\"\" class=\"wp-image-18067\" srcset=\"https:\/\/insideamateurfussball-ffm.de\/wp-content\/uploads\/2024\/04\/bos12.jpg 945w, https:\/\/insideamateurfussball-ffm.de\/wp-content\/uploads\/2024\/04\/bos12-300x221.jpg 300w, https:\/\/insideamateurfussball-ffm.de\/wp-content\/uploads\/2024\/04\/bos12-768x566.jpg 768w\" sizes=\"auto, (max-width: 945px) 100vw, 945px\" \/><\/figure>\n\n\n\n<figure class=\"wp-block-image size-full\"><img loading=\"lazy\" decoding=\"async\" width=\"945\" height=\"629\" src=\"http:\/\/insideamateurfussball-ffm.de\/wp-content\/uploads\/2024\/04\/bos13.jpg\" alt=\"\" class=\"wp-image-18068\" srcset=\"https:\/\/insideamateurfussball-ffm.de\/wp-content\/uploads\/2024\/04\/bos13.jpg 945w, https:\/\/insideamateurfussball-ffm.de\/wp-content\/uploads\/2024\/04\/bos13-300x200.jpg 300w, https:\/\/insideamateurfussball-ffm.de\/wp-content\/uploads\/2024\/04\/bos13-768x511.jpg 768w\" sizes=\"auto, (max-width: 945px) 100vw, 945px\" \/><\/figure>\n\n\n\n<figure class=\"wp-block-image size-full\"><img loading=\"lazy\" decoding=\"async\" width=\"945\" height=\"633\" src=\"http:\/\/insideamateurfussball-ffm.de\/wp-content\/uploads\/2024\/04\/bos.jpg\" alt=\"\" class=\"wp-image-18055\" srcset=\"https:\/\/insideamateurfussball-ffm.de\/wp-content\/uploads\/2024\/04\/bos.jpg 945w, https:\/\/insideamateurfussball-ffm.de\/wp-content\/uploads\/2024\/04\/bos-300x201.jpg 300w, https:\/\/insideamateurfussball-ffm.de\/wp-content\/uploads\/2024\/04\/bos-768x514.jpg 768w\" sizes=\"auto, (max-width: 945px) 100vw, 945px\" \/><\/figure>\n","protected":false},"excerpt":{"rendered":"<p>Der SV BKC Bosnien\/Herzegowina kam auch ohne seine zwei Topst\u00fcrmer Adis Hasecic und Secouba Diatta zu einem deutlichen 6:1-Sieg gegen die Spvgg. 03 Fechenheim, die weiterhin zittern muss, um nicht auf den Relegationsplatz zu rutschen. SV BKC Bosnien\/Herzegowina &#8211; Spvgg. 03 Fechenheim 6:1 (2:0) Zwar musste der SV BKC Bosnien\/Herzegowina urlaubs- und verletzungsbedingt auf 7 [&hellip;]<\/p>\n","protected":false},"author":3,"featured_media":18066,"comment_status":"open","ping_status":"open","sticky":true,"template":"","format":"standard","meta":{"footnotes":""},"categories":[13],"tags":[],"class_list":["post-18054","post","type-post","status-publish","format-standard","has-post-thumbnail","hentry","category-gruppenliga-frankfurt-west"],"_links":{"self":[{"href":"https:\/\/insideamateurfussball-ffm.de\/index.php?rest_route=\/wp\/v2\/posts\/18054","targetHints":{"allow":["GET"]}}],"collection":[{"href":"https:\/\/insideamateurfussball-ffm.de\/index.php?rest_route=\/wp\/v2\/posts"}],"about":[{"href":"https:\/\/insideamateurfussball-ffm.de\/index.php?rest_route=\/wp\/v2\/types\/post"}],"author":[{"embeddable":true,"href":"https:\/\/insideamateurfussball-ffm.de\/index.php?rest_route=\/wp\/v2\/users\/3"}],"replies":[{"embeddable":true,"href":"https:\/\/insideamateurfussball-ffm.de\/index.php?rest_route=%2Fwp%2Fv2%2Fcomments&post=18054"}],"version-history":[{"count":2,"href":"https:\/\/insideamateurfussball-ffm.de\/index.php?rest_route=\/wp\/v2\/posts\/18054\/revisions"}],"predecessor-version":[{"id":18070,"href":"https:\/\/insideamateurfussball-ffm.de\/index.php?rest_route=\/wp\/v2\/posts\/18054\/revisions\/18070"}],"wp:featuredmedia":[{"embeddable":true,"href":"https:\/\/insideamateurfussball-ffm.de\/index.php?rest_route=\/wp\/v2\/media\/18066"}],"wp:attachment":[{"href":"https:\/\/insideamateurfussball-ffm.de\/index.php?rest_route=%2Fwp%2Fv2%2Fmedia&parent=18054"}],"wp:term":[{"taxonomy":"category","embeddable":true,"href":"https:\/\/insideamateurfussball-ffm.de\/index.php?rest_route=%2Fwp%2Fv2%2Fcategories&post=18054"},{"taxonomy":"post_tag","embeddable":true,"href":"https:\/\/insideamateurfussball-ffm.de\/index.php?rest_route=%2Fwp%2Fv2%2Ftags&post=18054"}],"curies":[{"name":"wp","href":"https:\/\/api.w.org\/{rel}","templated":true}]}}