{"id":18040,"date":"2024-04-15T17:29:35","date_gmt":"2024-04-15T15:29:35","guid":{"rendered":"https:\/\/insideamateurfussball-ffm.de\/?p=18040"},"modified":"2024-04-15T17:29:35","modified_gmt":"2024-04-15T15:29:35","slug":"seckbach-mit-wichtigem-dreier","status":"publish","type":"post","link":"https:\/\/insideamateurfussball-ffm.de\/?p=18040","title":{"rendered":"Seckbach mit wichtigem Dreier"},"content":{"rendered":"<h4>Nach der ungl\u00fccklichen Niederlage in Fechenheim nutzte die FG Seckbach ihre Chancen gegen den Abstiegskonkurrenten SV Gronau besser und siegte am Ende auch in der H\u00f6he verdient mit 6:0, beste Chancen, den Abstiegsrelegationsplatz noch zu verlassen.<\/h4>\n<figure id=\"attachment_18050\" aria-describedby=\"caption-attachment-18050\" style=\"width: 2016px\" class=\"wp-caption alignnone\"><img loading=\"lazy\" decoding=\"async\" class=\"wp-image-18050 size-full\" src=\"http:\/\/insideamateurfussball-ffm.de\/wp-content\/uploads\/2024\/04\/seckbachgronau09.jpg\" alt=\"\" width=\"2016\" height=\"1512\" srcset=\"https:\/\/insideamateurfussball-ffm.de\/wp-content\/uploads\/2024\/04\/seckbachgronau09.jpg 2016w, https:\/\/insideamateurfussball-ffm.de\/wp-content\/uploads\/2024\/04\/seckbachgronau09-300x225.jpg 300w, https:\/\/insideamateurfussball-ffm.de\/wp-content\/uploads\/2024\/04\/seckbachgronau09-1024x768.jpg 1024w, https:\/\/insideamateurfussball-ffm.de\/wp-content\/uploads\/2024\/04\/seckbachgronau09-768x576.jpg 768w, https:\/\/insideamateurfussball-ffm.de\/wp-content\/uploads\/2024\/04\/seckbachgronau09-1536x1152.jpg 1536w\" sizes=\"auto, (max-width: 2016px) 100vw, 2016px\" \/><figcaption id=\"caption-attachment-18050\" class=\"wp-caption-text\">Nach dem Sieg schw\u00f6rt Spielertrainer Manuel May die Spieler auf die kommenden Aufgaben ein. Foto: MZ<\/figcaption><\/figure>\n<h4>FG Seckbach &#8211; SV Gronau 6:0 (1:0)<\/h4>\n<p><img loading=\"lazy\" decoding=\"async\" class=\"alignnone size-full wp-image-544\" src=\"http:\/\/insideamateurfussball-ffm.de\/wp-content\/uploads\/2022\/06\/Seckbach.jpg\" alt=\"\" width=\"80\" height=\"80\" \/><img loading=\"lazy\" decoding=\"async\" class=\"alignnone size-full wp-image-699\" src=\"http:\/\/insideamateurfussball-ffm.de\/wp-content\/uploads\/2022\/06\/Gronau.jpg\" alt=\"\" width=\"80\" height=\"80\" \/><\/p>\n<p>F\u00fcr die FG Seckbach stand viel auf dem Spiel, wollte man den Abstand zum gesicherten 12.Platz verk\u00fcrzen, und zu Gast war mit dem SV Gronau eine Mannschaft, die mit 122 Gegentoren die schlechteste Abwehr aufwies und kurz vor dem Abstieg steht. Aber auch wenn am Ende ein klarer Sieg zu Buche steht, war es doch kein leichtes Unterfangen. Die Gronauer zogen sich oft mit 11 Mann tief in die eigene H\u00e4lfte zur\u00fcck, was es den Seckbachern schwierig machte, eine L\u00fccke zu finden. Viel zu oft versuchte man es durch die Mitte, was nicht von Erfolg gekr\u00f6nt war. In der 14.Minute versuchte es Spielertrainer Manuel May mit einem Distanzschuss, der aber nur den Pfosten traf. Dir Gronauer versuchten es oft mit ihrem schnellen Rechtsau\u00dfen, Nadelstiche zu setzen, in der 19.Minute scheiterte Armin Denck mit einem Freisto\u00df aus 20 Metern an FG-Torwart Ben Kay Schaefer, der den Ball zur Ecke lenken konnte.<\/p>\n<p>In der 23.Minute dann die Erl\u00f6sung, nach einer Flanke von links konnte Benedict Linzenmeier den Ball freistehend zum 1:0 eink\u00f6pfen. Dies brachte aber nicht die erhoffte Sicherheit, und wer wei\u00df, wie das Spiel gelaufen w\u00e4re, h\u00e4tte Armin Denck einen Heber \u00fcber die Seckbacher Abwehr nicht an den Pfosten verl\u00e4ngert. So blieb es bis zur Halbzeit beim 1:0.<\/p>\n<p>Die zweite Halbzeit begann mit einem Torwartwechsel beim SV Gronau, Maurice Gruchot, der nach einem Zusammenprall in der ersten Halbzeit mit einem Seckbacher Spieler kurz benommen war und behandelt werden musste, wurde ersetzt durch Ahmed Selimovic. Eine Viertelstunde lang tat sich nicht viel, die Gronauer wurden etwas offensiver, die Seckbacher fanden weiterhin kein Mittel in der Offensive. In der 60.Minute dann das 2:0, nach einem Steckpass kam Goalgetter Florian Schuberth frei vor dem Tor zum Schuss. Er lie\u00df sich die Chance nicht entgehen und erzielte souver\u00e4n das Tor. Zwei Minuten sp\u00e4ter die gro\u00dfe Chance zum 3:0, aber sowohl Maximilian Waas als auch nachfolgend Schuberth scheiterten am Gronauer Schlussmann. In der 70.Minute dann die endg\u00fcltige Entscheidung, nach einem Flankenlauf auf rechts landete der Ball am langen Pfosten, wo Benedict Linzenmeier den Ball nur noch einschieben musste.<\/p>\n<p>Die Gronauer zerfielen jetzt in ihre Einzelteile, die Abwehr war sehr l\u00fcckenhaft und die Seckbacher kamen zu weiteren Chancen und Toren. In der 75. Minute fand Yannick Siering eine L\u00fccke und marschierte durch die Mitte auf das Tor zu, umkurvte en Torwart und erzielte das 4:0. dabei verletzte sich Torwart Selimovic und musste durch einen Feldspieler ersetzt werden, Tim Hohn h\u00fctete ab dem Zeitpunkt das Tor der Gronauer und machte seine Sache sehr gut. Aber auch er konnte die beiden Tore von Florian Schuberth in der 84. und 90.Minute nicht verhindern, bei dem der Goalgetter nach guten Hereingaben den Ball nur noch ins Tor einschieben musste. Damit erh\u00f6hte der Torj\u00e4ger sein Konto in dieser Saison auf 28.<\/p>\n<p>Spielertrainer Manuel May war nach dem 6:0 zufrieden: \u201eschwere Kost f\u00fcr die Zuschauer allgemein, wir haben Schwierigkeiten gehabt, irgendwie durchzukommen, der Gegner hat sehr tief gestanden, wir haben teilweise sehr schlampig gespielt. Und auch nach dem 1:0 gar nicht so die Befreiung gehabt, und haben Gl\u00fcck, dass es nicht 1:1 steht. Als wir dann das 2:0 und das 3:0 gemacht haben, war das Spiel durch, haben dann noch drei Tore gemacht, aber wichtig sind die 3 Punkte. Es ist ganz egal wie, wir haben nicht unser bestes Spiel gemacht, wir haben aber unsere drei Punkte, die wir wollten. Irgendwie Pflichtaufgabe erf\u00fcllt, jetzt haben wir wieder ein direktes Duell gegen K\u00f6nigstein, das wird ein ganz anderes Spiel.\u201c<\/p>\n<p>Am n\u00e4chsten Wochenende haben die Seckbacher dann beim 1.FC-TSG K\u00f6nigstein, der nur einen Punkt vor den Seckbachern liegt, die Chance, den Gegner zu \u00fcberfl\u00fcgeln und den 13.Tabellenplatz, derzeit Abstiegs-Relegationsplatz, zu verlassen.<\/p>\n<h4>Schiedsrichter: Joshua Inring (TSV Altheim). Zuschauer: 100.<\/h4>\n<h4>Tore: 1:0 Benedict Linzenmeier (23.), 2:0 Florian Schuberth (60.), 3:0 Benedict Linzenmeier (69.), 4:0 Yannick Siering (75.), 5:0 Florian Schuberth (84.), 6:0 Florian Schuberth (90.)<\/h4>\n<blockquote>\n<h4>Der Verfasser des Berichts hat auch einige fotographische Impressionen eingesammelt.<\/h4>\n<\/blockquote>\n\n\n<figure class=\"wp-block-image size-large\"><img loading=\"lazy\" decoding=\"async\" width=\"1024\" height=\"768\" src=\"http:\/\/insideamateurfussball-ffm.de\/wp-content\/uploads\/2024\/04\/seckbachgronau00-1024x768.jpg\" alt=\"\" class=\"wp-image-18041\" srcset=\"https:\/\/insideamateurfussball-ffm.de\/wp-content\/uploads\/2024\/04\/seckbachgronau00-1024x768.jpg 1024w, https:\/\/insideamateurfussball-ffm.de\/wp-content\/uploads\/2024\/04\/seckbachgronau00-300x225.jpg 300w, https:\/\/insideamateurfussball-ffm.de\/wp-content\/uploads\/2024\/04\/seckbachgronau00-768x576.jpg 768w, https:\/\/insideamateurfussball-ffm.de\/wp-content\/uploads\/2024\/04\/seckbachgronau00-1536x1152.jpg 1536w, https:\/\/insideamateurfussball-ffm.de\/wp-content\/uploads\/2024\/04\/seckbachgronau00.jpg 2016w\" sizes=\"auto, (max-width: 1024px) 100vw, 1024px\" \/><\/figure>\n\n\n\n<figure class=\"wp-block-image size-large\"><img loading=\"lazy\" decoding=\"async\" width=\"1024\" height=\"768\" src=\"http:\/\/insideamateurfussball-ffm.de\/wp-content\/uploads\/2024\/04\/seckbachgronau01-1024x768.jpg\" alt=\"\" class=\"wp-image-18042\" srcset=\"https:\/\/insideamateurfussball-ffm.de\/wp-content\/uploads\/2024\/04\/seckbachgronau01-1024x768.jpg 1024w, https:\/\/insideamateurfussball-ffm.de\/wp-content\/uploads\/2024\/04\/seckbachgronau01-300x225.jpg 300w, https:\/\/insideamateurfussball-ffm.de\/wp-content\/uploads\/2024\/04\/seckbachgronau01-768x576.jpg 768w, https:\/\/insideamateurfussball-ffm.de\/wp-content\/uploads\/2024\/04\/seckbachgronau01-1536x1152.jpg 1536w, https:\/\/insideamateurfussball-ffm.de\/wp-content\/uploads\/2024\/04\/seckbachgronau01.jpg 2016w\" sizes=\"auto, (max-width: 1024px) 100vw, 1024px\" \/><\/figure>\n\n\n\n<figure class=\"wp-block-image size-large\"><img loading=\"lazy\" decoding=\"async\" width=\"1024\" height=\"768\" src=\"http:\/\/insideamateurfussball-ffm.de\/wp-content\/uploads\/2024\/04\/seckbachgronau02-1024x768.jpg\" alt=\"\" class=\"wp-image-18043\" srcset=\"https:\/\/insideamateurfussball-ffm.de\/wp-content\/uploads\/2024\/04\/seckbachgronau02-1024x768.jpg 1024w, https:\/\/insideamateurfussball-ffm.de\/wp-content\/uploads\/2024\/04\/seckbachgronau02-300x225.jpg 300w, https:\/\/insideamateurfussball-ffm.de\/wp-content\/uploads\/2024\/04\/seckbachgronau02-768x576.jpg 768w, https:\/\/insideamateurfussball-ffm.de\/wp-content\/uploads\/2024\/04\/seckbachgronau02-1536x1152.jpg 1536w, https:\/\/insideamateurfussball-ffm.de\/wp-content\/uploads\/2024\/04\/seckbachgronau02.jpg 2016w\" sizes=\"auto, (max-width: 1024px) 100vw, 1024px\" \/><\/figure>\n\n\n\n<figure class=\"wp-block-image size-large\"><img loading=\"lazy\" decoding=\"async\" width=\"1024\" height=\"768\" src=\"http:\/\/insideamateurfussball-ffm.de\/wp-content\/uploads\/2024\/04\/seckbachgronau03-1024x768.jpg\" alt=\"\" class=\"wp-image-18044\" srcset=\"https:\/\/insideamateurfussball-ffm.de\/wp-content\/uploads\/2024\/04\/seckbachgronau03-1024x768.jpg 1024w, https:\/\/insideamateurfussball-ffm.de\/wp-content\/uploads\/2024\/04\/seckbachgronau03-300x225.jpg 300w, https:\/\/insideamateurfussball-ffm.de\/wp-content\/uploads\/2024\/04\/seckbachgronau03-768x576.jpg 768w, https:\/\/insideamateurfussball-ffm.de\/wp-content\/uploads\/2024\/04\/seckbachgronau03-1536x1152.jpg 1536w, https:\/\/insideamateurfussball-ffm.de\/wp-content\/uploads\/2024\/04\/seckbachgronau03.jpg 2016w\" sizes=\"auto, (max-width: 1024px) 100vw, 1024px\" \/><\/figure>\n\n\n\n<figure class=\"wp-block-image size-large\"><img loading=\"lazy\" decoding=\"async\" width=\"1024\" height=\"768\" src=\"http:\/\/insideamateurfussball-ffm.de\/wp-content\/uploads\/2024\/04\/seckbachgronau04-1024x768.jpg\" alt=\"\" class=\"wp-image-18045\" srcset=\"https:\/\/insideamateurfussball-ffm.de\/wp-content\/uploads\/2024\/04\/seckbachgronau04-1024x768.jpg 1024w, https:\/\/insideamateurfussball-ffm.de\/wp-content\/uploads\/2024\/04\/seckbachgronau04-300x225.jpg 300w, https:\/\/insideamateurfussball-ffm.de\/wp-content\/uploads\/2024\/04\/seckbachgronau04-768x576.jpg 768w, https:\/\/insideamateurfussball-ffm.de\/wp-content\/uploads\/2024\/04\/seckbachgronau04-1536x1152.jpg 1536w, https:\/\/insideamateurfussball-ffm.de\/wp-content\/uploads\/2024\/04\/seckbachgronau04.jpg 2016w\" sizes=\"auto, (max-width: 1024px) 100vw, 1024px\" \/><\/figure>\n\n\n\n<figure class=\"wp-block-image size-large\"><img loading=\"lazy\" decoding=\"async\" width=\"1024\" height=\"768\" src=\"http:\/\/insideamateurfussball-ffm.de\/wp-content\/uploads\/2024\/04\/seckbachgronau05-1024x768.jpg\" alt=\"\" class=\"wp-image-18046\" srcset=\"https:\/\/insideamateurfussball-ffm.de\/wp-content\/uploads\/2024\/04\/seckbachgronau05-1024x768.jpg 1024w, https:\/\/insideamateurfussball-ffm.de\/wp-content\/uploads\/2024\/04\/seckbachgronau05-300x225.jpg 300w, https:\/\/insideamateurfussball-ffm.de\/wp-content\/uploads\/2024\/04\/seckbachgronau05-768x576.jpg 768w, https:\/\/insideamateurfussball-ffm.de\/wp-content\/uploads\/2024\/04\/seckbachgronau05-1536x1152.jpg 1536w, https:\/\/insideamateurfussball-ffm.de\/wp-content\/uploads\/2024\/04\/seckbachgronau05.jpg 2016w\" sizes=\"auto, (max-width: 1024px) 100vw, 1024px\" \/><\/figure>\n\n\n\n<figure class=\"wp-block-image size-large\"><img loading=\"lazy\" decoding=\"async\" width=\"1024\" height=\"768\" src=\"http:\/\/insideamateurfussball-ffm.de\/wp-content\/uploads\/2024\/04\/seckbachgronau06-1024x768.jpg\" alt=\"\" class=\"wp-image-18047\" srcset=\"https:\/\/insideamateurfussball-ffm.de\/wp-content\/uploads\/2024\/04\/seckbachgronau06-1024x768.jpg 1024w, https:\/\/insideamateurfussball-ffm.de\/wp-content\/uploads\/2024\/04\/seckbachgronau06-300x225.jpg 300w, https:\/\/insideamateurfussball-ffm.de\/wp-content\/uploads\/2024\/04\/seckbachgronau06-768x576.jpg 768w, https:\/\/insideamateurfussball-ffm.de\/wp-content\/uploads\/2024\/04\/seckbachgronau06-1536x1152.jpg 1536w, https:\/\/insideamateurfussball-ffm.de\/wp-content\/uploads\/2024\/04\/seckbachgronau06.jpg 2016w\" sizes=\"auto, (max-width: 1024px) 100vw, 1024px\" \/><\/figure>\n\n\n\n<figure class=\"wp-block-image size-large\"><img loading=\"lazy\" decoding=\"async\" width=\"1024\" height=\"768\" src=\"http:\/\/insideamateurfussball-ffm.de\/wp-content\/uploads\/2024\/04\/seckbachgronau07-1024x768.jpg\" alt=\"\" class=\"wp-image-18048\" srcset=\"https:\/\/insideamateurfussball-ffm.de\/wp-content\/uploads\/2024\/04\/seckbachgronau07-1024x768.jpg 1024w, https:\/\/insideamateurfussball-ffm.de\/wp-content\/uploads\/2024\/04\/seckbachgronau07-300x225.jpg 300w, https:\/\/insideamateurfussball-ffm.de\/wp-content\/uploads\/2024\/04\/seckbachgronau07-768x576.jpg 768w, https:\/\/insideamateurfussball-ffm.de\/wp-content\/uploads\/2024\/04\/seckbachgronau07-1536x1152.jpg 1536w, https:\/\/insideamateurfussball-ffm.de\/wp-content\/uploads\/2024\/04\/seckbachgronau07.jpg 2016w\" sizes=\"auto, (max-width: 1024px) 100vw, 1024px\" \/><\/figure>\n\n\n\n<figure class=\"wp-block-image size-large\"><img loading=\"lazy\" decoding=\"async\" width=\"1024\" height=\"768\" src=\"http:\/\/insideamateurfussball-ffm.de\/wp-content\/uploads\/2024\/04\/seckbachgronau08-1024x768.jpg\" alt=\"\" class=\"wp-image-18049\" srcset=\"https:\/\/insideamateurfussball-ffm.de\/wp-content\/uploads\/2024\/04\/seckbachgronau08-1024x768.jpg 1024w, https:\/\/insideamateurfussball-ffm.de\/wp-content\/uploads\/2024\/04\/seckbachgronau08-300x225.jpg 300w, https:\/\/insideamateurfussball-ffm.de\/wp-content\/uploads\/2024\/04\/seckbachgronau08-768x576.jpg 768w, https:\/\/insideamateurfussball-ffm.de\/wp-content\/uploads\/2024\/04\/seckbachgronau08-1536x1152.jpg 1536w, https:\/\/insideamateurfussball-ffm.de\/wp-content\/uploads\/2024\/04\/seckbachgronau08.jpg 2016w\" sizes=\"auto, (max-width: 1024px) 100vw, 1024px\" \/><\/figure>\n","protected":false},"excerpt":{"rendered":"<p>Nach der ungl\u00fccklichen Niederlage in Fechenheim nutzte die FG Seckbach ihre Chancen gegen den Abstiegskonkurrenten SV Gronau besser und siegte am Ende auch in der H\u00f6he verdient mit 6:0, beste Chancen, den Abstiegsrelegationsplatz noch zu verlassen. FG Seckbach &#8211; SV Gronau 6:0 (1:0) F\u00fcr die FG Seckbach stand viel auf dem Spiel, wollte man den [&hellip;]<\/p>\n","protected":false},"author":3,"featured_media":18050,"comment_status":"open","ping_status":"open","sticky":true,"template":"","format":"standard","meta":{"footnotes":""},"categories":[13],"tags":[],"class_list":["post-18040","post","type-post","status-publish","format-standard","has-post-thumbnail","hentry","category-gruppenliga-frankfurt-west"],"_links":{"self":[{"href":"https:\/\/insideamateurfussball-ffm.de\/index.php?rest_route=\/wp\/v2\/posts\/18040","targetHints":{"allow":["GET"]}}],"collection":[{"href":"https:\/\/insideamateurfussball-ffm.de\/index.php?rest_route=\/wp\/v2\/posts"}],"about":[{"href":"https:\/\/insideamateurfussball-ffm.de\/index.php?rest_route=\/wp\/v2\/types\/post"}],"author":[{"embeddable":true,"href":"https:\/\/insideamateurfussball-ffm.de\/index.php?rest_route=\/wp\/v2\/users\/3"}],"replies":[{"embeddable":true,"href":"https:\/\/insideamateurfussball-ffm.de\/index.php?rest_route=%2Fwp%2Fv2%2Fcomments&post=18040"}],"version-history":[{"count":3,"href":"https:\/\/insideamateurfussball-ffm.de\/index.php?rest_route=\/wp\/v2\/posts\/18040\/revisions"}],"predecessor-version":[{"id":18053,"href":"https:\/\/insideamateurfussball-ffm.de\/index.php?rest_route=\/wp\/v2\/posts\/18040\/revisions\/18053"}],"wp:featuredmedia":[{"embeddable":true,"href":"https:\/\/insideamateurfussball-ffm.de\/index.php?rest_route=\/wp\/v2\/media\/18050"}],"wp:attachment":[{"href":"https:\/\/insideamateurfussball-ffm.de\/index.php?rest_route=%2Fwp%2Fv2%2Fmedia&parent=18040"}],"wp:term":[{"taxonomy":"category","embeddable":true,"href":"https:\/\/insideamateurfussball-ffm.de\/index.php?rest_route=%2Fwp%2Fv2%2Fcategories&post=18040"},{"taxonomy":"post_tag","embeddable":true,"href":"https:\/\/insideamateurfussball-ffm.de\/index.php?rest_route=%2Fwp%2Fv2%2Ftags&post=18040"}],"curies":[{"name":"wp","href":"https:\/\/api.w.org\/{rel}","templated":true}]}}