{"id":18036,"date":"2024-04-15T16:37:50","date_gmt":"2024-04-15T14:37:50","guid":{"rendered":"https:\/\/insideamateurfussball-ffm.de\/?p=18036"},"modified":"2024-04-15T16:37:50","modified_gmt":"2024-04-15T14:37:50","slug":"kalbach-untermauert-aufstiegs-ambitionen","status":"publish","type":"post","link":"https:\/\/insideamateurfussball-ffm.de\/?p=18036","title":{"rendered":"Kalbach untermauert Aufstiegs-Ambitionen"},"content":{"rendered":"<h4>Der FC Kalbach hat nach dem siebten Sieg in Folge mit dem 3:0 gegen den 1.FC-TSG K\u00f6nigstein weiterhin Aufstiegshoffnungen, zumal die Konkurrenten aus Neu-Anspach und dem SKV Beienheim Punkte verloren haben.<\/h4>\n<figure id=\"attachment_18037\" aria-describedby=\"caption-attachment-18037\" style=\"width: 2016px\" class=\"wp-caption alignnone\"><img loading=\"lazy\" decoding=\"async\" class=\"wp-image-18037 size-full\" src=\"http:\/\/insideamateurfussball-ffm.de\/wp-content\/uploads\/2024\/04\/kalbachfechenheim16.jpg\" alt=\"\" width=\"2016\" height=\"1512\" srcset=\"https:\/\/insideamateurfussball-ffm.de\/wp-content\/uploads\/2024\/04\/kalbachfechenheim16.jpg 2016w, https:\/\/insideamateurfussball-ffm.de\/wp-content\/uploads\/2024\/04\/kalbachfechenheim16-300x225.jpg 300w, https:\/\/insideamateurfussball-ffm.de\/wp-content\/uploads\/2024\/04\/kalbachfechenheim16-1024x768.jpg 1024w, https:\/\/insideamateurfussball-ffm.de\/wp-content\/uploads\/2024\/04\/kalbachfechenheim16-768x576.jpg 768w, https:\/\/insideamateurfussball-ffm.de\/wp-content\/uploads\/2024\/04\/kalbachfechenheim16-1536x1152.jpg 1536w\" sizes=\"auto, (max-width: 2016px) 100vw, 2016px\" \/><figcaption id=\"caption-attachment-18037\" class=\"wp-caption-text\">F\u00fcr die Kalbacher Mannschaft (hier vor dem Spiel gegen Fechenheim) kann weiter vom Aufstieg tr\u00e4umen. Foto: Archiv MZ<\/figcaption><\/figure>\n<h4>FC Kalbach &#8211; 1.FC-TSG K\u00f6nigstein 3:0 (0;0)<\/h4>\n<p><img loading=\"lazy\" decoding=\"async\" class=\"alignnone size-full wp-image-16\" src=\"http:\/\/insideamateurfussball-ffm.de\/wp-content\/uploads\/2021\/11\/kalbach-wappen.jpg\" alt=\"\" width=\"80\" height=\"80\" \/><img loading=\"lazy\" decoding=\"async\" class=\"alignnone size-full wp-image-1396\" src=\"http:\/\/insideamateurfussball-ffm.de\/wp-content\/uploads\/2022\/07\/koenigstein.png\" alt=\"\" width=\"80\" height=\"72\" \/><\/p>\n<p>Der FC Kalbach kann weiter vom Aufstieg tr\u00e4umen. Da Neu-Anspach sein Heimspiel verlor und der SKV Beienheim nur zu einem Remis kam, verk\u00fcrzten die Kalbacher durch ihren Sieg den Abstand an der Tabellenspitze auf neu-Anspach auf vier Punkte, zum Relegationsplatz, den derzeit der SKV Beienheim belegt, ist es nur noch ein Punkt, das direkte Duell mit Beienheim haben die Kalbacher allerdings verloren.<\/p>\n<p>Doch es war ein schweres St\u00fcck Arbeit, ehe der Sieg gegen den 1.FC-TSG K\u00f6nigstein, der seinerseits noch gegen den Abstiegs-Relegationsplatz k\u00e4mpft, feststand. In der ersten Halbzeit war es nach den Aussagen von Manfred Meyer, Mitglied der Sportlichen Leitung des FC Kalbach, ein \u201ez\u00e4hes Spiel mit wenigen H\u00f6hepunkten\u201c. \u201eMan merkt, dass es an der Spitze enger wird, das setzt sich auch im Kopf fest\u201c, so Meyer zur Ausgangssituation.<\/p>\n<p>Aber die Kalbacher haben ja noch eine zweite Halbzeit, wie vor zwei Wochen gegen Fechenheim wurden sie in nach der Pause st\u00e4rker und verdienten sich zum Schluss auch den Sieg. Ricardo Harrabi, nach den Worten von Meyer \u201eDreh- und Angelpunkt des Kalbacher Spiels\u201c, war es vorbehalten, in der 51.Minute das 1:0 f\u00fcr den Aufstiegsaspiranten zu erzielen. Und nach einem Lupfer von Harrabi \u00fcber die gegnerische Abwehr nahm Achraf Gara Ali den Ball per Dropkick und nagelte ihn in er 77.Minute in die Maschen. Auch der Schlusspunkt in der 90.Minute war dem Toptorj\u00e4ger der Kalbacher vorbehalten, mit dem 3:0 stellte Achraf Gara Ali sein Torkonto f\u00fcr diese Saison auf 40.<\/p>\n<p>Am n\u00e4chsten Sonntag muss der FC Kalbach zum Derby zur Spvgg. 05 Oberrad, auf die man knapp zwei Wochen sp\u00e4ter im Halbfinale des Kreispokals erneut treffen k\u00f6nnte, sollten die Oberr\u00e4der am Mittwoch ihr Viertelfinale gegen den FC Kosova gewinnen.<\/p>\n<h4>Schiedsrichterin: Julia D\u00f6rr (TSV Wolfskehlen). Zuschauer: 60.<\/h4>\n<h4>Tore: 1:0 Ricardo Harrabi (51.), 2:0 Achraf Gara Ali (77.), 3:0 Achraf Gara Ali (90.)<\/h4>\n","protected":false},"excerpt":{"rendered":"<p>Der FC Kalbach hat nach dem siebten Sieg in Folge mit dem 3:0 gegen den 1.FC-TSG K\u00f6nigstein weiterhin Aufstiegshoffnungen, zumal die Konkurrenten aus Neu-Anspach und dem SKV Beienheim Punkte verloren haben. FC Kalbach &#8211; 1.FC-TSG K\u00f6nigstein 3:0 (0;0) Der FC Kalbach kann weiter vom Aufstieg tr\u00e4umen. Da Neu-Anspach sein Heimspiel verlor und der SKV Beienheim [&hellip;]<\/p>\n","protected":false},"author":3,"featured_media":18037,"comment_status":"open","ping_status":"open","sticky":true,"template":"","format":"standard","meta":{"footnotes":""},"categories":[13],"tags":[],"class_list":["post-18036","post","type-post","status-publish","format-standard","has-post-thumbnail","hentry","category-gruppenliga-frankfurt-west"],"_links":{"self":[{"href":"https:\/\/insideamateurfussball-ffm.de\/index.php?rest_route=\/wp\/v2\/posts\/18036","targetHints":{"allow":["GET"]}}],"collection":[{"href":"https:\/\/insideamateurfussball-ffm.de\/index.php?rest_route=\/wp\/v2\/posts"}],"about":[{"href":"https:\/\/insideamateurfussball-ffm.de\/index.php?rest_route=\/wp\/v2\/types\/post"}],"author":[{"embeddable":true,"href":"https:\/\/insideamateurfussball-ffm.de\/index.php?rest_route=\/wp\/v2\/users\/3"}],"replies":[{"embeddable":true,"href":"https:\/\/insideamateurfussball-ffm.de\/index.php?rest_route=%2Fwp%2Fv2%2Fcomments&post=18036"}],"version-history":[{"count":2,"href":"https:\/\/insideamateurfussball-ffm.de\/index.php?rest_route=\/wp\/v2\/posts\/18036\/revisions"}],"predecessor-version":[{"id":18039,"href":"https:\/\/insideamateurfussball-ffm.de\/index.php?rest_route=\/wp\/v2\/posts\/18036\/revisions\/18039"}],"wp:featuredmedia":[{"embeddable":true,"href":"https:\/\/insideamateurfussball-ffm.de\/index.php?rest_route=\/wp\/v2\/media\/18037"}],"wp:attachment":[{"href":"https:\/\/insideamateurfussball-ffm.de\/index.php?rest_route=%2Fwp%2Fv2%2Fmedia&parent=18036"}],"wp:term":[{"taxonomy":"category","embeddable":true,"href":"https:\/\/insideamateurfussball-ffm.de\/index.php?rest_route=%2Fwp%2Fv2%2Fcategories&post=18036"},{"taxonomy":"post_tag","embeddable":true,"href":"https:\/\/insideamateurfussball-ffm.de\/index.php?rest_route=%2Fwp%2Fv2%2Ftags&post=18036"}],"curies":[{"name":"wp","href":"https:\/\/api.w.org\/{rel}","templated":true}]}}